{"id":7258,"date":"2020-06-01T20:50:57","date_gmt":"2020-06-01T18:50:57","guid":{"rendered":"http:\/\/www.franciszek-walcz.pl\/?p=7258"},"modified":"2025-07-05T15:32:59","modified_gmt":"2025-07-05T13:32:59","slug":"zapowiedzi-przedslubne-2","status":"publish","type":"post","link":"http:\/\/www.franciszek-walcz.pl\/?p=7258","title":{"rendered":"ZAPOWIEDZI PRZED\u015aLUBNE"},"content":{"rendered":"<p class=\"western\"><span style=\"font-size: large;\">1. Krzysztof Michalik , stan cywilny &#8211; wolny\u00a0<\/span><span style=\"font-size: large;\">Wa\u0142cz , Par. loco<\/span><\/p>\n<p><span style=\"font-size: large;\">2. Izabela Bylewska <\/span><span style=\"font-size: large;\">, stan cywilny &#8211; wolny\u00a0<\/span><span style=\"font-size: large;\">parafia p.w. \u015bw. Antoniego w Wa\u0142czu<\/span><\/p>\n<p class=\"western\" align=\"justify\"><span style=\"font-size: large;\">Dnia 05.07 . 2025 r.<\/span><\/p>\n<hr \/>\n<hr \/>\n<p class=\"western\" style=\"text-align: right;\"><span style=\"font-size: large;\">Proboszcz Parafii Wojskowej<\/span><\/p>\n<p class=\"western\" align=\"right\"><span style=\"font-size: large;\"> Ks. pp\u0142k Witold KUREK<\/span><\/p>\n","protected":false},"excerpt":{"rendered":"<p>1. Krzysztof Michalik , stan cywilny &#8211; wolny\u00a0Wa\u0142cz , Par. loco 2. Izabela Bylewska , stan cywilny &#8211; wolny\u00a0parafia p.w. \u015bw. Antoniego w Wa\u0142czu Dnia 05.07 . 2025 r. Proboszcz Parafii Wojskowej Ks. pp\u0142k Witold KUREK<\/p>\n","protected":false},"author":1,"featured_media":0,"comment_status":"closed","ping_status":"open","sticky":false,"template":"","format":"standard","meta":{"footnotes":""},"categories":[1],"tags":[],"class_list":{"0":"post-7258","1":"post","2":"type-post","3":"status-publish","4":"format-standard","6":"category-uncategorized"},"brizy_media":[],"_links":{"self":[{"href":"http:\/\/www.franciszek-walcz.pl\/index.php?rest_route=\/wp\/v2\/posts\/7258","targetHints":{"allow":["GET"]}}],"collection":[{"href":"http:\/\/www.franciszek-walcz.pl\/index.php?rest_route=\/wp\/v2\/posts"}],"about":[{"href":"http:\/\/www.franciszek-walcz.pl\/index.php?rest_route=\/wp\/v2\/types\/post"}],"author":[{"embeddable":true,"href":"http:\/\/www.franciszek-walcz.pl\/index.php?rest_route=\/wp\/v2\/users\/1"}],"replies":[{"embeddable":true,"href":"http:\/\/www.franciszek-walcz.pl\/index.php?rest_route=%2Fwp%2Fv2%2Fcomments&post=7258"}],"version-history":[{"count":36,"href":"http:\/\/www.franciszek-walcz.pl\/index.php?rest_route=\/wp\/v2\/posts\/7258\/revisions"}],"predecessor-version":[{"id":28853,"href":"http:\/\/www.franciszek-walcz.pl\/index.php?rest_route=\/wp\/v2\/posts\/7258\/revisions\/28853"}],"wp:attachment":[{"href":"http:\/\/www.franciszek-walcz.pl\/index.php?rest_route=%2Fwp%2Fv2%2Fmedia&parent=7258"}],"wp:term":[{"taxonomy":"category","embeddable":true,"href":"http:\/\/www.franciszek-walcz.pl\/index.php?rest_route=%2Fwp%2Fv2%2Fcategories&post=7258"},{"taxonomy":"post_tag","embeddable":true,"href":"http:\/\/www.franciszek-walcz.pl\/index.php?rest_route=%2Fwp%2Fv2%2Ftags&post=7258"}],"curies":[{"name":"wp","href":"https:\/\/api.w.org\/{rel}","templated":true}]}}