{"id":742,"date":"2017-05-02T14:22:58","date_gmt":"2017-05-02T12:22:58","guid":{"rendered":"http:\/\/www.franciszek-walcz.pl\/?p=742"},"modified":"2017-05-02T14:22:58","modified_gmt":"2017-05-02T12:22:58","slug":"uroczystosc-najswietszej-maryi-panny-krolowej-polski","status":"publish","type":"post","link":"http:\/\/www.franciszek-walcz.pl\/?p=742","title":{"rendered":"Uroczysto\u015b\u0107 Naj\u015bwi\u0119tszej Maryi Panny, Kr\u00f3lowej Polski"},"content":{"rendered":"<p><img loading=\"lazy\" decoding=\"async\" class=\"size-medium wp-image-743 alignleft\" src=\"http:\/\/www.franciszek-walcz.pl\/wp-content\/uploads\/2017\/05\/foto1-300x143.jpg\" alt=\"\" width=\"300\" height=\"143\" \/>Jezus rzek\u0142 do Matki: \u201eNiewiasto, oto syn Tw\u00f3j\u201d. Nast\u0119pnie rzek\u0142 do ucznia: \u201eOto Matka twoja\u201d. I od tej godziny ucze\u0144 wzi\u0105\u0142 J\u0105 do siebie.<\/p>\n<p>Maria Konopnicka, polska poeta \u017cyj\u0105ca na prze\u0142omie XIX i XX wieku, w czasach, gdy naszej Ojczyzny nie by\u0142o na oficjalnej mapie Europy, napisa\u0142a ku pokrzepieniu serc Polak\u00f3w takie oto s\u0142owa o Matce Bo\u017cej:<\/p>\n<p>\u201eNigdym ja ciebie, ludu, nie rzuci\u0142a.<\/p>\n<p>Nigdym od ciebie nie odj\u0119\u0142a lica.<\/p>\n<p>Jam po dawnemu, moc twoja i si\u0142a, Bogurodzica!\u201d<\/p>\n<p>Dzisiejszy dzie\u0144 w naszej polskiej tradycji narodowej, obok rocznicy uchwalenia przez Sejm Czteroletni Konstytucji Trzeciego Maja, jest r\u00f3wnie\u017c \u2013 a dla nas katolik\u00f3w przede wszystkim \u2013 prze\u017cywany w atmosferze Uroczysto\u015bci Naj\u015bwi\u0119tszej Maryi Panny, Kr\u00f3lowej Polski. To w\u0142a\u015bnie Niepokalanej Matce Ko\u015bcio\u0142a Polacy zawdzi\u0119czaj\u0105 cudown\u0105 obron\u0119 Jasnej G\u00f3ry i Polski podczas najazdu Szwed\u00f3w. I na pami\u0105tk\u0119 tego w\u0142a\u015bnie wydarzenia kr\u00f3l Jan Kazimierz postanowi\u0142 ca\u0142y nasz kraj odda\u0107 pod opiek\u0119 Matki Bo\u017cej, aby Ona dla ka\u017cdego z nas by\u0142a szczeg\u00f3ln\u0105 kr\u00f3low\u0105.<\/p>\n<p>Kr\u00f3lewsko\u015b\u0107 Matki Naj\u015bwi\u0119tszej potwierdza Pismo \u015awi\u0119te. Mo\u017ce nie bezpo\u015brednio, ale po\u015brednio ludzie Ko\u015bcio\u0142a maj\u0105 prawo do tego, aby w dzisiejszym pierwszym czytaniu w owej \u201eNiewie\u015bcie obleczonej w s\u0142o\u0144ce\u201d wiedzie\u0107 sam\u0105 Maryj\u0119. Pewnie, \u017ce autor Apokalipsy zapisuj\u0105c z natchnienia Ducha \u015awi\u0119tego ten tekst, chcia\u0142 ukaza\u0107 ludziom przede wszystkim obraz przysz\u0142ego Ko\u015bcio\u0142a, Ko\u015bcio\u0142a naszych czas\u00f3w. Ale z uwagi na fakt, \u017ce mamy prawo do szerszej interpretacji tego tekstu, widzimy w nim r\u00f3wnie\u017c Maryj\u0119.<\/p>\n<p>Niewiasta obleczona w s\u0142o\u0144ce, maj\u0105ca ksi\u0119\u017cyc pod stopami pozwala nam upatrywa\u0107 w sobie symbol zwyci\u0119stwa. S\u0142o\u0144ce zawsze jest synonimem \u015bwiat\u0142a. Ksi\u0119\u017cyc jest zawsze synonimem ciemno\u015bci. Zatem niewiasta maj\u0105ca s\u0142o\u0144ce, a depcz\u0105ca ksi\u0119\u017cyc pozostaje t\u0105, kt\u00f3ra zwyci\u0119\u017ca. Pozostaje kr\u00f3low\u0105. I tak\u0105 kr\u00f3low\u0105 jest Ko\u015bci\u00f3\u0142 \u015bwi\u0119ty, kt\u00f3ry moc\u0105 Chrystusa zwyci\u0119\u017ca grzech, \u015bmier\u0107, szatana. Tak\u0105 kr\u00f3low\u0105 jest r\u00f3wnie\u017c Maryja, kt\u00f3ra jako \u201eNowa Ewa\u201d pragnie naprawi\u0107 to, co ta pierwsza zniszczy\u0142a. Pierwsza Ewa pozwoli\u0142a, aby manipulowa\u0142 ni\u0105 szatan, aby manipulowa\u0142 ni\u0105 z\u0142y duch. Nowa Ewa \u2013 Maryja podepta\u0142a g\u0142ow\u0119 w\u0119\u017ca, czyli diab\u0142a przez fakt, \u017ce zrodzi\u0142a Odkupiciela i dawc\u0119 \u017cycia Jezusa Chrystusa. Jest ona zatem w tym rozumieniu nie tylko wsp\u00f3\u0142odkupicielk\u0105 , ale r\u00f3wnie\u017c kr\u00f3low\u0105, bo uczestniczy w kr\u00f3lestwie swojego Syna \u2013 Jezusa Chrystusa. Mamy zatem prawo \u2013 my Polacy \u2013 zwraca\u0107 si\u0119 do Maryi tytu\u0142em: Kr\u00f3lowo Polski.<\/p>\n","protected":false},"excerpt":{"rendered":"<p>Jezus rzek\u0142 do Matki: \u201eNiewiasto, oto syn Tw\u00f3j\u201d. Nast\u0119pnie rzek\u0142 do ucznia: \u201eOto Matka twoja\u201d. I od tej godziny ucze\u0144 wzi\u0105\u0142 J\u0105 do siebie. Maria Konopnicka, polska poeta \u017cyj\u0105ca na prze\u0142omie XIX i XX wieku, w czasach, gdy naszej Ojczyzny nie by\u0142o na oficjalnej mapie Europy, napisa\u0142a ku pokrzepieniu serc Polak\u00f3w takie oto s\u0142owa o Matce Bo\u017cej: \u201eNigdym ja ciebie, ludu, nie rzuci\u0142a. Nigdym od ciebie nie odj\u0119\u0142a lica. Jam po dawnemu, moc twoja i si\u0142a, Bogurodzica!\u201d Dzisiejszy dzie\u0144 w naszej polskiej tradycji narodowej, obok rocznicy uchwalenia przez Sejm Czteroletni Konstytucji Trzeciego Maja, jest r\u00f3wnie\u017c \u2013 a dla nas katolik\u00f3w przede wszystkim \u2013 prze\u017cywany w atmosferze Uroczysto\u015bci Naj\u015bwi\u0119tszej Maryi Panny, Kr\u00f3lowej Polski. To w\u0142a\u015bnie Niepokalanej Matce Ko\u015bcio\u0142a Polacy zawdzi\u0119czaj\u0105 cudown\u0105 obron\u0119 Jasnej G\u00f3ry i Polski podczas najazdu Szwed\u00f3w. I na pami\u0105tk\u0119 tego w\u0142a\u015bnie wydarzenia kr\u00f3l Jan Kazimierz postanowi\u0142 ca\u0142y nasz kraj odda\u0107 pod opiek\u0119 Matki Bo\u017cej, aby Ona dla ka\u017cdego&hellip;<\/p>\n<p> <a class=\"more-link\" href=\"http:\/\/www.franciszek-walcz.pl\/?p=742\">Czytaj dalej<\/a><\/p>\n","protected":false},"author":1,"featured_media":0,"comment_status":"open","ping_status":"open","sticky":false,"template":"","format":"standard","meta":{"footnotes":""},"categories":[1],"tags":[],"class_list":{"0":"post-742","1":"post","2":"type-post","3":"status-publish","4":"format-standard","6":"category-uncategorized"},"brizy_media":[],"_links":{"self":[{"href":"http:\/\/www.franciszek-walcz.pl\/index.php?rest_route=\/wp\/v2\/posts\/742","targetHints":{"allow":["GET"]}}],"collection":[{"href":"http:\/\/www.franciszek-walcz.pl\/index.php?rest_route=\/wp\/v2\/posts"}],"about":[{"href":"http:\/\/www.franciszek-walcz.pl\/index.php?rest_route=\/wp\/v2\/types\/post"}],"author":[{"embeddable":true,"href":"http:\/\/www.franciszek-walcz.pl\/index.php?rest_route=\/wp\/v2\/users\/1"}],"replies":[{"embeddable":true,"href":"http:\/\/www.franciszek-walcz.pl\/index.php?rest_route=%2Fwp%2Fv2%2Fcomments&post=742"}],"version-history":[{"count":1,"href":"http:\/\/www.franciszek-walcz.pl\/index.php?rest_route=\/wp\/v2\/posts\/742\/revisions"}],"predecessor-version":[{"id":744,"href":"http:\/\/www.franciszek-walcz.pl\/index.php?rest_route=\/wp\/v2\/posts\/742\/revisions\/744"}],"wp:attachment":[{"href":"http:\/\/www.franciszek-walcz.pl\/index.php?rest_route=%2Fwp%2Fv2%2Fmedia&parent=742"}],"wp:term":[{"taxonomy":"category","embeddable":true,"href":"http:\/\/www.franciszek-walcz.pl\/index.php?rest_route=%2Fwp%2Fv2%2Fcategories&post=742"},{"taxonomy":"post_tag","embeddable":true,"href":"http:\/\/www.franciszek-walcz.pl\/index.php?rest_route=%2Fwp%2Fv2%2Ftags&post=742"}],"curies":[{"name":"wp","href":"https:\/\/api.w.org\/{rel}","templated":true}]}}