{"id":7441,"date":"2020-02-29T11:13:16","date_gmt":"2020-02-29T10:13:16","guid":{"rendered":"http:\/\/www.franciszek-walcz.pl\/?p=7441"},"modified":"2020-02-29T11:23:41","modified_gmt":"2020-02-29T10:23:41","slug":"narodowy-dzien-pamieci-zolnierzy-wykletych","status":"publish","type":"post","link":"http:\/\/www.franciszek-walcz.pl\/?p=7441","title":{"rendered":"Narodowy Dzie\u0144 Pami\u0119ci \u017bo\u0142nierzy Wykl\u0119tych"},"content":{"rendered":"<p>\u201e<span style=\"font-family: Times New Roman, serif;\"><span style=\"font-size: medium;\"><b><span style=\"font-size: large;\">Odbior\u0105 mi tylko \u017cycie. A to nie najwa\u017cniejsze.<\/span><\/b><b> <\/b><b><span style=\"font-size: large;\">Ciesz\u0119 si\u0119, \u017ce b\u0119d\u0119 zamordowany jako katolik za wiar\u0119 \u015bwi\u0119t\u0105,<\/span><\/b><b> <\/b><b><span style=\"font-size: large;\">jako Polak za Polsk\u0119 niepodleg\u0142\u0105 i szcz\u0119\u015bliw\u0105,<\/span><\/b><span style=\"font-size: large;\"><b><br \/>\n<\/b><\/span><b><span style=\"font-size: large;\">jako cz\u0142owiek za prawd\u0119 i sprawiedliwo\u015b\u0107. to s\u0142owa grypsu pp\u0142k. \u0141ukasza Ciepli\u0144skiego, kt\u00f3re skierowa\u0142 on do swojego synka Andrzejka. Te s\u0142owa zrealizowa\u0142y si\u0119 1 marca 1951 r., <\/span><\/b><\/span><\/span><\/p>\n<p><span style=\"font-family: Times New Roman, serif;\"><span style=\"font-size: large;\">14 X 1950 r. s\u0105d skaza\u0142 Ciepli\u0144skiego \u201ena pi\u0119ciokrotn\u0105 kar\u0119 \u015bmierci, utrat\u0119 praw publicznych i obywatelskich praw honorowych na zawsze oraz przepadek ca\u0142ego mienia\u201d<\/span><\/span><span style=\"font-family: Times New Roman, serif;\"><span style=\"font-size: large;\">. <\/span><\/span><span style=\"font-family: Times New Roman, serif;\"><span style=\"font-size: large;\">Wyrok na Ciepli\u0144skim wykonano 1 III 1951 r. strza\u0142em w ty\u0142 g\u0142owy .. <\/span><\/span><\/p>\n<p><span style=\"font-family: Times New Roman, serif;\"><span style=\"font-size: medium;\"><span style=\"font-size: large;\">60 lat p\u00f3\u017aniej &#8211; 1\u00a0marca, wybrano na dat\u0119 obchod\u00f3w Narodowego Dnia Pami\u0119ci \u201e\u017bo\u0142nierzy Wykl\u0119tych\u201d. &#8211; \u00a0kim byli \u017bo\u0142nierze Wykl\u0119ci \u2013 byli lud\u017ami nadziei. I to wbrew okoliczno\u015bciom w jakich \u2013 wraz z ca\u0142\u0105 wsp\u00f3lnot\u0105 polskiego narodu \u2013 si\u0119 znale\u017ali. koniec II wojny \u015bwiatowej dla tysi\u0119cy naszych rodak\u00f3w \u2013 ni\u00f3s\u0142 gorycz niespe\u0142nienia.<\/span><\/span><\/span><\/p>\n<p><span style=\"font-family: Times New Roman, serif;\"><span style=\"font-size: medium;\"><span style=\"font-size: large;\">Nie uda\u0142o si\u0119 zrealizowa\u0107 \u017cadnego z polskich cel\u00f3w II wojny \u015bwiatowej, kt\u00f3re has\u0142owo ujmowa\u0142y poj\u0119cia: Wolno\u015b\u0107 \u2013 Ca\u0142o\u015b\u0107 \u2013 Niepodleg\u0142o\u015b\u0107. Wolno\u015bci nie zachowali\u015bmy. Ca\u0142o\u015bci terytorialnej pa\u0144stwa nie ocalili\u015bmy . Niepodleg\u0142o\u015bci nie obronili\u015bmy. Emigracyjna tu\u0142aczk\u0119 rozpocz\u0119li \u017co\u0142nierze polskiej wolno\u015bci, ci spod Monte Cassino, spod Ankony i Bolonii i wielu innych. Walk\u0119 o Polsk\u0119 jutra \u2013 niepodleg\u0142\u0105, woln\u0105 w\u015br\u00f3d wolnych, r\u00f3wn\u0105 w\u015br\u00f3d r\u00f3wnych podj\u0119li \u017co\u0142nierze powojennej niepodleg\u0142o\u015bciowej konspiracji \u2013 \u017bo\u0142nierze Wykl\u0119ci. Lata 1945\u20131946 to okres ich najbardziej intensywnych i skutecznych dzia\u0142a\u0144.<\/span><\/span><\/span><\/p>\n<p><span style=\"font-family: Times New Roman, serif;\"><span style=\"font-size: medium;\"><span style=\"font-size: large;\">Antykomunistyczne powstanie \u2013 tak to okre\u015blaj\u0105 niekt\u00f3rzy historycy \u2013 rozgorza\u0142o w r\u00f3\u017cnych miejscach naszej ojczyzny, a tak\u017ce na terytoriach Rzeczypospolitej wcielonych do Zwi\u0105zku Radzieckiego. Ci, kt\u00f3rzy walk\u0119 podejmowali, byli \u015bwiadomi, \u017ce sami nie b\u0119d\u0105 w stanie zrealizowa\u0107 strategicznego celu: odzyskania niepodleg\u0142o\u015bci i wolno\u015bci. <\/span><\/span><\/span><\/p>\n<p><span style=\"font-family: Times New Roman, serif;\"><span style=\"font-size: medium;\"><span style=\"font-size: large;\">Szansy na odmian\u0119 losu upatrywali w oczekiwanym \u2013 wielu by\u0142o o tym przekonanych \u2013 wybuchu konfliktu zbrojnego pomi\u0119dzy zachodnimi demokracjami, a Zwi\u0105zkiem Radzieckim..<\/span><\/span><\/span><\/p>\n<p><span style=\"font-family: Times New Roman, serif;\"><span style=\"font-size: medium;\"><span style=\"font-size: large;\">Te oczekiwania si\u0119 nie spe\u0142ni\u0142y. Sfa\u0142szowane wybory. Milczenie zachodnich demokracji. Podst\u0119pna amnestia, kt\u00f3ra doprowadzi\u0142a do aresztowania wielu z tych, kt\u00f3rzy si\u0119 ujawnili. Bezwzgl\u0119dne akcje pacyfikacyjne si\u0142 bezpiecze\u0144stwa. trwali, a\u017c po tego ostatniego \u017co\u0142nierza zbrojnego podziemia antykomunistycznego, sier\u017canta J\u00f3zefa Franczaka \u201eLalka\u2019, kt\u00f3ry zgin\u0105\u0142 podczas akcji SB 21 pa\u017adziernika 1963 roku pod Lublinem.<\/span><\/span><\/span><\/p>\n<p><span style=\"font-family: Times New Roman, serif;\"><span style=\"font-size: medium;\"><span style=\"font-size: large;\">Ponad\u00a0 osiem i p\u00f3\u0142\u00a0 tysi\u0105ca z nich zgin\u0119\u0142o w walce. 5 tysi\u0119cy skazano na kar\u0119 \u015bmierci \u2013 po\u0142ow\u0119 wyrok\u00f3w wykonano. Ponad 20 tysi\u0119cy ponios\u0142o \u015bmier\u0107 w wi\u0119zieniach i obozach.<\/span><\/span><\/span><\/p>\n<p><span style=\"font-family: Times New Roman, serif;\"><span style=\"font-size: medium;\"><span style=\"font-size: large;\">Przez lata byli wykluczani ze zbiorowej pami\u0119ci, obdzierani z ludzkiej godno\u015bci, z \u017co\u0142nierskiego honoru. Nazywani: bandytami, kar\u0142ami reakcji, zdrajcami, faszystowskimi niedobitkami. Sk\u0105piono im nawet kawa\u0142ka cmentarnej ziemi. Chowano w bezimiennych mogi\u0142ach, w poha\u0144bieniu, w\u00a0 pogardzie dla ludzkiego cia\u0142a.<\/span><\/span><\/span><\/p>\n<p><span style=\"font-family: Times New Roman, serif;\"><span style=\"font-size: medium;\"><span style=\"font-size: large;\">Dziwna jest Bo\u017ca Bo\u017ca zasada: pisania po linach krzywych. To co ukryte wyjdzie zawsze na jaw. . po co o nich wspominamy \u00a0&#8211; nie po to aby\u015bmy budowali im pomniki.<\/span><\/span><\/span><\/p>\n<p><span style=\"font-family: Times New Roman, serif;\"><span style=\"font-size: medium;\"><span style=\"font-size: large;\">po co &#8211; po to aby\u015bmy zrozumieli samych siebie i czasy w kt\u00f3rych \u017cyjemy.<br \/>\nI aby\u015bmy si\u0119 upewnili \u017ce \u017cycie ma sens je\u015bli ma si\u0119 wielkie sprawy do za\u0142atwienia. Wielkie pasje dla kt\u00f3rych warto oddda\u0107 \u017cycie. Historia to nic innego jak tocz\u0105ce si\u0119 dzi\u015b.<\/span><\/span><\/span><\/p>\n","protected":false},"excerpt":{"rendered":"<p>\u201eOdbior\u0105 mi tylko \u017cycie. A to nie najwa\u017cniejsze. Ciesz\u0119 si\u0119, \u017ce b\u0119d\u0119 zamordowany jako katolik za wiar\u0119 \u015bwi\u0119t\u0105, jako Polak za Polsk\u0119 niepodleg\u0142\u0105 i szcz\u0119\u015bliw\u0105, jako cz\u0142owiek za prawd\u0119 i sprawiedliwo\u015b\u0107. to s\u0142owa grypsu pp\u0142k. \u0141ukasza Ciepli\u0144skiego, kt\u00f3re skierowa\u0142 on do swojego synka Andrzejka. Te s\u0142owa zrealizowa\u0142y si\u0119 1 marca 1951 r., 14 X 1950 r. s\u0105d skaza\u0142 Ciepli\u0144skiego \u201ena pi\u0119ciokrotn\u0105 kar\u0119 \u015bmierci, utrat\u0119 praw publicznych i obywatelskich praw honorowych na zawsze oraz przepadek ca\u0142ego mienia\u201d. Wyrok na Ciepli\u0144skim wykonano 1 III 1951 r. strza\u0142em w ty\u0142 g\u0142owy .. 60 lat p\u00f3\u017aniej &#8211; 1\u00a0marca, wybrano na dat\u0119 obchod\u00f3w Narodowego Dnia Pami\u0119ci \u201e\u017bo\u0142nierzy Wykl\u0119tych\u201d. &#8211; \u00a0kim byli \u017bo\u0142nierze Wykl\u0119ci \u2013 byli lud\u017ami nadziei. I to wbrew okoliczno\u015bciom w jakich \u2013 wraz z ca\u0142\u0105 wsp\u00f3lnot\u0105 polskiego narodu \u2013 si\u0119 znale\u017ali. koniec II wojny \u015bwiatowej dla tysi\u0119cy naszych rodak\u00f3w \u2013 ni\u00f3s\u0142 gorycz niespe\u0142nienia. Nie uda\u0142o si\u0119 zrealizowa\u0107 \u017cadnego z polskich cel\u00f3w II wojny&hellip;<\/p>\n<p> <a class=\"more-link\" href=\"http:\/\/www.franciszek-walcz.pl\/?p=7441\">Czytaj dalej<\/a><\/p>\n","protected":false},"author":1,"featured_media":0,"comment_status":"closed","ping_status":"open","sticky":false,"template":"","format":"standard","meta":{"footnotes":""},"categories":[5],"tags":[],"class_list":{"0":"post-7441","1":"post","2":"type-post","3":"status-publish","4":"format-standard","6":"category-artykuly"},"brizy_media":[],"_links":{"self":[{"href":"http:\/\/www.franciszek-walcz.pl\/index.php?rest_route=\/wp\/v2\/posts\/7441","targetHints":{"allow":["GET"]}}],"collection":[{"href":"http:\/\/www.franciszek-walcz.pl\/index.php?rest_route=\/wp\/v2\/posts"}],"about":[{"href":"http:\/\/www.franciszek-walcz.pl\/index.php?rest_route=\/wp\/v2\/types\/post"}],"author":[{"embeddable":true,"href":"http:\/\/www.franciszek-walcz.pl\/index.php?rest_route=\/wp\/v2\/users\/1"}],"replies":[{"embeddable":true,"href":"http:\/\/www.franciszek-walcz.pl\/index.php?rest_route=%2Fwp%2Fv2%2Fcomments&post=7441"}],"version-history":[{"count":1,"href":"http:\/\/www.franciszek-walcz.pl\/index.php?rest_route=\/wp\/v2\/posts\/7441\/revisions"}],"predecessor-version":[{"id":7442,"href":"http:\/\/www.franciszek-walcz.pl\/index.php?rest_route=\/wp\/v2\/posts\/7441\/revisions\/7442"}],"wp:attachment":[{"href":"http:\/\/www.franciszek-walcz.pl\/index.php?rest_route=%2Fwp%2Fv2%2Fmedia&parent=7441"}],"wp:term":[{"taxonomy":"category","embeddable":true,"href":"http:\/\/www.franciszek-walcz.pl\/index.php?rest_route=%2Fwp%2Fv2%2Fcategories&post=7441"},{"taxonomy":"post_tag","embeddable":true,"href":"http:\/\/www.franciszek-walcz.pl\/index.php?rest_route=%2Fwp%2Fv2%2Ftags&post=7441"}],"curies":[{"name":"wp","href":"https:\/\/api.w.org\/{rel}","templated":true}]}}