{"id":7565,"date":"2020-03-07T11:23:19","date_gmt":"2020-03-07T10:23:19","guid":{"rendered":"http:\/\/www.franciszek-walcz.pl\/?p=7565"},"modified":"2020-03-07T11:27:31","modified_gmt":"2020-03-07T10:27:31","slug":"przemienienie-na-gorze-tabor-2","status":"publish","type":"post","link":"http:\/\/www.franciszek-walcz.pl\/?p=7565","title":{"rendered":"Przemienienie na G\u00f3rze Tabor"},"content":{"rendered":"<p><span style=\"font-family: Times New Roman, serif;\"><span style=\"font-size: medium;\"><span style=\"font-size: large;\">Mo\u017cna patrze\u0107 i nie widzie\u0107, mo\u017cna s\u0142ucha\u0107 i nie s\u0142ysze\u0107, mo\u017cna s\u0142ysze\u0107 i widzie\u0107, a mimo to by\u0107 \u015blepym i g\u0142uchym wewn\u0119trznie na to, co si\u0119 widzi i s\u0142yszy. I tak jest chyba w wypadku wielu wsp\u00f3\u0142czesnych zoboj\u0119tnia\u0142ych chrze\u015bcijan. Tak chyba zreszt\u0105 by\u0142o i w wypadku Aposto\u0142\u00f3w; Piotra, Jana i Jakuba, kt\u00f3rzy byli przecie\u017c \u015bwiadkami niezwyk\u0142ego wydarzenia, widzieli i s\u0142yszeli, a przecie\u017c nie zrozumieli i nie rozumieli jeszcze bardzo d\u0142ugo. &#8222;<\/span><span style=\"font-size: large;\"><i><b>Dobrze, \u017ce tu jeste\u015bmy &#8230;<\/b><\/i><\/span><span style=\"font-size: large;\">&#8221; &#8211; m\u00f3wi Piotr w zachwycie. &#8222;<\/span><span style=\"font-size: large;\"><i><b>Zosta\u0144my tutaj, bo tak nam tu dobrze<\/b><\/i><\/span><span style=\"font-size: large;\">&#8222;. Jak\u017ce wielu chrze\u015bcijan dzisiejszych szuka w religii tylko takich w\u0142a\u015bnie zachwyt\u00f3w i uniesie\u0144? Ale kiedy przychodz\u0105 chwile pr\u00f3by ich wiary, kiedy trzeba zda\u0107 egzamin moralny z g\u0142\u0119bi tego, w co wierz\u0105, to tak szybko zapominaj\u0105 o zachwytach i s\u0105 zdziwieni, uciekaj\u0105, odchodz\u0105, jak Piotr w czasie m\u0119ki i ukrzy\u017cowania\u00a0<\/span><\/span><\/span><\/p>\n<p><span style=\"font-family: Times New Roman, serif;\"><span style=\"font-size: medium;\"><span style=\"font-size: large;\">Mo\u017cna patrze\u0107 i nie widzie\u0107, mo\u017cna s\u0142ucha\u0107 i nie s\u0142ysze\u0107, mo\u017cna by\u0107 \u015blepym i g\u0142uchym wewn\u0119trznie &#8230; I dlatego mo\u017ce trzeba aby\u015bmy zrozumieli, co chce nam powiedzie\u0107 B\u00f3g Ojciec w s\u0142owach: &#8222;<\/span><span style=\"font-size: large;\"><i><b>To jest Syn m\u00f3j wybrany, Jego s\u0142uchajcie<\/b><\/i><\/span><span style=\"font-size: large;\">&#8222;. Chrystus ma nam na pewno co\u015b do powiedzenia i to na pewno co\u015b g\u0142\u0119bszego i bardziej substancjalnego, ni\u017c tylko powierzchowne zachwyty i uniesienia. Chce nam m\u00f3wi\u0107 o mi\u0142o\u015bci, ale o mi\u0142o\u015bci wymagaj\u0105cej i nie sentymentalnej, chce m\u00f3wi\u0107 o przebaczeniu i o zbawieniu, ale nie na si\u0142\u0119 i wbrew woli cz\u0142owieka, chce by\u0107 przyjacielem i bratem, ale nie narzucaj\u0105cym si\u0119 i raczej szanuj\u0105cym wolno\u015b\u0107 ludzkiego wyboru. Chce nam powiedzie\u0107 o niebie i tam nas doprowadzi\u0107, ale nie w spos\u00f3b naiwny i czu\u0142ostkowy. Chce nas zaprowadzi\u0107 z G\u00f3ry Tabor &#8211; g\u00f3ry przemienienia na G\u00f3r\u0119 Kalwari\u0119. Bo tylko tamt\u0119dy wiedzie droga do G\u00f3ry Wniebowst\u0105pienia, do zbawienia i szcz\u0119\u015bcia wiecznego. Czy jestem na to gotowy? Piotr by\u0142 zachwycony na G\u00f3rze Przemienienia, ale nieobecny na Kalwarii &#8230; Musia\u0142 jednak i on przej\u015b\u0107 swoj\u0105 Kalwari\u0119, aby zosta\u0107 ju\u017c na zawsze ze swoim Mistrzem &#8230; G\u00f3ra przemienienia to tylko etap, tak jak i Kalwaria, i warto o tym pami\u0119ta\u0107 w chwilach uniesie\u0144, ale i w chwilach pr\u00f3b i do\u015bwiadcze\u0144.<\/span><\/span><\/span><\/p>\n","protected":false},"excerpt":{"rendered":"<p>Mo\u017cna patrze\u0107 i nie widzie\u0107, mo\u017cna s\u0142ucha\u0107 i nie s\u0142ysze\u0107, mo\u017cna s\u0142ysze\u0107 i widzie\u0107, a mimo to by\u0107 \u015blepym i g\u0142uchym wewn\u0119trznie na to, co si\u0119 widzi i s\u0142yszy. I tak jest chyba w wypadku wielu wsp\u00f3\u0142czesnych zoboj\u0119tnia\u0142ych chrze\u015bcijan. Tak chyba zreszt\u0105 by\u0142o i w wypadku Aposto\u0142\u00f3w; Piotra, Jana i Jakuba, kt\u00f3rzy byli przecie\u017c \u015bwiadkami niezwyk\u0142ego wydarzenia, widzieli i s\u0142yszeli, a przecie\u017c nie zrozumieli i nie rozumieli jeszcze bardzo d\u0142ugo. &#8222;Dobrze, \u017ce tu jeste\u015bmy &#8230;&#8221; &#8211; m\u00f3wi Piotr w zachwycie. &#8222;Zosta\u0144my tutaj, bo tak nam tu dobrze&#8222;. Jak\u017ce wielu chrze\u015bcijan dzisiejszych szuka w religii tylko takich w\u0142a\u015bnie zachwyt\u00f3w i uniesie\u0144? Ale kiedy przychodz\u0105 chwile pr\u00f3by ich wiary, kiedy trzeba zda\u0107 egzamin moralny z g\u0142\u0119bi tego, w co wierz\u0105, to tak szybko zapominaj\u0105 o zachwytach i s\u0105 zdziwieni, uciekaj\u0105, odchodz\u0105, jak Piotr w czasie m\u0119ki i ukrzy\u017cowania\u00a0 Mo\u017cna patrze\u0107 i nie widzie\u0107, mo\u017cna s\u0142ucha\u0107 i nie s\u0142ysze\u0107, mo\u017cna by\u0107 \u015blepym i&hellip;<\/p>\n<p> <a class=\"more-link\" href=\"http:\/\/www.franciszek-walcz.pl\/?p=7565\">Czytaj dalej<\/a><\/p>\n","protected":false},"author":1,"featured_media":0,"comment_status":"closed","ping_status":"open","sticky":false,"template":"","format":"standard","meta":{"footnotes":""},"categories":[1],"tags":[],"class_list":{"0":"post-7565","1":"post","2":"type-post","3":"status-publish","4":"format-standard","6":"category-uncategorized"},"brizy_media":[],"_links":{"self":[{"href":"http:\/\/www.franciszek-walcz.pl\/index.php?rest_route=\/wp\/v2\/posts\/7565","targetHints":{"allow":["GET"]}}],"collection":[{"href":"http:\/\/www.franciszek-walcz.pl\/index.php?rest_route=\/wp\/v2\/posts"}],"about":[{"href":"http:\/\/www.franciszek-walcz.pl\/index.php?rest_route=\/wp\/v2\/types\/post"}],"author":[{"embeddable":true,"href":"http:\/\/www.franciszek-walcz.pl\/index.php?rest_route=\/wp\/v2\/users\/1"}],"replies":[{"embeddable":true,"href":"http:\/\/www.franciszek-walcz.pl\/index.php?rest_route=%2Fwp%2Fv2%2Fcomments&post=7565"}],"version-history":[{"count":1,"href":"http:\/\/www.franciszek-walcz.pl\/index.php?rest_route=\/wp\/v2\/posts\/7565\/revisions"}],"predecessor-version":[{"id":7566,"href":"http:\/\/www.franciszek-walcz.pl\/index.php?rest_route=\/wp\/v2\/posts\/7565\/revisions\/7566"}],"wp:attachment":[{"href":"http:\/\/www.franciszek-walcz.pl\/index.php?rest_route=%2Fwp%2Fv2%2Fmedia&parent=7565"}],"wp:term":[{"taxonomy":"category","embeddable":true,"href":"http:\/\/www.franciszek-walcz.pl\/index.php?rest_route=%2Fwp%2Fv2%2Fcategories&post=7565"},{"taxonomy":"post_tag","embeddable":true,"href":"http:\/\/www.franciszek-walcz.pl\/index.php?rest_route=%2Fwp%2Fv2%2Ftags&post=7565"}],"curies":[{"name":"wp","href":"https:\/\/api.w.org\/{rel}","templated":true}]}}