{"id":7670,"date":"2020-03-14T12:31:13","date_gmt":"2020-03-14T11:31:13","guid":{"rendered":"http:\/\/www.franciszek-walcz.pl\/?p=7670"},"modified":"2020-03-14T12:31:23","modified_gmt":"2020-03-14T11:31:23","slug":"zarzadzenie-biskupa-polowego-wojska-polskiego","status":"publish","type":"post","link":"http:\/\/www.franciszek-walcz.pl\/?p=7670","title":{"rendered":"Zarz\u0105dzenie Biskupa Polowego Wojska Polskiego"},"content":{"rendered":"<p align=\"center\"><span style=\"font-family: Times New Roman, serif;\"><span style=\"font-size: large;\"><b>Zarz\u0105dzenie Biskupa Polowego Wojska Polskiego<br \/>\npo wprowadzeniu stanu zagro\u017cenia epidemicznego na terenie naszej Ojczyzny<br \/>\n<\/b><\/span><\/span><span style=\"font-family: Times New Roman, serif;\"><span style=\"font-size: large;\">Stosuj\u0105c si\u0119 do rozporz\u0105dze\u0144 w\u0142adz pa\u0144stwowych z dnia 13 marca br. podj\u0105\u0142em nast\u0119puj\u0105ce decyzje dotycz\u0105ce Ordynariatu Polowego:<\/span><\/span><\/p>\n<ol>\n<li>\n<p align=\"justify\"><span style=\"font-family: Times New Roman, serif;\"><span style=\"font-size: large;\">Zobowi\u0105zuj\u0119 wszystkich ksi\u0119\u017cy kapelan\u00f3w, aby wyegzekwowali zasad\u0119 obecno\u015bci na Mszy \u015bw. maksymalnie do 50 os\u00f3b wliczaj\u0105c celebransa, co zosta\u0142o nakazane w rozporz\u0105dzeniu w\u0142adz pa\u0144stwowych.<\/span><\/span><\/p>\n<\/li>\n<li>\n<p align=\"justify\"><span style=\"font-family: Times New Roman, serif;\"><span style=\"font-size: large;\">Jezus zapewnia, \u017ce \u201egdzie dw\u00f3ch albo trzech gromadzi si\u0119 w imi\u0119 Moje, tam Ja jestem po\u015br\u00f3d nich\u201d (Mt 18,20). Zach\u0119cam, aby w okresie zagro\u017cenia epidemi\u0105 odprawia\u0107 Msz\u0119 \u015bw. w jak najmniejszych grupach. Dotyczy to tak\u017ce liturgii pogrzebowej. <\/span><\/span><\/p>\n<\/li>\n<li>\n<p align=\"justify\"><span style=\"font-family: Times New Roman, serif;\"><span style=\"font-size: large;\">Wiernych Ordynariatu Polowego usilnie prosz\u0119 o korzystanie z dyspensy od obowi\u0105zku uczestnictwa w niedzielnej Mszy \u015bw. udzielonej przeze mnie 13 marca 2020 r. R\u00f3wnocze\u015bnie zach\u0119cam do uczestniczenia we Mszy \u015bw. za po\u015brednictwem telewizji, radia i internetu oraz do duchowego przyjmowania Komunii \u015bw. <\/span><\/span><\/p>\n<\/li>\n<li>\n<p align=\"justify\"><span style=\"font-family: Times New Roman, serif;\"><span style=\"font-size: large;\">Apeluj\u0119 do tych wiernych, kt\u00f3rzy b\u0119d\u0105 fizycznie obecni na Mszy \u015bw., aby przyjmowali Komuni\u0119 \u015bw. na r\u0119k\u0119. Kapelan\u00f3w prosz\u0119 o skrupulatn\u0105 dba\u0142o\u015b\u0107 o higien\u0119 oraz o uprzejme i\u00a0stanowcze egzekwowanie jej zasad.<\/span><\/span><\/p>\n<\/li>\n<li>\n<p align=\"justify\"><span style=\"font-family: Times New Roman, serif;\"><span style=\"font-size: large;\">Ksi\u0119\u017com kapelanom polecam odwo\u0142anie rekolekcji parafialnych, nabo\u017ce\u0144stw gorzkich \u017cali i\u00a0drogi krzy\u017cowej.<\/span><\/span><\/p>\n<\/li>\n<li>\n<p align=\"justify\"><span style=\"font-family: Times New Roman, serif;\"><span style=\"font-size: large;\">Zarz\u0105dzam tak\u017ce ograniczenie dzia\u0142alno\u015bci kancelarii parafialnych do koniecznych czynno\u015bci dotycz\u0105cych spraw pilnych i losowych. <\/span><\/span><\/p>\n<\/li>\n<li>\n<p align=\"justify\"><span style=\"font-family: Times New Roman, serif;\"><span style=\"font-size: large;\">Polecam tam, gdzie to jest mo\u017cliwe, otwarcie ko\u015bcio\u0142\u00f3w i kaplic wojskowych w celu umo\u017cliwienia wiernym indywidualnej adoracji Naj\u015bwi\u0119tszego Sakramentu. Jednocze\u015bnie prosz\u0119 ksi\u0119\u017cy o umo\u017cliwienie wiernym korzystania z sakramentu pokuty i pojednania z\u00a0zachowaniem roztropno\u015bci i wszelkich zasad higieny. <\/span><\/span><\/p>\n<\/li>\n<li>\n<p align=\"justify\"><span style=\"font-family: Times New Roman, serif;\"><span style=\"font-size: large;\">Kapelan\u00f3w szpitalnych zach\u0119cam do szczeg\u00f3lnie troskliwej, roztropnej i odwa\u017cnej opieki duszpasterskiej nad chorymi, z zachowaniem wszelkich niezb\u0119dnych procedur. <\/span><\/span><\/p>\n<\/li>\n<\/ol>\n<p align=\"justify\"><span style=\"font-family: Times New Roman, serif;\"><span style=\"font-size: large;\">Bardzo prosz\u0119 ksi\u0119\u017cy i wiernych, aby podporz\u0105dkowali si\u0119 powy\u017cszym zarz\u0105dzeniom. Ponadto wszystkich zach\u0119cam do gorliwej modlitwy rodzinnej i indywidualnej w intencji os\u00f3b chorych oraz wszystkich s\u0142u\u017cb zaanga\u017cowanych w przezwyci\u0119\u017cenie zagro\u017cenia epidemicznego. <\/span><\/span><\/p>\n<p align=\"center\"><a name=\"_GoBack\"><\/a> <span style=\"font-family: Times New Roman, serif;\"><span style=\"font-size: large;\">bp J\u00f3zef Guzdek<br \/>\nBiskup Polowy Wojska Polskiego<\/span><\/span><\/p>\n<p align=\"justify\"><span style=\"font-family: Times New Roman, serif;\"><span style=\"font-size: large;\">Warszawa, 14<\/span><\/span> <span style=\"font-family: Times New Roman, serif;\"><span style=\"font-size: large;\">marca 2020 r.<\/span><\/span><\/p>\n","protected":false},"excerpt":{"rendered":"<p>Zarz\u0105dzenie Biskupa Polowego Wojska Polskiego po wprowadzeniu stanu zagro\u017cenia epidemicznego na terenie naszej Ojczyzny Stosuj\u0105c si\u0119 do rozporz\u0105dze\u0144 w\u0142adz pa\u0144stwowych z dnia 13 marca br. podj\u0105\u0142em nast\u0119puj\u0105ce decyzje dotycz\u0105ce Ordynariatu Polowego: Zobowi\u0105zuj\u0119 wszystkich ksi\u0119\u017cy kapelan\u00f3w, aby wyegzekwowali zasad\u0119 obecno\u015bci na Mszy \u015bw. maksymalnie do 50 os\u00f3b wliczaj\u0105c celebransa, co zosta\u0142o nakazane w rozporz\u0105dzeniu w\u0142adz pa\u0144stwowych. Jezus zapewnia, \u017ce \u201egdzie dw\u00f3ch albo trzech gromadzi si\u0119 w imi\u0119 Moje, tam Ja jestem po\u015br\u00f3d nich\u201d (Mt 18,20). Zach\u0119cam, aby w okresie zagro\u017cenia epidemi\u0105 odprawia\u0107 Msz\u0119 \u015bw. w jak najmniejszych grupach. Dotyczy to tak\u017ce liturgii pogrzebowej. Wiernych Ordynariatu Polowego usilnie prosz\u0119 o korzystanie z dyspensy od obowi\u0105zku uczestnictwa w niedzielnej Mszy \u015bw. udzielonej przeze mnie 13 marca 2020 r. R\u00f3wnocze\u015bnie zach\u0119cam do uczestniczenia we Mszy \u015bw. za po\u015brednictwem telewizji, radia i internetu oraz do duchowego przyjmowania Komunii \u015bw. Apeluj\u0119 do tych wiernych, kt\u00f3rzy b\u0119d\u0105 fizycznie obecni na Mszy \u015bw., aby przyjmowali Komuni\u0119 \u015bw. na&hellip;<\/p>\n<p> <a class=\"more-link\" href=\"http:\/\/www.franciszek-walcz.pl\/?p=7670\">Czytaj dalej<\/a><\/p>\n","protected":false},"author":1,"featured_media":0,"comment_status":"closed","ping_status":"open","sticky":false,"template":"","format":"standard","meta":{"footnotes":""},"categories":[1],"tags":[],"class_list":{"0":"post-7670","1":"post","2":"type-post","3":"status-publish","4":"format-standard","6":"category-uncategorized"},"brizy_media":[],"_links":{"self":[{"href":"http:\/\/www.franciszek-walcz.pl\/index.php?rest_route=\/wp\/v2\/posts\/7670","targetHints":{"allow":["GET"]}}],"collection":[{"href":"http:\/\/www.franciszek-walcz.pl\/index.php?rest_route=\/wp\/v2\/posts"}],"about":[{"href":"http:\/\/www.franciszek-walcz.pl\/index.php?rest_route=\/wp\/v2\/types\/post"}],"author":[{"embeddable":true,"href":"http:\/\/www.franciszek-walcz.pl\/index.php?rest_route=\/wp\/v2\/users\/1"}],"replies":[{"embeddable":true,"href":"http:\/\/www.franciszek-walcz.pl\/index.php?rest_route=%2Fwp%2Fv2%2Fcomments&post=7670"}],"version-history":[{"count":2,"href":"http:\/\/www.franciszek-walcz.pl\/index.php?rest_route=\/wp\/v2\/posts\/7670\/revisions"}],"predecessor-version":[{"id":7672,"href":"http:\/\/www.franciszek-walcz.pl\/index.php?rest_route=\/wp\/v2\/posts\/7670\/revisions\/7672"}],"wp:attachment":[{"href":"http:\/\/www.franciszek-walcz.pl\/index.php?rest_route=%2Fwp%2Fv2%2Fmedia&parent=7670"}],"wp:term":[{"taxonomy":"category","embeddable":true,"href":"http:\/\/www.franciszek-walcz.pl\/index.php?rest_route=%2Fwp%2Fv2%2Fcategories&post=7670"},{"taxonomy":"post_tag","embeddable":true,"href":"http:\/\/www.franciszek-walcz.pl\/index.php?rest_route=%2Fwp%2Fv2%2Ftags&post=7670"}],"curies":[{"name":"wp","href":"https:\/\/api.w.org\/{rel}","templated":true}]}}