{"id":7673,"date":"2020-03-14T12:33:09","date_gmt":"2020-03-14T11:33:09","guid":{"rendered":"http:\/\/www.franciszek-walcz.pl\/?p=7673"},"modified":"2020-03-14T12:33:09","modified_gmt":"2020-03-14T11:33:09","slug":"apel-biskupa-polowego-jozefa-guzdka","status":"publish","type":"post","link":"http:\/\/www.franciszek-walcz.pl\/?p=7673","title":{"rendered":"Apel biskupa polowego J\u00f3zefa Guzdka"},"content":{"rendered":"<p><span style=\"font-family: Times New Roman, serif;\"><span style=\"font-size: large;\"><b>Apel biskupa polowego J\u00f3zefa Guzdka<br \/>\ndo wiernych Ordynariatu Polowego<br \/>\nw zwi\u0105zku z epidemi\u0105<\/b><\/span><\/span><\/p>\n<p>\u201e<span style=\"font-family: Times New Roman, serif;\"><span style=\"font-size: large;\">Nie da\u0142 nam B\u00f3g ducha boja\u017ani, ale mocy i\u00a0mi\u0142o\u015bci oraz trze\u017awego my\u015blenia\u201d \u2013 napisa\u0142 \u015bw.\u00a0Pawe\u0142 w Drugim Li\u015bcie do Tymoteusza (2 Tm 1,7). <\/span><\/span><\/p>\n<p><span style=\"font-family: Times New Roman, serif;\"><span style=\"font-size: large;\">Wobec szerz\u0105cej si\u0119 w r\u00f3\u017cnych krajach, w tym tak\u017ce w naszej Ojczy\u017anie, gro\u017anej epidemii, zwracam si\u0119 do wiernych ze s\u0142owami otuchy i nadziei. <\/span><\/span><\/p>\n<p><span style=\"font-family: Times New Roman, serif;\"><span style=\"font-size: large;\">Najpierw pragn\u0119 wyrazi\u0107 wdzi\u0119czno\u015b\u0107 lekarzom, piel\u0119gniarkom i ratownikom medycznym za postaw\u0119 s\u0142u\u017cby, po\u015bwi\u0119cenie i nieust\u0119pliwe zmaganie si\u0119 z\u00a0gro\u017anym wirusem. Dzi\u0119kuj\u0119 za podejmowan\u0105 walk\u0119 o \u017cycie i zdrowie ka\u017cdej osoby zara\u017conej oraz za cenne informacje, jak uchroni\u0107 si\u0119 przed infekcj\u0105 i nie zarazi\u0107 innych. Wraz z kapelanami i\u00a0wiernymi Ordynariatu Polowego prosz\u0119, by B\u00f3g pomna\u017ca\u0142 Wasze si\u0142y i wspiera\u0142 w opanowaniu i ostatecznym pokonaniu epidemii. <\/span><\/span><\/p>\n<p><span style=\"font-family: Times New Roman, serif;\"><span style=\"font-size: large;\">Walk\u0119 z gro\u017an\u0105 chorob\u0105 podejmuj\u0105 tak\u017ce ludzie w mundurach: Policja, Stra\u017c Graniczna, Wojsko Polskie, zw\u0142aszcza Wojska Obrony Terytorialnej, Stra\u017c Po\u017carna, Stra\u017c Ochrony Kolei i inne s\u0142u\u017cby. Z wdzi\u0119czno\u015bci\u0105 przyjmujemy Wasze zaanga\u017cowanie na rzecz ochrony zdrowia publicznego. Kapelani Ordynariatu Polowego s\u0105 gotowi towarzyszy\u0107 swoj\u0105 pos\u0142ug\u0105 duszpastersk\u0105 zar\u00f3wno Wam, jak i tym, kt\u00f3rzy zostali dotkni\u0119ci chorob\u0105. <\/span><\/span><\/p>\n<p><span style=\"font-family: Times New Roman, serif;\"><span style=\"font-size: large;\">Wszystkich za\u015b prosz\u0119 o dostosowanie si\u0119 do zalece\u0144 s\u0142u\u017cb sanitarnych i porz\u0105dkowych, gdy\u017c jest to konieczny warunek po\u0142o\u017cenia tamy nowym zachorowaniom. <\/span><\/span><\/p>\n<p><span style=\"font-family: Times New Roman, serif;\"><span style=\"font-size: large;\">Nie ulegajmy panice, ale te\u017c nie nara\u017cajmy si\u0119 na niebezpiecze\u0144stwo zara\u017cenia przez nieodpowiedzialne zachowanie i dzia\u0142ania. Miejmy na uwadze nie tylko w\u0142asne zdrowie, ale tak\u017ce zdrowie naszych bli\u017anich. Jeste\u015bmy bowiem za siebie nawzajem odpowiedzialni. Dlatego te\u017c stosujmy si\u0119 do zalece\u0144 Konferencji Episkopatu Polski dotycz\u0105cych dyscypliny ko\u015bcielnej w sprawach przyst\u0119powania do sakrament\u00f3w \u015bwi\u0119tych i udzia\u0142u w liturgii. <\/span><\/span><\/p>\n<p><span style=\"font-family: Times New Roman, serif;\"><span style=\"font-size: large;\">Kieruj\u0105c si\u0119 poczuciem odpowiedzialno\u015bci podj\u0105\u0142em decyzj\u0119 o udzieleniu dyspensy wielu grupom wiernych Ordynariatu Polowego od uczestnictwa w niedzielnej i \u015bwi\u0105tecznej Mszy \u015bwi\u0119tej do dnia 29 marca br. Zaplanowane uroczysto\u015bci zwi\u0105zane z udzieleniem sakramentu bierzmowania, przenosz\u0119 na p\u00f3\u017aniejszy termin. <\/span><\/span><\/p>\n<p><span style=\"font-family: Times New Roman, serif;\"><span style=\"font-size: large;\">Jako ludzie wierz\u0105cy nasz\u0105 nadziej\u0119 pok\u0142adamy w Bogu. Pro\u015bmy Go pokornie o pomoc w\u00a0pokonaniu epidemii koronawirusa. Zach\u0119cam do modlitwy s\u0142owami Suplikacji \u201e\u015awi\u0119ty Bo\u017ce, \u015awi\u0119ty Mocny\u2026 Od powietrza, g\u0142odu, ognia i wojny, zachowaj nas Panie\u201d, po ka\u017cdej Mszy \u015bwi\u0119tej. <\/span><\/span><\/p>\n<p><span style=\"font-family: Times New Roman, serif;\"><span style=\"font-size: large;\">bp J\u00f3zef Guzdek<br \/>\nBiskup Polowy Wojska Polskiego <\/span><\/span><\/p>\n<p><span style=\"font-family: Times New Roman, serif;\"><span style=\"font-size: large;\">Warszawa, 13 marca 2020 roku<\/span><\/span><\/p>\n","protected":false},"excerpt":{"rendered":"<p>Apel biskupa polowego J\u00f3zefa Guzdka do wiernych Ordynariatu Polowego w zwi\u0105zku z epidemi\u0105 \u201eNie da\u0142 nam B\u00f3g ducha boja\u017ani, ale mocy i\u00a0mi\u0142o\u015bci oraz trze\u017awego my\u015blenia\u201d \u2013 napisa\u0142 \u015bw.\u00a0Pawe\u0142 w Drugim Li\u015bcie do Tymoteusza (2 Tm 1,7). Wobec szerz\u0105cej si\u0119 w r\u00f3\u017cnych krajach, w tym tak\u017ce w naszej Ojczy\u017anie, gro\u017anej epidemii, zwracam si\u0119 do wiernych ze s\u0142owami otuchy i nadziei. Najpierw pragn\u0119 wyrazi\u0107 wdzi\u0119czno\u015b\u0107 lekarzom, piel\u0119gniarkom i ratownikom medycznym za postaw\u0119 s\u0142u\u017cby, po\u015bwi\u0119cenie i nieust\u0119pliwe zmaganie si\u0119 z\u00a0gro\u017anym wirusem. Dzi\u0119kuj\u0119 za podejmowan\u0105 walk\u0119 o \u017cycie i zdrowie ka\u017cdej osoby zara\u017conej oraz za cenne informacje, jak uchroni\u0107 si\u0119 przed infekcj\u0105 i nie zarazi\u0107 innych. Wraz z kapelanami i\u00a0wiernymi Ordynariatu Polowego prosz\u0119, by B\u00f3g pomna\u017ca\u0142 Wasze si\u0142y i wspiera\u0142 w opanowaniu i ostatecznym pokonaniu epidemii. Walk\u0119 z gro\u017an\u0105 chorob\u0105 podejmuj\u0105 tak\u017ce ludzie w mundurach: Policja, Stra\u017c Graniczna, Wojsko Polskie, zw\u0142aszcza Wojska Obrony Terytorialnej, Stra\u017c Po\u017carna, Stra\u017c Ochrony Kolei i inne s\u0142u\u017cby. Z wdzi\u0119czno\u015bci\u0105&hellip;<\/p>\n<p> <a class=\"more-link\" href=\"http:\/\/www.franciszek-walcz.pl\/?p=7673\">Czytaj dalej<\/a><\/p>\n","protected":false},"author":1,"featured_media":0,"comment_status":"closed","ping_status":"open","sticky":false,"template":"","format":"standard","meta":{"footnotes":""},"categories":[4],"tags":[],"class_list":{"0":"post-7673","1":"post","2":"type-post","3":"status-publish","4":"format-standard","6":"category-ogloszenia"},"brizy_media":[],"_links":{"self":[{"href":"http:\/\/www.franciszek-walcz.pl\/index.php?rest_route=\/wp\/v2\/posts\/7673","targetHints":{"allow":["GET"]}}],"collection":[{"href":"http:\/\/www.franciszek-walcz.pl\/index.php?rest_route=\/wp\/v2\/posts"}],"about":[{"href":"http:\/\/www.franciszek-walcz.pl\/index.php?rest_route=\/wp\/v2\/types\/post"}],"author":[{"embeddable":true,"href":"http:\/\/www.franciszek-walcz.pl\/index.php?rest_route=\/wp\/v2\/users\/1"}],"replies":[{"embeddable":true,"href":"http:\/\/www.franciszek-walcz.pl\/index.php?rest_route=%2Fwp%2Fv2%2Fcomments&post=7673"}],"version-history":[{"count":1,"href":"http:\/\/www.franciszek-walcz.pl\/index.php?rest_route=\/wp\/v2\/posts\/7673\/revisions"}],"predecessor-version":[{"id":7674,"href":"http:\/\/www.franciszek-walcz.pl\/index.php?rest_route=\/wp\/v2\/posts\/7673\/revisions\/7674"}],"wp:attachment":[{"href":"http:\/\/www.franciszek-walcz.pl\/index.php?rest_route=%2Fwp%2Fv2%2Fmedia&parent=7673"}],"wp:term":[{"taxonomy":"category","embeddable":true,"href":"http:\/\/www.franciszek-walcz.pl\/index.php?rest_route=%2Fwp%2Fv2%2Fcategories&post=7673"},{"taxonomy":"post_tag","embeddable":true,"href":"http:\/\/www.franciszek-walcz.pl\/index.php?rest_route=%2Fwp%2Fv2%2Ftags&post=7673"}],"curies":[{"name":"wp","href":"https:\/\/api.w.org\/{rel}","templated":true}]}}