{"id":7675,"date":"2020-03-14T12:35:25","date_gmt":"2020-03-14T11:35:25","guid":{"rendered":"http:\/\/www.franciszek-walcz.pl\/?p=7675"},"modified":"2020-03-14T12:35:34","modified_gmt":"2020-03-14T11:35:34","slug":"dyspensa","status":"publish","type":"post","link":"http:\/\/www.franciszek-walcz.pl\/?p=7675","title":{"rendered":"DYSPENSA"},"content":{"rendered":"<p><span style=\"font-family: Times New Roman, serif;\"><span style=\"font-size: large;\">Maj\u0105c na uwadze zagro\u017cenie zdrowia oraz \u017cycia, zgodnie z kan. 87 \u00a7 1, kan. 1245 oraz kan. 1248 \u00a7 2 Kodeksu Prawa Kanonicznego, udzielam dyspensy od obowi\u0105zku niedzielnego uczestnictwa we Mszy \u015awi\u0119tej do dnia 29 marca br. nast\u0119puj\u0105cym wiernym Ordynariatu Polowego: <\/span><\/span><\/p>\n<ol>\n<li><span style=\"font-family: Times New Roman, serif;\"><span style=\"font-size: large;\">osobom w podesz\u0142ym wieku oraz tym, kt\u00f3rzy si\u0119 nimi opiekuj\u0105,<\/span><\/span><\/li>\n<li><span style=\"font-family: Times New Roman, serif;\"><span style=\"font-size: large;\">osobom z objawami infekcji (np. kaszel, katar, podwy\u017cszona temperatura, itp.),<\/span><\/span><\/li>\n<li><span style=\"font-family: Times New Roman, serif;\"><span style=\"font-size: large;\">dzieciom i m\u0142odzie\u017cy szkolnej oraz doros\u0142ym, kt\u00f3rzy sprawuj\u0105 nad nimi bezpo\u015bredni\u0105 opiek\u0119,<\/span><\/span><\/li>\n<li><span style=\"font-family: Times New Roman, serif;\"><span style=\"font-size: large;\">\u017co\u0142nierzom oraz pracownikom resortu obrony narodowej przebywaj\u0105cym na zgrupowaniach, poligonach, \u0107wiczeniach, w szko\u0142ach wojskowych oraz w czasie wykonywania zada\u0144 s\u0142u\u017cbowych,<\/span><\/span><\/li>\n<li><span style=\"font-family: Times New Roman, serif;\"><span style=\"font-size: large;\">personelowi szpitali wojskowych,<\/span><\/span><\/li>\n<li><span style=\"font-family: Times New Roman, serif;\"><span style=\"font-size: large;\">osobom, kt\u00f3re maj\u0105 wskazania medyczne do unikania kontaktu z innymi oraz tym, kt\u00f3rzy z\u00a0jakiejkolwiek innej przyczyny czuj\u0105 obaw\u0119 przed zara\u017ceniem.<\/span><\/span><\/li>\n<\/ol>\n<p><span style=\"font-family: Times New Roman, serif;\"><span style=\"font-size: large;\">Skorzystanie z dyspensy oznacza, \u017ce nieobecno\u015b\u0107 na Mszy \u015awi\u0119tej niedzielnej we wskazanym czasie nie jest grzechem. Jednocze\u015bnie zach\u0119cam, aby osoby korzystaj\u0105ce z\u00a0dyspensy trwa\u0142y na osobistej i rodzinnej modlitwie. Zach\u0119cam te\u017c do duchowej \u0142\u0105czno\u015bci ze wsp\u00f3lnot\u0105 Ko\u015bcio\u0142a poprzez transmisje radiowe, telewizyjne lub internetowe.<\/span><\/span><\/p>\n<p><span style=\"font-family: Times New Roman, serif;\"><span style=\"font-size: large;\"><b>bp J\u00f3zef GUZDEK<\/b><\/span><\/span><\/p>\n<p><span style=\"font-family: Times New Roman, serif;\"><span style=\"font-size: large;\"><b>ks. Dariusz KONIECZNY<\/b><\/span><\/span><\/p>\n<p><span style=\"font-family: Times New Roman, serif;\"><span style=\"font-size: large;\">wicekanclerz<\/span><\/span><\/p>\n","protected":false},"excerpt":{"rendered":"<p>Maj\u0105c na uwadze zagro\u017cenie zdrowia oraz \u017cycia, zgodnie z kan. 87 \u00a7 1, kan. 1245 oraz kan. 1248 \u00a7 2 Kodeksu Prawa Kanonicznego, udzielam dyspensy od obowi\u0105zku niedzielnego uczestnictwa we Mszy \u015awi\u0119tej do dnia 29 marca br. nast\u0119puj\u0105cym wiernym Ordynariatu Polowego: osobom w podesz\u0142ym wieku oraz tym, kt\u00f3rzy si\u0119 nimi opiekuj\u0105, osobom z objawami infekcji (np. kaszel, katar, podwy\u017cszona temperatura, itp.), dzieciom i m\u0142odzie\u017cy szkolnej oraz doros\u0142ym, kt\u00f3rzy sprawuj\u0105 nad nimi bezpo\u015bredni\u0105 opiek\u0119, \u017co\u0142nierzom oraz pracownikom resortu obrony narodowej przebywaj\u0105cym na zgrupowaniach, poligonach, \u0107wiczeniach, w szko\u0142ach wojskowych oraz w czasie wykonywania zada\u0144 s\u0142u\u017cbowych, personelowi szpitali wojskowych, osobom, kt\u00f3re maj\u0105 wskazania medyczne do unikania kontaktu z innymi oraz tym, kt\u00f3rzy z\u00a0jakiejkolwiek innej przyczyny czuj\u0105 obaw\u0119 przed zara\u017ceniem. Skorzystanie z dyspensy oznacza, \u017ce nieobecno\u015b\u0107 na Mszy \u015awi\u0119tej niedzielnej we wskazanym czasie nie jest grzechem. Jednocze\u015bnie zach\u0119cam, aby osoby korzystaj\u0105ce z\u00a0dyspensy trwa\u0142y na osobistej i rodzinnej modlitwie. Zach\u0119cam te\u017c do duchowej \u0142\u0105czno\u015bci ze&hellip;<\/p>\n<p> <a class=\"more-link\" href=\"http:\/\/www.franciszek-walcz.pl\/?p=7675\">Czytaj dalej<\/a><\/p>\n","protected":false},"author":1,"featured_media":0,"comment_status":"closed","ping_status":"open","sticky":false,"template":"","format":"standard","meta":{"footnotes":""},"categories":[4],"tags":[],"class_list":{"0":"post-7675","1":"post","2":"type-post","3":"status-publish","4":"format-standard","6":"category-ogloszenia"},"brizy_media":[],"_links":{"self":[{"href":"http:\/\/www.franciszek-walcz.pl\/index.php?rest_route=\/wp\/v2\/posts\/7675","targetHints":{"allow":["GET"]}}],"collection":[{"href":"http:\/\/www.franciszek-walcz.pl\/index.php?rest_route=\/wp\/v2\/posts"}],"about":[{"href":"http:\/\/www.franciszek-walcz.pl\/index.php?rest_route=\/wp\/v2\/types\/post"}],"author":[{"embeddable":true,"href":"http:\/\/www.franciszek-walcz.pl\/index.php?rest_route=\/wp\/v2\/users\/1"}],"replies":[{"embeddable":true,"href":"http:\/\/www.franciszek-walcz.pl\/index.php?rest_route=%2Fwp%2Fv2%2Fcomments&post=7675"}],"version-history":[{"count":1,"href":"http:\/\/www.franciszek-walcz.pl\/index.php?rest_route=\/wp\/v2\/posts\/7675\/revisions"}],"predecessor-version":[{"id":7676,"href":"http:\/\/www.franciszek-walcz.pl\/index.php?rest_route=\/wp\/v2\/posts\/7675\/revisions\/7676"}],"wp:attachment":[{"href":"http:\/\/www.franciszek-walcz.pl\/index.php?rest_route=%2Fwp%2Fv2%2Fmedia&parent=7675"}],"wp:term":[{"taxonomy":"category","embeddable":true,"href":"http:\/\/www.franciszek-walcz.pl\/index.php?rest_route=%2Fwp%2Fv2%2Fcategories&post=7675"},{"taxonomy":"post_tag","embeddable":true,"href":"http:\/\/www.franciszek-walcz.pl\/index.php?rest_route=%2Fwp%2Fv2%2Ftags&post=7675"}],"curies":[{"name":"wp","href":"https:\/\/api.w.org\/{rel}","templated":true}]}}