{"id":7677,"date":"2020-03-14T12:37:11","date_gmt":"2020-03-14T11:37:11","guid":{"rendered":"http:\/\/www.franciszek-walcz.pl\/?p=7677"},"modified":"2020-03-14T12:38:31","modified_gmt":"2020-03-14T11:38:31","slug":"katolik-wobec-koronawirusa","status":"publish","type":"post","link":"http:\/\/www.franciszek-walcz.pl\/?p=7677","title":{"rendered":"Katolik wobec koronawirusa"},"content":{"rendered":"<p><span style=\"font-family: Times New Roman, serif;\"><span style=\"font-size: medium;\"><b><span style=\"font-size: large;\">Jak wobec mo\u017cliwego i niestety prawdopodobnego rozwoju koronawirusa powinien zachowa\u0107 si\u0119 katolik?<\/span><\/b><\/span><\/span><\/p>\n<p><span style=\"font-family: Times New Roman, serif;\"><span style=\"font-size: medium;\"><span style=\"font-size: large;\">Po pierwsze katolik powinien zachowa\u0107 spok\u00f3j ducha, gdy\u017c wie, \u017ce Pan B\u00f3g jest Panem nie tylko Nieba, ale i Ziemi \u2013 a wi\u0119c i jej historii, wszystkich rzeczy widzialnych i niewidzialnych.<\/span><\/span><\/span><\/p>\n<p><span style=\"font-family: Times New Roman, serif;\"><span style=\"font-size: medium;\"><span style=\"font-size: large;\">Powinien analizowa\u0107 informacje z pomoc\u0105 w\u0142asnego rozumu i takich zdolno\u015bci, jakimi obdarowa\u0142 go Stw\u00f3rca. Nie wolno nam zatem ulega\u0107 panice. Nale\u017cy zachowa\u0107 spok\u00f3j, a jednocze\u015bnie \u2013 co oczywiste \u2013 dba\u0107 o zdrowie i \u017cycie swoje oraz bliskich, np. poprzez podporz\u0105dkowywanie si\u0119 zaleceniom sanitarnym.<\/span><\/span><\/span><\/p>\n<p><span style=\"font-family: Times New Roman, serif;\"><span style=\"font-size: medium;\"><span style=\"font-size: large;\">\u015awi\u0119ty Ignacy Loyola powiedzia\u0142: \u201eTak Bogu ufaj, jakby ca\u0142e powodzenie spraw zale\u017ca\u0142o tylko od Boga, a nie od ciebie; tak jednak dok\u0142adaj wszelkich stara\u0144, jakby\u015b ty sam mia\u0142 to wszystko zdzia\u0142a\u0107, a B\u00f3g nic zgo\u0142a\u201d. <\/span><\/span><\/span><\/p>\n<p><span style=\"font-family: Times New Roman, serif;\"><span style=\"font-size: medium;\"><span style=\"font-size: large;\">Te s\u0142owa to doskona\u0142a rada dla narod\u00f3w walcz\u0105cych z pandemi\u0105 szalej\u0105cego po \u015bwiecie wirusa . Musimy pok\u0142ada\u0107 ufno\u015b\u0107 w Panu i modli\u0107 si\u0119 do Niego o potrzebne \u0142aski. Jednocze\u015bnie nie wolno nam porzuca\u0107 dzia\u0142a\u0144 profilaktycznych i wysy\u0142a\u0107 rozumu na L4. S\u0142owem: potrzeba nam teraz silnej wiary i gor\u0105cej modlitwy oraz przestrzegania zalece\u0144 instytucji publicznych walcz\u0105cych z chorob\u0105.<\/span><\/span><\/span><\/p>\n<p><span style=\"font-family: Times New Roman, serif;\"><span style=\"font-size: medium;\"><span style=\"font-size: large;\">Wiara w czasach kryzysu powinna manifestowa\u0107 si\u0119 cz\u0119stsz\u0105 ni\u017c zwykle modlitw\u0105 do Mi\u0142osiernego Boga. Za po\u015brednictwem \u015bwi\u0119tych powinni\u015bmy b\u0142aga\u0107 o mi\u0142osierdzie dla nas i ca\u0142ego \u015bwiata, winni\u015bmy prosi\u0107, by B\u00f3g wybawi\u0142 nas \u201eod powietrza, g\u0142odu, ognia i wojny\u201d. <\/span><\/span><\/span><\/p>\n<p><span style=\"font-family: Times New Roman, serif;\"><span style=\"font-size: medium;\"><span style=\"font-size: large;\">Modli\u0107 si\u0119 mo\u017cna \u2013 i nale\u017cy! \u2013 zar\u00f3wno w ko\u015bciele, jak i w zaciszu domostwa, co nie zawsze oznacza\u0107 musi modlitw\u0119 indywidualn\u0105, bowiem w\u0142\u0105czaj\u0105c si\u0119, czy to samemu czy ca\u0142ymi rodzinami, w akcje modlitewne w intencji odsuni\u0119cia zagro\u017cenia koronawirusem, modlimy si\u0119 wraz ze spo\u0142eczno\u015bci\u0105 wiernych odmawiaj\u0105cych w tej intencji R\u00f3\u017caniec, Koronk\u0119 do Bo\u017cego Mi\u0142osierdzia lub inne nabo\u017ce\u0144stwo.<\/span><\/span><\/span><\/p>\n<p><span style=\"font-family: Times New Roman, serif;\"><span style=\"font-size: medium;\"><span style=\"font-size: large;\">Jednocze\u015bnie publiczne celebracje religijne nie powinny ustawa\u0107. Nie zapominajmy, \u017ce Cia\u0142o Chrystusa to nasz najwi\u0119kszy Skarb i pokarm daj\u0105cy \u017cycie! <\/span><\/span><\/span><\/p>\n<p><span style=\"font-family: Times New Roman, serif;\"><span style=\"font-size: medium;\"><span style=\"font-size: large;\">W przypadku niemo\u017cno\u015bci obecno\u015bci na niedzielnej Mszy \u015bwi\u0119tej lub zalecanej w takiej sytuacji liturgii S\u0142owa \u201eKodeks Prawa Kanonicznego\u201d radzi po\u015bwi\u0119ci\u0107 \u201eodpowiedni czas na modlitw\u0119 indywidualn\u0105 w rodzinie lub w grupach rodzin\u201d .<\/span><\/span><\/span><\/p>\n<p><span style=\"font-family: Times New Roman, serif;\"><span style=\"font-size: medium;\"><span style=\"font-size: large;\">Modlitwa powinna jednak wsp\u00f3\u0142istnie\u0107 z dzia\u0142aniami medycznymi i profilaktycznymi, a niekiedy nawet zmianami w organizacji wydarze\u0144 spo\u0142ecznych, funkcjonowaniu komunikacji, szk\u00f3\u0142 i zak\u0142ad\u00f3w pracy.<\/span><\/span><\/span><\/p>\n<p><span style=\"font-family: Times New Roman, serif;\"><span style=\"font-size: medium;\"><span style=\"font-size: large;\">Warto przy okazji rozwa\u017cy\u0107, czy w pewnych okoliczno\u015bciach brak jakichkolwiek zmian nie by\u0142by wr\u0119cz swego rodzaju nieuprawnionym wystawianiem Pana Boga na pr\u00f3b\u0119 . Stw\u00f3rca wszak da\u0142 nam i wiar\u0119 i rozum! Nie sam rozum, nie sam\u0105 wiar\u0119, ale i jedno i drugie, za\u015b korzystanie z mo\u017cliwo\u015bci my\u015blenia i analizowania rzeczywisto\u015bci to wr\u0119cz nasz obowi\u0105zek. Nigdy natomiast, tak\u017ce w sytuacji kryzysowej, nie wolno porzuca\u0107 zar\u00f3wno wiary, jak i rozumu. Nie nale\u017cy tak\u017ce ich sobie przeciwstawi\u0107, gdy\u017c oba s\u0105 Bo\u017cymi darami i maj\u0105 nas prowadzi\u0107 ku dobru na ziemi oraz celom najwy\u017cszym.<\/span><\/span><\/span><\/p>\n<p><span style=\"font-family: Times New Roman, serif;\"><span style=\"font-size: medium;\"><span style=\"font-size: large;\">Dlatego te\u017c w trakcie epidemii koniecznym jest stosowanie si\u0119 do wynikaj\u0105cych z naukowej refleksji zalece\u0144 higienicznych i tolerowanie niekiedy k\u0142opotliwych nak\u0142adanych na nas ogranicze\u0144. Wszelkie obecne w naszym narodzie sk\u0142onno\u015bci anarchizuj\u0105ce nale\u017cy czym pr\u0119dzej odrzuci\u0107, by nie powt\u00f3rzy\u0107 b\u0142\u0119d\u00f3w pope\u0142nionych we W\u0142oszech.<\/span><\/span><\/span><\/p>\n<p><span style=\"font-family: Times New Roman, serif;\"><span style=\"font-size: medium;\"><span style=\"font-size: large;\">Tam \u2013 jak wynika z medialnych doniesie\u0144 \u2013 do\u015b\u0107 swobodnie podchodzono do pocz\u0105tkowo umiarkowanych pod wzgl\u0119dem surowo\u015bci obostrze\u0144.<\/span><\/span><\/span><\/p>\n<p><span style=\"font-family: Times New Roman, serif;\"><span style=\"font-size: medium;\"><span style=\"font-size: large;\">Raz jeden my, Polacy, mo\u017cemy by\u0107 wi\u0119c m\u0105drzy przed szkod\u0105 i wyci\u0105gn\u0105\u0107 wnioski z cudzych b\u0142\u0119d\u00f3w. Choroba jest szczeg\u00f3lnie niebezpieczna dla os\u00f3b przewlekle chorych i starszych, dlatego te\u017c odpowiedzialna i my\u015bl\u0105ca nie tylko o sobie osoba m\u0142oda, kt\u00f3ra sama (jak wskazuj\u0105 statystyki) najprawdopodobniej przesz\u0142aby zaka\u017cenie bez wi\u0119kszych komplikacji, powinna stosowa\u0107 wszystkie zalecenia sanitarne z najwi\u0119ksz\u0105 surowo\u015bci\u0105 z powodu troski o zdrowie i \u017cycie bli\u017anich. <\/span><\/span><\/span><\/p>\n<p><span style=\"font-family: Times New Roman, serif;\"><span style=\"font-size: medium;\"><span style=\"font-size: large;\">Pami\u0119tajmy te\u017c, \u017ce podstaw\u0105 istnienia spo\u0142ecze\u0144stw jest zaufanie. Musimy wi\u0119c zaufa\u0107 lekarzom, nawet je\u015bli czasami do pracy niekt\u00f3rych z nich mamy powa\u017cne zastrze\u017cenia. <\/span><\/span><\/span><\/p>\n","protected":false},"excerpt":{"rendered":"<p>Jak wobec mo\u017cliwego i niestety prawdopodobnego rozwoju koronawirusa powinien zachowa\u0107 si\u0119 katolik? Po pierwsze katolik powinien zachowa\u0107 spok\u00f3j ducha, gdy\u017c wie, \u017ce Pan B\u00f3g jest Panem nie tylko Nieba, ale i Ziemi \u2013 a wi\u0119c i jej historii, wszystkich rzeczy widzialnych i niewidzialnych. Powinien analizowa\u0107 informacje z pomoc\u0105 w\u0142asnego rozumu i takich zdolno\u015bci, jakimi obdarowa\u0142 go Stw\u00f3rca. Nie wolno nam zatem ulega\u0107 panice. Nale\u017cy zachowa\u0107 spok\u00f3j, a jednocze\u015bnie \u2013 co oczywiste \u2013 dba\u0107 o zdrowie i \u017cycie swoje oraz bliskich, np. poprzez podporz\u0105dkowywanie si\u0119 zaleceniom sanitarnym. \u015awi\u0119ty Ignacy Loyola powiedzia\u0142: \u201eTak Bogu ufaj, jakby ca\u0142e powodzenie spraw zale\u017ca\u0142o tylko od Boga, a nie od ciebie; tak jednak dok\u0142adaj wszelkich stara\u0144, jakby\u015b ty sam mia\u0142 to wszystko zdzia\u0142a\u0107, a B\u00f3g nic zgo\u0142a\u201d. Te s\u0142owa to doskona\u0142a rada dla narod\u00f3w walcz\u0105cych z pandemi\u0105 szalej\u0105cego po \u015bwiecie wirusa . Musimy pok\u0142ada\u0107 ufno\u015b\u0107 w Panu i modli\u0107 si\u0119 do Niego o potrzebne \u0142aski. Jednocze\u015bnie&hellip;<\/p>\n<p> <a class=\"more-link\" href=\"http:\/\/www.franciszek-walcz.pl\/?p=7677\">Czytaj dalej<\/a><\/p>\n","protected":false},"author":1,"featured_media":0,"comment_status":"closed","ping_status":"open","sticky":false,"template":"","format":"standard","meta":{"footnotes":""},"categories":[5],"tags":[],"class_list":{"0":"post-7677","1":"post","2":"type-post","3":"status-publish","4":"format-standard","6":"category-artykuly"},"brizy_media":[],"_links":{"self":[{"href":"http:\/\/www.franciszek-walcz.pl\/index.php?rest_route=\/wp\/v2\/posts\/7677","targetHints":{"allow":["GET"]}}],"collection":[{"href":"http:\/\/www.franciszek-walcz.pl\/index.php?rest_route=\/wp\/v2\/posts"}],"about":[{"href":"http:\/\/www.franciszek-walcz.pl\/index.php?rest_route=\/wp\/v2\/types\/post"}],"author":[{"embeddable":true,"href":"http:\/\/www.franciszek-walcz.pl\/index.php?rest_route=\/wp\/v2\/users\/1"}],"replies":[{"embeddable":true,"href":"http:\/\/www.franciszek-walcz.pl\/index.php?rest_route=%2Fwp%2Fv2%2Fcomments&post=7677"}],"version-history":[{"count":1,"href":"http:\/\/www.franciszek-walcz.pl\/index.php?rest_route=\/wp\/v2\/posts\/7677\/revisions"}],"predecessor-version":[{"id":7678,"href":"http:\/\/www.franciszek-walcz.pl\/index.php?rest_route=\/wp\/v2\/posts\/7677\/revisions\/7678"}],"wp:attachment":[{"href":"http:\/\/www.franciszek-walcz.pl\/index.php?rest_route=%2Fwp%2Fv2%2Fmedia&parent=7677"}],"wp:term":[{"taxonomy":"category","embeddable":true,"href":"http:\/\/www.franciszek-walcz.pl\/index.php?rest_route=%2Fwp%2Fv2%2Fcategories&post=7677"},{"taxonomy":"post_tag","embeddable":true,"href":"http:\/\/www.franciszek-walcz.pl\/index.php?rest_route=%2Fwp%2Fv2%2Ftags&post=7677"}],"curies":[{"name":"wp","href":"https:\/\/api.w.org\/{rel}","templated":true}]}}