{"id":7679,"date":"2020-03-14T12:40:03","date_gmt":"2020-03-14T11:40:03","guid":{"rendered":"http:\/\/www.franciszek-walcz.pl\/?p=7679"},"modified":"2020-03-14T12:41:02","modified_gmt":"2020-03-14T11:41:02","slug":"komunikat-episkopatu-polski","status":"publish","type":"post","link":"http:\/\/www.franciszek-walcz.pl\/?p=7679","title":{"rendered":"Komunikat Episkopatu Polski"},"content":{"rendered":"<p><span style=\"font-family: Times New Roman, serif;\"><span style=\"font-size: medium;\"><b><span style=\"font-size: large;\">Z wiar\u0105 w Opatrzno\u015b\u0107 Bo\u017c\u0105 i w trosce o \u017cycie i zdrowie spo\u0142ecze\u0144stwa i w nawi\u0105zaniu do komunikat\u00f3w Przewodnicz\u0105cego Konferencji Episkopatu Polski podejmujemy decyzj\u0119 o wprowadzeniu prewencyjnych \u015brodk\u00f3w ostro\u017cno\u015bci w sytuacji zagro\u017cenia koronawirusem.<\/span><\/b> <\/span><\/span><\/p>\n<p><span style=\"font-family: Times New Roman, serif;\"><span style=\"font-size: medium;\"><span style=\"font-size: large;\">Ko\u015bci\u00f3\u0142 od dw\u00f3ch tysi\u0105cleci s\u0142u\u017cy osobom chorym i potrzebuj\u0105cym, nawet w czasach epidemii, <\/span><span style=\"font-size: large;\"><b>nie rezygnuj\u0105c z g\u0142oszenia Ewangelii oraz sprawowania sakrament\u00f3w \u015bwi\u0119tych. <\/b><\/span><\/span><\/span><\/p>\n<p><span style=\"font-family: Times New Roman, serif;\"><span style=\"font-size: medium;\"><span style=\"font-size: large;\">1. Maj\u0105c na uwadze zagro\u017cenie zdrowia oraz \u017cycia <\/span><span style=\"font-size: large;\"><u>, <\/u><\/span><span style=\"font-size: large;\"><u><b>rekomendujemy biskupom diecezjalnym udzielenie dyspensy od obowi\u0105zku niedzielnego uczestnictwa we Mszy \u015awi\u0119tej do dnia 29 marca br. nast\u0119puj\u0105cym wiernym: <\/b><\/u><\/span><span style=\"font-size: large;\"><b>a. osobom w podesz\u0142ym wieku, <\/b><\/span><u><b> <\/b><\/u><span style=\"font-size: large;\"><b>b. osobom z objawami infekcji (np. kaszel, katar, podwy\u017cszona temperatura, itp.), <\/b><\/span><u><b> <\/b><\/u><span style=\"font-size: large;\"><b>c. dzieciom i m\u0142odzie\u017cy szkolnej oraz doros\u0142ym, kt\u00f3rzy sprawuj\u0105 nad nimi bezpo\u015bredni\u0105 opiek\u0119, <\/b><\/span><u><b> <\/b><\/u><span style=\"font-size: large;\"><b>d. osobom, kt\u00f3re czuj\u0105 obaw\u0119 przed zara\u017ceniem. <\/b><\/span><\/span><\/span><\/p>\n<p><span style=\"font-family: Times New Roman, serif;\"><span style=\"font-size: medium;\"><span style=\"font-size: large;\">Skorzystanie z dyspensy oznacza, \u017ce nieobecno\u015b\u0107 na Mszy niedzielnej we wskazanym czasie nie jest grzechem. Jednocze\u015bnie zach\u0119camy, aby osoby korzystaj\u0105ce z dyspensy trwa\u0142y na osobistej i rodzinnej modlitwie. Zach\u0119camy te\u017c do duchowej \u0142\u0105czno\u015bci ze wsp\u00f3lnot\u0105 Ko\u015bcio\u0142a poprzez transmisje radiowe, telewizyjne lub internetowe. <\/span><\/span><\/span><\/p>\n<p><span style=\"font-family: Times New Roman, serif;\"><span style=\"font-size: medium;\"><span style=\"font-size: large;\"><b>2.<\/b><\/span> <span style=\"font-size: large;\"><u><b>W czasie liturgii do dnia 29 marca br. nale\u017cy przestrzega\u0107 w ko\u015bcio\u0142ach nast\u0119puj\u0105cych zasad:<\/b><\/u><\/span><b> <\/b><\/span><\/span><\/p>\n<p><span style=\"font-family: Times New Roman, serif;\"><span style=\"font-size: medium;\"><span style=\"font-size: large;\"><b>a. kap\u0142ani przed rozpocz\u0119ciem liturgii powinni dok\u0142adnie umy\u0107 r\u0119ce i kierowa\u0107 si\u0119 zasadami higieny, <\/b><\/span><\/span><\/span><\/p>\n<p><span style=\"font-family: Times New Roman, serif;\"><span style=\"font-size: medium;\"><span style=\"font-size: large;\"><b>b. przypominamy, \u017ce przepisy liturgiczne Ko\u015bcio\u0142a przewiduj\u0105 przyjmowanie Komunii \u015awi\u0119tej na r\u0119k\u0119, do czego teraz zach\u0119camy, <\/b><\/span><\/span><\/span><\/p>\n<p><span style=\"font-family: Times New Roman, serif;\"><span style=\"font-size: medium;\"><span style=\"font-size: large;\"><b>c. znak pokoju nale\u017cy przekazywa\u0107 przez skinienie g\u0142owy, bez podawania r\u0105k, <\/b><\/span><\/span><\/span><\/p>\n<p><span style=\"font-family: Times New Roman, serif;\"><span style=\"font-size: medium;\"><span style=\"font-size: large;\"><b>d. cze\u015b\u0107 Krzy\u017cowi nale\u017cy oddawa\u0107 przez przykl\u0119kni\u0119cie lub g\u0142\u0119boki sk\u0142on, bez kontaktu bezpo\u015bredniego, <\/b><\/span><\/span><\/span><\/p>\n<p><span style=\"font-family: Times New Roman, serif;\"><span style=\"font-size: medium;\"><span style=\"font-size: large;\"><b>e. nale\u017cy powstrzyma\u0107 si\u0119 ponadto od oddawania czci relikwiom poprzez poca\u0142unek lub dotkni\u0119cie, <\/b><\/span><\/span><\/span><\/p>\n<p><span style=\"font-family: Times New Roman, serif;\"><span style=\"font-size: medium;\"><span style=\"font-size: large;\"><b>f. na kratki konfesjona\u0142\u00f3w nale\u017cy na\u0142o\u017cy\u0107 folie ochronne, <\/b><\/span><\/span><\/span><\/p>\n<p><span style=\"font-family: Times New Roman, serif;\"><span style=\"font-size: medium;\"><span style=\"font-size: large;\"><b>g. rezygnujemy z nape\u0142niania kropielnic ko\u015bcielnych wod\u0105 \u015bwi\u0119con\u0105. <\/b><\/span><\/span><\/span><\/p>\n<p><span style=\"font-family: Times New Roman, serif;\"><span style=\"font-size: medium;\"><span style=\"font-size: large;\">3. W obecnej sytuacji przypominamy, \u017ce \u201etak jak szpitale lecz\u0105 choroby cia\u0142a, tak ko\u015bcio\u0142y s\u0142u\u017c\u0105 m.in. leczeniu chor\u00f3b ducha, dlatego jest niewyobra\u017calne, aby\u015bmy nie modlili si\u0119 w naszych ko\u015bcio\u0142ach\u201d (Komunikat Przewodnicz\u0105cego Konferencji Episkopatu Polski, abp. S. G\u0105deckiego, 10.03.2020). W zwi\u0105zku z tym zach\u0119camy wszystkich wiernych, aby poza liturgi\u0105 nawiedzali ko\u015bcio\u0142y na gorliw\u0105 modlitw\u0119 osobist\u0105. Polecamy duszpasterzom: <\/span><\/span><\/span><\/p>\n<p><span style=\"font-family: Times New Roman, serif;\"><span style=\"font-size: medium;\"><span style=\"font-size: large;\">a. aby ko\u015bcio\u0142y pozostawa\u0142y otwarte w ci\u0105gu dnia, <\/span><\/span><\/span><\/p>\n<p><span style=\"font-family: Times New Roman, serif;\"><span style=\"font-size: medium;\"><span style=\"font-size: large;\">b. aby kap\u0142ani troszczyli si\u0119 o dodatkowe okazje do spowiedzi i adoracji Naj\u015bwi\u0119tszego Sakramentu, <\/span><\/span><\/span><\/p>\n<p><span style=\"font-family: Times New Roman, serif;\"><span style=\"font-size: medium;\"><span style=\"font-size: large;\">c. aby \u2013 przy zachowaniu nale\u017cytych zasad higieny \u2013 kap\u0142ani odwiedzali chorych i starszych parafian z pos\u0142ug\u0105 sakramentaln\u0105. <\/span><\/span><\/span><\/p>\n<p><span style=\"font-family: Times New Roman, serif;\"><span style=\"font-size: medium;\"><span style=\"font-size: large;\">4<\/span><span style=\"font-size: large;\"><b>. Jednocze\u015bnie informujemy, \u017ce do dnia 29 marca br.: <\/b><\/span><\/span><\/span><\/p>\n<p><span style=\"font-family: Times New Roman, serif;\"><span style=\"font-size: medium;\"><span style=\"font-size: large;\">a. liturgie z udzieleniem sakramentu bierzmowania przeniesione zostaj\u0105 na terminy p\u00f3\u017aniejsze, <\/span><\/span><\/span><\/p>\n<p><span style=\"font-family: Times New Roman, serif;\"><span style=\"font-size: medium;\"><span style=\"font-size: large;\">b. zawieszone zostaj\u0105 pielgrzymki maturzyst\u00f3w na Jasn\u0105 G\u00f3r\u0119 oraz rekolekcje szkolne organizowane przez parafie. Jednocze\u015bnie prosimy \u015brodki spo\u0142ecznego przekazu oraz duchownych o propozycje rekolekcji w internecie, kt\u00f3re w ten spos\u00f3b mog\u0105 by\u0107 prze\u017cywane w domu, <\/span><\/span><\/span><\/p>\n<p><span style=\"font-family: Times New Roman, serif;\"><span style=\"font-size: medium;\"><span style=\"font-size: large;\"><u><b>c. sprawy rekolekcji dla doros\u0142ych oraz organizacj\u0119 innych spotka\u0144 pozostawia si\u0119 roztropnemu rozeznaniu ksi\u0119\u017cy proboszcz\u00f3w. <\/b><\/u><\/span><\/span><\/span><\/p>\n<p><span style=\"font-family: Times New Roman, serif;\"><span style=\"font-size: medium;\"><span style=\"font-size: large;\">Prosimy o solidarno\u015b\u0107 z osobami starszymi i potrzebuj\u0105cymi, np. poprzez pomoc w zakupach. Prosimy wszystkich ludzi wierz\u0105cych o modlitw\u0119 w intencji ochrony przed chorobami, a tak\u017ce o pok\u00f3j serc i \u0142ask\u0119 g\u0142\u0119bokiego nawr\u00f3cenia dla ka\u017cdego z nas. Dobremu Bogu polecajmy wszystkich zmar\u0142ych na skutek koronawirusa. M\u00f3dlmy si\u0119 o zdrowie dla chorych, tych, kt\u00f3rzy si\u0119 nimi opiekuj\u0105, lekarzy i personelu medycznego oraz wszystkich s\u0142u\u017cb sanitarnych. M\u00f3dlmy si\u0119 o wyga\u015bni\u0119cie epidemii. Zgodnie z Tradycj\u0105 Ko\u015bcio\u0142a zach\u0119camy do \u015bpiewania w naszych ko\u015bcio\u0142ach suplikacji \u201e\u015awi\u0119ty Bo\u017ce, \u015awi\u0119ty Mocny\u2026 Od powietrza, g\u0142odu, ognia i wojny, zachowaj nas Panie\u201d. <\/span><\/span><\/span><\/p>\n<p><span style=\"font-family: Times New Roman, serif;\"><span style=\"font-size: medium;\"><b>Rada Sta\u0142a Konferencji Episkopatu Polski<\/b> <b>Warszawa, 12 marca 2020 r.<\/b> <\/span><\/span><\/p>\n","protected":false},"excerpt":{"rendered":"<p>Z wiar\u0105 w Opatrzno\u015b\u0107 Bo\u017c\u0105 i w trosce o \u017cycie i zdrowie spo\u0142ecze\u0144stwa i w nawi\u0105zaniu do komunikat\u00f3w Przewodnicz\u0105cego Konferencji Episkopatu Polski podejmujemy decyzj\u0119 o wprowadzeniu prewencyjnych \u015brodk\u00f3w ostro\u017cno\u015bci w sytuacji zagro\u017cenia koronawirusem. Ko\u015bci\u00f3\u0142 od dw\u00f3ch tysi\u0105cleci s\u0142u\u017cy osobom chorym i potrzebuj\u0105cym, nawet w czasach epidemii, nie rezygnuj\u0105c z g\u0142oszenia Ewangelii oraz sprawowania sakrament\u00f3w \u015bwi\u0119tych. 1. Maj\u0105c na uwadze zagro\u017cenie zdrowia oraz \u017cycia , rekomendujemy biskupom diecezjalnym udzielenie dyspensy od obowi\u0105zku niedzielnego uczestnictwa we Mszy \u015awi\u0119tej do dnia 29 marca br. nast\u0119puj\u0105cym wiernym: a. osobom w podesz\u0142ym wieku, b. osobom z objawami infekcji (np. kaszel, katar, podwy\u017cszona temperatura, itp.), c. dzieciom i m\u0142odzie\u017cy szkolnej oraz doros\u0142ym, kt\u00f3rzy sprawuj\u0105 nad nimi bezpo\u015bredni\u0105 opiek\u0119, d. osobom, kt\u00f3re czuj\u0105 obaw\u0119 przed zara\u017ceniem. Skorzystanie z dyspensy oznacza, \u017ce nieobecno\u015b\u0107 na Mszy niedzielnej we wskazanym czasie nie jest grzechem. Jednocze\u015bnie zach\u0119camy, aby osoby korzystaj\u0105ce z dyspensy trwa\u0142y na osobistej i rodzinnej modlitwie. Zach\u0119camy te\u017c do&hellip;<\/p>\n<p> <a class=\"more-link\" href=\"http:\/\/www.franciszek-walcz.pl\/?p=7679\">Czytaj dalej<\/a><\/p>\n","protected":false},"author":1,"featured_media":0,"comment_status":"closed","ping_status":"open","sticky":false,"template":"","format":"standard","meta":{"footnotes":""},"categories":[4],"tags":[],"class_list":{"0":"post-7679","1":"post","2":"type-post","3":"status-publish","4":"format-standard","6":"category-ogloszenia"},"brizy_media":[],"_links":{"self":[{"href":"http:\/\/www.franciszek-walcz.pl\/index.php?rest_route=\/wp\/v2\/posts\/7679","targetHints":{"allow":["GET"]}}],"collection":[{"href":"http:\/\/www.franciszek-walcz.pl\/index.php?rest_route=\/wp\/v2\/posts"}],"about":[{"href":"http:\/\/www.franciszek-walcz.pl\/index.php?rest_route=\/wp\/v2\/types\/post"}],"author":[{"embeddable":true,"href":"http:\/\/www.franciszek-walcz.pl\/index.php?rest_route=\/wp\/v2\/users\/1"}],"replies":[{"embeddable":true,"href":"http:\/\/www.franciszek-walcz.pl\/index.php?rest_route=%2Fwp%2Fv2%2Fcomments&post=7679"}],"version-history":[{"count":1,"href":"http:\/\/www.franciszek-walcz.pl\/index.php?rest_route=\/wp\/v2\/posts\/7679\/revisions"}],"predecessor-version":[{"id":7680,"href":"http:\/\/www.franciszek-walcz.pl\/index.php?rest_route=\/wp\/v2\/posts\/7679\/revisions\/7680"}],"wp:attachment":[{"href":"http:\/\/www.franciszek-walcz.pl\/index.php?rest_route=%2Fwp%2Fv2%2Fmedia&parent=7679"}],"wp:term":[{"taxonomy":"category","embeddable":true,"href":"http:\/\/www.franciszek-walcz.pl\/index.php?rest_route=%2Fwp%2Fv2%2Fcategories&post=7679"},{"taxonomy":"post_tag","embeddable":true,"href":"http:\/\/www.franciszek-walcz.pl\/index.php?rest_route=%2Fwp%2Fv2%2Ftags&post=7679"}],"curies":[{"name":"wp","href":"https:\/\/api.w.org\/{rel}","templated":true}]}}