{"id":7681,"date":"2020-03-14T12:42:11","date_gmt":"2020-03-14T11:42:11","guid":{"rendered":"http:\/\/www.franciszek-walcz.pl\/?p=7681"},"modified":"2020-03-14T12:42:36","modified_gmt":"2020-03-14T11:42:36","slug":"komunikat-przewodniczacego-konferencji-episkopatu-polski","status":"publish","type":"post","link":"http:\/\/www.franciszek-walcz.pl\/?p=7681","title":{"rendered":"Komunikat Przewodnicz\u0105cego Konferencji Episkopatu Polski"},"content":{"rendered":"<p align=\"left\"><span style=\"font-family: Times New Roman, serif;\"><span style=\"font-size: large;\">W zwi\u0105zku z wprowadzeniem stanu zagro\u017cenia epidemicznego w Polsce oraz <\/span><\/span><span style=\"font-family: Times New Roman, serif;\"><span style=\"font-size: large;\"><b>stosuj\u0105c si\u0119 do rozporz\u0105dze\u0144 organ\u00f3w pa\u0144stwowych z 13 marca br., kt\u00f3re ograniczy\u0142y liczb\u0119 uczestnik\u00f3w zgromadze\u0144 do 50 os\u00f3b, w tej wyj\u0105tkowej sytuacji, prosz\u0119 biskup\u00f3w diecezjalnych o wydanie decyzji, aby podczas ka\u017cdej Mszy \u015bw. i nabo\u017ce\u0144stw wewn\u0105trz ko\u015bcio\u0142a mog\u0142o przebywa\u0107 maksymalnie 50 os\u00f3b.<br \/>\n<\/b><\/span><\/span><span style=\"font-family: Times New Roman, serif;\"><span style=\"font-size: large;\"><br \/>\nPrzypominam r\u00f3wnie\u017c o dyspensie wydawanej przez biskup\u00f3w diecezjalnych od obowi\u0105zku uczestnictwa w niedzielnych i \u015bwi\u0105tecznych Mszach \u015awi\u0119tych, zgodnie z Kodeksem Prawa Kanonicznego. Osoby, kt\u00f3re z niej korzystaj\u0105, prosz\u0119 o duchow\u0105 \u0142\u0105czno\u015b\u0107 ze wsp\u00f3lnot\u0105 Ko\u015bcio\u0142a za po\u015brednictwem transmisji w \u015brodkach spo\u0142ecznego przekazu.<\/span><\/span><\/p>\n<p>Zach\u0119cam r\u00f3wnie\u017c, aby ksi\u0119\u017ca biskupi wydawali diecezjalne zarz\u0105dzenia dotycz\u0105ce opieki duszpasterskiej nad wiernymi w czasie epidemii, w nawi\u0105zaniu do moich poprzednich komunikat\u00f3w i Zarz\u0105dzenia Rady Sta\u0142ej KEP z 12 marca br.<\/p>\n<p>Prosz\u0119 kap\u0142an\u00f3w i osoby \u017cycia konsekrowanego, aby ka\u017cdego dnia o godzinie 20.30 \u2013 bez udzia\u0142u wiernych \u2013 odmawiali w ko\u015bciele r\u00f3\u017caniec w intencji os\u00f3b chorych oraz tych, kt\u00f3rzy si\u0119 nimi opiekuj\u0105, jak r\u00f3wnie\u017c s\u0142u\u017cb medycznych i sanitarnych, a tak\u017ce o pok\u00f3j serc i \u0142ask\u0119 nawr\u00f3cenia. Prosz\u0119 wiernych, aby w tym samym czasie w swoich rodzinach odmawiali r\u00f3\u017caniec w duchowej \u0142\u0105czno\u015bci z kap\u0142anami.<\/p>\n<p>Wszystkich wiernych i pasterzy zapewniam o mojej modlitwie i duchowej \u0142\u0105czno\u015bci.<\/p>\n<p>+ Stanis\u0142aw G\u0105decki<br \/>\nMetropolita Pozna\u0144ski<br \/>\nPrzewodnicz\u0105cy Konferencji Episkopatu Polski<\/p>\n<p>Warszawa, 13 marca 2020 roku<\/p>\n","protected":false},"excerpt":{"rendered":"<p>W zwi\u0105zku z wprowadzeniem stanu zagro\u017cenia epidemicznego w Polsce oraz stosuj\u0105c si\u0119 do rozporz\u0105dze\u0144 organ\u00f3w pa\u0144stwowych z 13 marca br., kt\u00f3re ograniczy\u0142y liczb\u0119 uczestnik\u00f3w zgromadze\u0144 do 50 os\u00f3b, w tej wyj\u0105tkowej sytuacji, prosz\u0119 biskup\u00f3w diecezjalnych o wydanie decyzji, aby podczas ka\u017cdej Mszy \u015bw. i nabo\u017ce\u0144stw wewn\u0105trz ko\u015bcio\u0142a mog\u0142o przebywa\u0107 maksymalnie 50 os\u00f3b. Przypominam r\u00f3wnie\u017c o dyspensie wydawanej przez biskup\u00f3w diecezjalnych od obowi\u0105zku uczestnictwa w niedzielnych i \u015bwi\u0105tecznych Mszach \u015awi\u0119tych, zgodnie z Kodeksem Prawa Kanonicznego. Osoby, kt\u00f3re z niej korzystaj\u0105, prosz\u0119 o duchow\u0105 \u0142\u0105czno\u015b\u0107 ze wsp\u00f3lnot\u0105 Ko\u015bcio\u0142a za po\u015brednictwem transmisji w \u015brodkach spo\u0142ecznego przekazu. Zach\u0119cam r\u00f3wnie\u017c, aby ksi\u0119\u017ca biskupi wydawali diecezjalne zarz\u0105dzenia dotycz\u0105ce opieki duszpasterskiej nad wiernymi w czasie epidemii, w nawi\u0105zaniu do moich poprzednich komunikat\u00f3w i Zarz\u0105dzenia Rady Sta\u0142ej KEP z 12 marca br. Prosz\u0119 kap\u0142an\u00f3w i osoby \u017cycia konsekrowanego, aby ka\u017cdego dnia o godzinie 20.30 \u2013 bez udzia\u0142u wiernych \u2013 odmawiali w ko\u015bciele r\u00f3\u017caniec w intencji os\u00f3b chorych oraz&hellip;<\/p>\n<p> <a class=\"more-link\" href=\"http:\/\/www.franciszek-walcz.pl\/?p=7681\">Czytaj dalej<\/a><\/p>\n","protected":false},"author":1,"featured_media":0,"comment_status":"closed","ping_status":"open","sticky":false,"template":"","format":"standard","meta":{"footnotes":""},"categories":[4],"tags":[],"class_list":{"0":"post-7681","1":"post","2":"type-post","3":"status-publish","4":"format-standard","6":"category-ogloszenia"},"brizy_media":[],"_links":{"self":[{"href":"http:\/\/www.franciszek-walcz.pl\/index.php?rest_route=\/wp\/v2\/posts\/7681","targetHints":{"allow":["GET"]}}],"collection":[{"href":"http:\/\/www.franciszek-walcz.pl\/index.php?rest_route=\/wp\/v2\/posts"}],"about":[{"href":"http:\/\/www.franciszek-walcz.pl\/index.php?rest_route=\/wp\/v2\/types\/post"}],"author":[{"embeddable":true,"href":"http:\/\/www.franciszek-walcz.pl\/index.php?rest_route=\/wp\/v2\/users\/1"}],"replies":[{"embeddable":true,"href":"http:\/\/www.franciszek-walcz.pl\/index.php?rest_route=%2Fwp%2Fv2%2Fcomments&post=7681"}],"version-history":[{"count":2,"href":"http:\/\/www.franciszek-walcz.pl\/index.php?rest_route=\/wp\/v2\/posts\/7681\/revisions"}],"predecessor-version":[{"id":7683,"href":"http:\/\/www.franciszek-walcz.pl\/index.php?rest_route=\/wp\/v2\/posts\/7681\/revisions\/7683"}],"wp:attachment":[{"href":"http:\/\/www.franciszek-walcz.pl\/index.php?rest_route=%2Fwp%2Fv2%2Fmedia&parent=7681"}],"wp:term":[{"taxonomy":"category","embeddable":true,"href":"http:\/\/www.franciszek-walcz.pl\/index.php?rest_route=%2Fwp%2Fv2%2Fcategories&post=7681"},{"taxonomy":"post_tag","embeddable":true,"href":"http:\/\/www.franciszek-walcz.pl\/index.php?rest_route=%2Fwp%2Fv2%2Ftags&post=7681"}],"curies":[{"name":"wp","href":"https:\/\/api.w.org\/{rel}","templated":true}]}}