{"id":7696,"date":"2020-03-14T13:02:38","date_gmt":"2020-03-14T12:02:38","guid":{"rendered":"http:\/\/www.franciszek-walcz.pl\/?p=7696"},"modified":"2020-03-14T13:52:12","modified_gmt":"2020-03-14T12:52:12","slug":"komunikat-dotyczacy-funkcjonowania-parafii","status":"publish","type":"post","link":"http:\/\/www.franciszek-walcz.pl\/?p=7696","title":{"rendered":"Komunikat dotycz\u0105cy funkcjonowania parafii"},"content":{"rendered":"<p align=\"center\"><span style=\"font-family: Times New Roman, serif;\"><span style=\"font-size: x-large;\"><b>Parafia Wojskowa \u015bw. Franciszka w Wa\u0142czu<\/b><\/span><\/span><\/p>\n<p><span style=\"font-family: Times New Roman, serif;\"><span style=\"font-size: x-large;\"><b>Komunikat dotycz\u0105cy funkcjonowania parafii w obliczu rozprzestrzeniania si\u0119 koronawirusa.<\/b><\/span><\/span><\/p>\n<p><span style=\"color: #ff6600;\"><span style=\"font-family: Times New Roman, serif;\"><span style=\"font-size: x-large;\">&#8211;\u00a0 <\/span><\/span><span style=\"font-family: Times New Roman, serif;\"><span style=\"font-size: x-large;\"><b>godziny Mszy \u015awi\u0119tych w naszej parafii pozostaj\u0105 bez zmian, wtorek \u2013 pi\u0105tek- godz. 18,00 <\/b><\/span><\/span><span style=\"font-family: Times New Roman, serif;\"><span style=\"font-size: x-large;\"><b> sobota \u2013 godz.. 17,00 , niedziela \u2013 godz. 9,00 i 10,30<\/b><\/span><\/span><span style=\"font-family: Times New Roman, serif;\"><span style=\"font-size: x-large;\"><br \/>\n<\/span><\/span><span style=\"font-family: Times New Roman, serif;\"><span style=\"font-size: x-large;\">&#8211; sobotnia wieczorowa Msza \u015bw. o godz. 17.00 odprawiana jako niedzielna Msza \u015bw., w ten spos\u00f3b wype\u0142nia ona obowi\u0105zek niedzielnej<\/span><\/span><\/span><span style=\"font-family: Times New Roman, serif;\"><span style=\"font-size: x-large;\"><br \/>\n<\/span><\/span><\/p>\n<p><span style=\"font-family: Times New Roman, serif;\"><span style=\"font-size: x-large;\">&#8211; spowied\u017a przed ka\u017cd\u0105 Msz\u0105 \u015bw. <\/span><\/span><\/p>\n<p><span style=\"font-family: Times New Roman, serif;\"><span style=\"font-size: x-large;\"><b>&#8211; Droga Krzy\u017cowa , Gorzkie \u017bale &#8211; odwo\u0142ane<\/b><\/span><\/span><span style=\"font-family: Times New Roman, serif;\"><span style=\"font-size: x-large;\"><br \/>\n<\/span><\/span><span style=\"font-family: Times New Roman, serif;\"><span style=\"font-size: x-large;\"><b>&#8211; rekolekcje wielkopostne &#8211; odwo\u0142ane<\/b><\/span><\/span><\/p>\n<p>&#8211; znak pokoju w czasie Eucharystii przekazujemy przez skinienie g\u0142ow\u0105,<br \/>\n&#8211; nie ca\u0142ujemy stu\u0142y po spowiedzi,<br \/>\n&#8211; woda \u015bwi\u0119cona w kropielnicach &#8211; nie korzystamy z niej<\/p>\n<p><span style=\"font-family: Times New Roman, serif;\"><span style=\"font-size: x-large;\">&#8211; dzieci prosimy o pozostanie w domach,- osoby chore prosimy o pozostanie w domach,<br \/>\n&#8211; osoby starsze prosimy o rozwag\u0119 i zalecamy udzia\u0142 we Mszy \u015bw. za po\u015brednictwem radia czy telewizji<br \/>\n<\/span><\/span><\/p>\n<p><span style=\"font-family: Times New Roman, serif;\"><span style=\"font-size: x-large;\">Ca\u0142\u0105 nasz\u0105 wsp\u00f3lnot\u0119 parafialn\u0105 i nasze rodziny oddajemy w opiek\u0119 \u015bw. Franciszka i \u015bw. Jana Paw\u0142a II.<\/span><\/span><\/p>\n<p><span style=\"font-family: Times New Roman, serif;\"><span style=\"font-size: x-large;\"><u>Informacje i zalecenia mog\u0105 si\u0119 zmienia\u0107 wraz z rozwojem sytuacji.<\/u><\/span><\/span><span style=\"font-family: Times New Roman, serif;\"><span style=\"font-size: x-large;\"><br \/>\n<\/span><\/span><\/p>\n<p><span style=\"font-family: Times New Roman, serif;\"><span style=\"font-size: x-large;\"><i>Ks. proboszcz Witold Kurek <\/i><\/span><\/span><\/p>\n","protected":false},"excerpt":{"rendered":"<p>Parafia Wojskowa \u015bw. Franciszka w Wa\u0142czu Komunikat dotycz\u0105cy funkcjonowania parafii w obliczu rozprzestrzeniania si\u0119 koronawirusa. &#8211;\u00a0 godziny Mszy \u015awi\u0119tych w naszej parafii pozostaj\u0105 bez zmian, wtorek \u2013 pi\u0105tek- godz. 18,00 sobota \u2013 godz.. 17,00 , niedziela \u2013 godz. 9,00 i 10,30 &#8211; sobotnia wieczorowa Msza \u015bw. o godz. 17.00 odprawiana jako niedzielna Msza \u015bw., w ten spos\u00f3b wype\u0142nia ona obowi\u0105zek niedzielnej &#8211; spowied\u017a przed ka\u017cd\u0105 Msz\u0105 \u015bw. &#8211; Droga Krzy\u017cowa , Gorzkie \u017bale &#8211; odwo\u0142ane &#8211; rekolekcje wielkopostne &#8211; odwo\u0142ane &#8211; znak pokoju w czasie Eucharystii przekazujemy przez skinienie g\u0142ow\u0105, &#8211; nie ca\u0142ujemy stu\u0142y po spowiedzi, &#8211; woda \u015bwi\u0119cona w kropielnicach &#8211; nie korzystamy z niej &#8211; dzieci prosimy o pozostanie w domach,- osoby chore prosimy o pozostanie w domach, &#8211; osoby starsze prosimy o rozwag\u0119 i zalecamy udzia\u0142 we Mszy \u015bw. za po\u015brednictwem radia czy telewizji Ca\u0142\u0105 nasz\u0105 wsp\u00f3lnot\u0119 parafialn\u0105 i nasze rodziny oddajemy w opiek\u0119 \u015bw. Franciszka i&hellip;<\/p>\n<p> <a class=\"more-link\" href=\"http:\/\/www.franciszek-walcz.pl\/?p=7696\">Czytaj dalej<\/a><\/p>\n","protected":false},"author":1,"featured_media":0,"comment_status":"closed","ping_status":"open","sticky":false,"template":"","format":"standard","meta":{"footnotes":""},"categories":[1],"tags":[],"class_list":{"0":"post-7696","1":"post","2":"type-post","3":"status-publish","4":"format-standard","6":"category-uncategorized"},"brizy_media":[],"_links":{"self":[{"href":"http:\/\/www.franciszek-walcz.pl\/index.php?rest_route=\/wp\/v2\/posts\/7696","targetHints":{"allow":["GET"]}}],"collection":[{"href":"http:\/\/www.franciszek-walcz.pl\/index.php?rest_route=\/wp\/v2\/posts"}],"about":[{"href":"http:\/\/www.franciszek-walcz.pl\/index.php?rest_route=\/wp\/v2\/types\/post"}],"author":[{"embeddable":true,"href":"http:\/\/www.franciszek-walcz.pl\/index.php?rest_route=\/wp\/v2\/users\/1"}],"replies":[{"embeddable":true,"href":"http:\/\/www.franciszek-walcz.pl\/index.php?rest_route=%2Fwp%2Fv2%2Fcomments&post=7696"}],"version-history":[{"count":4,"href":"http:\/\/www.franciszek-walcz.pl\/index.php?rest_route=\/wp\/v2\/posts\/7696\/revisions"}],"predecessor-version":[{"id":7836,"href":"http:\/\/www.franciszek-walcz.pl\/index.php?rest_route=\/wp\/v2\/posts\/7696\/revisions\/7836"}],"wp:attachment":[{"href":"http:\/\/www.franciszek-walcz.pl\/index.php?rest_route=%2Fwp%2Fv2%2Fmedia&parent=7696"}],"wp:term":[{"taxonomy":"category","embeddable":true,"href":"http:\/\/www.franciszek-walcz.pl\/index.php?rest_route=%2Fwp%2Fv2%2Fcategories&post=7696"},{"taxonomy":"post_tag","embeddable":true,"href":"http:\/\/www.franciszek-walcz.pl\/index.php?rest_route=%2Fwp%2Fv2%2Ftags&post=7696"}],"curies":[{"name":"wp","href":"https:\/\/api.w.org\/{rel}","templated":true}]}}