{"id":7877,"date":"2020-03-21T13:03:25","date_gmt":"2020-03-21T12:03:25","guid":{"rendered":"http:\/\/www.franciszek-walcz.pl\/?p=7877"},"modified":"2020-03-21T13:03:47","modified_gmt":"2020-03-21T12:03:47","slug":"o-pogrzebach-podczas-stanu-zagrozenia-epidemicznego","status":"publish","type":"post","link":"http:\/\/www.franciszek-walcz.pl\/?p=7877","title":{"rendered":"O POGRZEBACH PODCZAS STANU ZAGRO\u017bENIA EPIDEMICZNEGO"},"content":{"rendered":"<p><span style=\"font-family: Times New Roman, serif;\"><span style=\"font-size: medium;\"><span style=\"font-size: x-large;\"><b>Ze wzgl\u0119du na stan zagro\u017cenia epidemicznego pogrzeb odbywa si\u0119 tylko na cmentarzu . Je\u015bli okoliczno\u015bci na to pozwalaj\u0105, stacj\u0119 mo\u017cna poprzedzi\u0107 procesj\u0105 od bramy cmentarnej. <\/b><\/span><\/span><\/span><\/p>\n<p><span style=\"font-family: Times New Roman, serif;\"><span style=\"font-size: medium;\"><span style=\"font-size: x-large;\"><b>Pogrzeb odprawia si\u0119 przy grobie w obecno\u015bci najbli\u017cszej rodziny (z zachowaniem obowi\u0105zuj\u0105cego limitu 50 os\u00f3b). Przypominam, \u017ce w pogrzebie nie mog\u0105 uczestniczy\u0107 osoby odbywaj\u0105ce kwarantann\u0119. <\/b><\/span><\/span><\/span><\/p>\n<p><span style=\"font-family: Times New Roman, serif;\"><span style=\"font-size: medium;\"><span style=\"font-size: x-large;\"><b>Msz\u0119 \u015bw. pogrzebow\u0105 odprawia si\u0119 w ko\u015bciele w dniu pogrzebu\u00a0lub w\u00a0terminie p\u00f3\u017aniejszym, w\u00a0zale\u017cno\u015bci od ustale\u0144 z rodzin\u0105 zmar\u0142ego. <\/b><\/span><\/span><\/span><\/p>\n<p><span style=\"font-family: Times New Roman, serif;\"><span style=\"font-size: medium;\"><span style=\"font-size: x-large;\"><u><b>Zalecenie obowi\u0105zuje do odwo\u0142ania.<\/b><\/u><\/span><\/span><\/span><\/p>\n","protected":false},"excerpt":{"rendered":"<p>Ze wzgl\u0119du na stan zagro\u017cenia epidemicznego pogrzeb odbywa si\u0119 tylko na cmentarzu . Je\u015bli okoliczno\u015bci na to pozwalaj\u0105, stacj\u0119 mo\u017cna poprzedzi\u0107 procesj\u0105 od bramy cmentarnej. Pogrzeb odprawia si\u0119 przy grobie w obecno\u015bci najbli\u017cszej rodziny (z zachowaniem obowi\u0105zuj\u0105cego limitu 50 os\u00f3b). Przypominam, \u017ce w pogrzebie nie mog\u0105 uczestniczy\u0107 osoby odbywaj\u0105ce kwarantann\u0119. Msz\u0119 \u015bw. pogrzebow\u0105 odprawia si\u0119 w ko\u015bciele w dniu pogrzebu\u00a0lub w\u00a0terminie p\u00f3\u017aniejszym, w\u00a0zale\u017cno\u015bci od ustale\u0144 z rodzin\u0105 zmar\u0142ego. Zalecenie obowi\u0105zuje do odwo\u0142ania.<\/p>\n","protected":false},"author":1,"featured_media":0,"comment_status":"closed","ping_status":"open","sticky":false,"template":"","format":"standard","meta":{"footnotes":""},"categories":[4],"tags":[],"class_list":{"0":"post-7877","1":"post","2":"type-post","3":"status-publish","4":"format-standard","6":"category-ogloszenia"},"brizy_media":[],"_links":{"self":[{"href":"http:\/\/www.franciszek-walcz.pl\/index.php?rest_route=\/wp\/v2\/posts\/7877","targetHints":{"allow":["GET"]}}],"collection":[{"href":"http:\/\/www.franciszek-walcz.pl\/index.php?rest_route=\/wp\/v2\/posts"}],"about":[{"href":"http:\/\/www.franciszek-walcz.pl\/index.php?rest_route=\/wp\/v2\/types\/post"}],"author":[{"embeddable":true,"href":"http:\/\/www.franciszek-walcz.pl\/index.php?rest_route=\/wp\/v2\/users\/1"}],"replies":[{"embeddable":true,"href":"http:\/\/www.franciszek-walcz.pl\/index.php?rest_route=%2Fwp%2Fv2%2Fcomments&post=7877"}],"version-history":[{"count":1,"href":"http:\/\/www.franciszek-walcz.pl\/index.php?rest_route=\/wp\/v2\/posts\/7877\/revisions"}],"predecessor-version":[{"id":7878,"href":"http:\/\/www.franciszek-walcz.pl\/index.php?rest_route=\/wp\/v2\/posts\/7877\/revisions\/7878"}],"wp:attachment":[{"href":"http:\/\/www.franciszek-walcz.pl\/index.php?rest_route=%2Fwp%2Fv2%2Fmedia&parent=7877"}],"wp:term":[{"taxonomy":"category","embeddable":true,"href":"http:\/\/www.franciszek-walcz.pl\/index.php?rest_route=%2Fwp%2Fv2%2Fcategories&post=7877"},{"taxonomy":"post_tag","embeddable":true,"href":"http:\/\/www.franciszek-walcz.pl\/index.php?rest_route=%2Fwp%2Fv2%2Ftags&post=7877"}],"curies":[{"name":"wp","href":"https:\/\/api.w.org\/{rel}","templated":true}]}}