{"id":7948,"date":"2020-03-22T14:08:23","date_gmt":"2020-03-22T13:08:23","guid":{"rendered":"http:\/\/www.franciszek-walcz.pl\/?p=7948"},"modified":"2020-03-22T14:11:14","modified_gmt":"2020-03-22T13:11:14","slug":"dekret-biskupa-polowego","status":"publish","type":"post","link":"http:\/\/www.franciszek-walcz.pl\/?p=7948","title":{"rendered":"Dekret Biskupa Polowego"},"content":{"rendered":"<p><span style=\"font-family: Times New Roman, serif;\"><span style=\"font-size: large;\">Warszawa, 21 marca 2020 r. l.dz. PE\/196\/2020 <\/span><\/span><\/p>\n<p><span style=\"font-family: Times New Roman, serif;\"><span style=\"font-size: large;\"><b>Dekret Biskupa Polowego dotycz\u0105cy dzia\u0142alno\u015bci duszpasterskiej Ordynariatu Polowego\u00a0 w sytuacji epidemii na terenie Rzeczypospolitej Polskiej<\/b><\/span><\/span><\/p>\n<p><span style=\"font-family: Times New Roman, serif;\"><span style=\"font-size: large;\">W dniu 20 marca br. zosta\u0142 og\u0142oszony stan epidemii na terenie Rzeczypospolitej Polskiej. Zmienia to kontekst dzia\u0142alno\u015bci duszpasterstwa wojskowego. Po uwa\u017cnym przeanalizowaniu sytuacji w kraju oraz zada\u0144 na\u0142o\u017conych na Wojsko Polskie i s\u0142u\u017cby mundurowe postanawiam, co nast\u0119puje: <\/span><\/span><\/p>\n<p><span style=\"font-family: Times New Roman, serif;\"><span style=\"font-size: large;\">1) Przed\u0142u\u017cam, a\u017c do odwo\u0142ania, dyspens\u0119 od obowi\u0105zku uczestnictwa w niedzielnej Eucharystii udzielon\u0105 w dniu 12 marca br. (Dyspensa, L.dz. 245\/CD\/2020) i rozszerzam jej zakres na wszystkich wiernych Ordynariatu Polowego. <\/span><\/span><\/p>\n<p><span style=\"font-family: Times New Roman, serif;\"><span style=\"font-size: large;\">2) Ksi\u0119\u017com Kapelanom polecam bezwzgl\u0119dne przestrzeganie wszystkich zasad dotycz\u0105cych higieny i bezpiecze\u0144stwa wydanych przez kompetentne instytucje wojskowe i cywilne w sytuacji epidemii w naszej Ojczy\u017anie. <\/span><\/span><\/p>\n<p><span style=\"font-family: Times New Roman, serif;\"><span style=\"font-size: large;\">3) Zgodnie ze wskazaniami Penitencjarii Apostolskiej (zob. <\/span><\/span><span style=\"font-family: Times New Roman, serif;\"><span style=\"font-size: large;\"><i>Nota Penitencjarii Apostolskiej w aktualnej sytuacji pandemii<\/i><\/span><\/span><span style=\"font-family: Times New Roman, serif;\"><span style=\"font-size: large;\"> z dnia 20 marca 2020 roku), w okresie epidemii spowied\u017a musi by\u0107 sprawowana z zachowaniem obowi\u0105zuj\u0105cych \u015brodk\u00f3w bezpiecze\u0144stwa i higieny. W tym szczeg\u00f3lnym czasie nale\u017cy zachowa\u0107 odleg\u0142o\u015b\u0107 przynajmniej dw\u00f3ch metr\u00f3w mi\u0119dzy spowiednikiem a penitentem, a tak\u017ce pomi\u0119dzy oczekuj\u0105cymi na spowied\u017a. W tym okresie trzeba zrezygnowa\u0107 z klasycznych konfesjona\u0142\u00f3w na rzecz przestronnego i gwarantuj\u0105cego dyskrecj\u0119 miejsca (wed\u0142ug wskaza\u0144 Prezydium KEP mo\u017ce nim by\u0107 np. kaplica, zakrystia, sala katechetyczna lub biuro parafialne). Spowiedzi mo\u017cna tak\u017ce wys\u0142ucha\u0107 na otwartej przestrzeni z dala od innych ludzi. Nale\u017cy zaleci\u0107 penitentom, by w tym okresie nie \u0142\u0105czyli spowiedzi z\u00a0kierownictwem duchowym, ale ograniczyli si\u0119 do kr\u00f3tkiego wyznania grzech\u00f3w. Spowiednicy za\u015b powinni udziela\u0107 kr\u00f3tkiej nauki oraz stosownej pokuty uwzgl\u0119dniaj\u0105cej wyj\u0105tkowe okoliczno\u015bci. <\/span><\/span><\/p>\n<p><span style=\"font-family: Times New Roman, serif;\"><span style=\"font-size: large;\">Niniejszy dekret obowi\u0105zuje z dniem jego wydania. <\/span><\/span><\/p>\n<p><span style=\"font-family: Times New Roman, serif;\"><span style=\"font-size: large;\">Z pasterskim b\u0142ogos\u0142awie\u0144stwem <\/span><\/span><\/p>\n<p><span style=\"font-family: Times New Roman, serif;\"><span style=\"font-size: large;\">bp J\u00f3zef Guzdek<br \/>\nBiskup Polowy Wojska Polskiego <\/span><\/span><\/p>\n<p><span style=\"font-family: Times New Roman, serif;\"><span style=\"font-size: large;\">ks. dr Jan Dohnalik<br \/>\nKanclerz<\/span><\/span><\/p>\n","protected":false},"excerpt":{"rendered":"<p>Warszawa, 21 marca 2020 r. l.dz. PE\/196\/2020 Dekret Biskupa Polowego dotycz\u0105cy dzia\u0142alno\u015bci duszpasterskiej Ordynariatu Polowego\u00a0 w sytuacji epidemii na terenie Rzeczypospolitej Polskiej W dniu 20 marca br. zosta\u0142 og\u0142oszony stan epidemii na terenie Rzeczypospolitej Polskiej. Zmienia to kontekst dzia\u0142alno\u015bci duszpasterstwa wojskowego. Po uwa\u017cnym przeanalizowaniu sytuacji w kraju oraz zada\u0144 na\u0142o\u017conych na Wojsko Polskie i s\u0142u\u017cby mundurowe postanawiam, co nast\u0119puje: 1) Przed\u0142u\u017cam, a\u017c do odwo\u0142ania, dyspens\u0119 od obowi\u0105zku uczestnictwa w niedzielnej Eucharystii udzielon\u0105 w dniu 12 marca br. (Dyspensa, L.dz. 245\/CD\/2020) i rozszerzam jej zakres na wszystkich wiernych Ordynariatu Polowego. 2) Ksi\u0119\u017com Kapelanom polecam bezwzgl\u0119dne przestrzeganie wszystkich zasad dotycz\u0105cych higieny i bezpiecze\u0144stwa wydanych przez kompetentne instytucje wojskowe i cywilne w sytuacji epidemii w naszej Ojczy\u017anie. 3) Zgodnie ze wskazaniami Penitencjarii Apostolskiej (zob. Nota Penitencjarii Apostolskiej w aktualnej sytuacji pandemii z dnia 20 marca 2020 roku), w okresie epidemii spowied\u017a musi by\u0107 sprawowana z zachowaniem obowi\u0105zuj\u0105cych \u015brodk\u00f3w bezpiecze\u0144stwa i higieny. W tym&hellip;<\/p>\n<p> <a class=\"more-link\" href=\"http:\/\/www.franciszek-walcz.pl\/?p=7948\">Czytaj dalej<\/a><\/p>\n","protected":false},"author":1,"featured_media":0,"comment_status":"closed","ping_status":"open","sticky":false,"template":"","format":"standard","meta":{"footnotes":""},"categories":[1],"tags":[],"class_list":{"0":"post-7948","1":"post","2":"type-post","3":"status-publish","4":"format-standard","6":"category-uncategorized"},"brizy_media":[],"_links":{"self":[{"href":"http:\/\/www.franciszek-walcz.pl\/index.php?rest_route=\/wp\/v2\/posts\/7948","targetHints":{"allow":["GET"]}}],"collection":[{"href":"http:\/\/www.franciszek-walcz.pl\/index.php?rest_route=\/wp\/v2\/posts"}],"about":[{"href":"http:\/\/www.franciszek-walcz.pl\/index.php?rest_route=\/wp\/v2\/types\/post"}],"author":[{"embeddable":true,"href":"http:\/\/www.franciszek-walcz.pl\/index.php?rest_route=\/wp\/v2\/users\/1"}],"replies":[{"embeddable":true,"href":"http:\/\/www.franciszek-walcz.pl\/index.php?rest_route=%2Fwp%2Fv2%2Fcomments&post=7948"}],"version-history":[{"count":1,"href":"http:\/\/www.franciszek-walcz.pl\/index.php?rest_route=\/wp\/v2\/posts\/7948\/revisions"}],"predecessor-version":[{"id":7949,"href":"http:\/\/www.franciszek-walcz.pl\/index.php?rest_route=\/wp\/v2\/posts\/7948\/revisions\/7949"}],"wp:attachment":[{"href":"http:\/\/www.franciszek-walcz.pl\/index.php?rest_route=%2Fwp%2Fv2%2Fmedia&parent=7948"}],"wp:term":[{"taxonomy":"category","embeddable":true,"href":"http:\/\/www.franciszek-walcz.pl\/index.php?rest_route=%2Fwp%2Fv2%2Fcategories&post=7948"},{"taxonomy":"post_tag","embeddable":true,"href":"http:\/\/www.franciszek-walcz.pl\/index.php?rest_route=%2Fwp%2Fv2%2Ftags&post=7948"}],"curies":[{"name":"wp","href":"https:\/\/api.w.org\/{rel}","templated":true}]}}