{"id":7970,"date":"2020-03-28T15:29:15","date_gmt":"2020-03-28T14:29:15","guid":{"rendered":"http:\/\/www.franciszek-walcz.pl\/?p=7970"},"modified":"2020-03-28T15:29:53","modified_gmt":"2020-03-28T14:29:53","slug":"o-pogrzebie","status":"publish","type":"post","link":"http:\/\/www.franciszek-walcz.pl\/?p=7970","title":{"rendered":"O POGRZEBIE"},"content":{"rendered":"<p class=\"western\"><span style=\"font-size: x-large;\"><u><b>Uroczysto\u015bci pogrzebowe nale\u017cy celebrowa\u0107 zachowuj\u0105c prawo pa\u0144stwowe i przepisy sanitarne. Nale\u017cy ograniczy\u0107 si\u0119 do trzeciej stacji \u201eprzy grobie\u201d, z zachowaniem zasady uczestnictwa tylko do pi\u0119ciu os\u00f3b, opr\u00f3cz celebransa i obs\u0142ugi pogrzebu<\/b><\/u><\/span><span style=\"font-size: x-large;\"><b>. <\/b><\/span><\/p>\n<p class=\"western\"><span style=\"font-size: x-large;\"><b>Msz\u0119 \u015awi\u0119t\u0105 w intencji zmar\u0142ego mo\u017cna odprawi\u0107 w dniu pogrzebu, jednak bez wprowadzania trumny lub urny z prochami do ko\u015bcio\u0142a lub kaplicy, z zachowaniem powy\u017cszych obostrze\u0144 dotycz\u0105cych liczby uczestnik\u00f3w. <\/b><\/span><\/p>\n<p class=\"western\"><span style=\"font-size: x-large;\"><b>Dobrym rozwi\u0105zaniem duszpasterskim b\u0119dzie zaproszenie wsp\u00f3lnoty parafialnej na Msz\u0119 \u015awi\u0119t\u0105 po ustaniu epidemii.<\/b><\/span><\/p>\n<p>\u00a0\u00a0\u00a0\u00a0\u00a0\u00a0\u00a0\u00a0\u00a0\u00a0\u00a0\u00a0\u00a0\u00a0\u00a0\u00a0\u00a0\u00a0\u00a0\u00a0\u00a0\u00a0\u00a0\u00a0\u00a0\u00a0\u00a0\u00a0\u00a0\u00a0\u00a0\u00a0\u00a0\u00a0\u00a0\u00a0\u00a0\u00a0\u00a0\u00a0\u00a0\u00a0\u00a0\u00a0\u00a0\u00a0\u00a0\u00a0\u00a0\u00a0\u00a0\u00a0\u00a0\u00a0\u00a0\u00a0\u00a0\u00a0\u00a0\u00a0\u00a0\u00a0\u00a0\u00a0\u00a0\u00a0\u00a0\u00a0\u00a0\u00a0\u00a0\u00a0\u00a0\u00a0\u00a0\u00a0\u00a0\u00a0 <span style=\"font-size: large;\">+ J\u00f3zef Guzdek <\/span><\/p>\n<p><span style=\"font-size: large;\">Biskup Polowy Wojska <\/span><\/p>\n<p><span style=\"font-size: large;\">Polskiego ks. dr Dariusz Konieczny \u00a0\u00a0\u00a0\u00a0\u00a0\u00a0 <\/span><\/p>\n<p><span style=\"font-size: large;\">wicekanclerz <\/span><\/p>\n<ol>\n<li><span style=\"font-size: large;\">l.dz. PE\/224\/2020<\/span><\/li>\n<\/ol>\n","protected":false},"excerpt":{"rendered":"<p>Uroczysto\u015bci pogrzebowe nale\u017cy celebrowa\u0107 zachowuj\u0105c prawo pa\u0144stwowe i przepisy sanitarne. Nale\u017cy ograniczy\u0107 si\u0119 do trzeciej stacji \u201eprzy grobie\u201d, z zachowaniem zasady uczestnictwa tylko do pi\u0119ciu os\u00f3b, opr\u00f3cz celebransa i obs\u0142ugi pogrzebu. Msz\u0119 \u015awi\u0119t\u0105 w intencji zmar\u0142ego mo\u017cna odprawi\u0107 w dniu pogrzebu, jednak bez wprowadzania trumny lub urny z prochami do ko\u015bcio\u0142a lub kaplicy, z zachowaniem powy\u017cszych obostrze\u0144 dotycz\u0105cych liczby uczestnik\u00f3w. Dobrym rozwi\u0105zaniem duszpasterskim b\u0119dzie zaproszenie wsp\u00f3lnoty parafialnej na Msz\u0119 \u015awi\u0119t\u0105 po ustaniu epidemii. \u00a0\u00a0\u00a0\u00a0\u00a0\u00a0\u00a0\u00a0\u00a0\u00a0\u00a0\u00a0\u00a0\u00a0\u00a0\u00a0\u00a0\u00a0\u00a0\u00a0\u00a0\u00a0\u00a0\u00a0\u00a0\u00a0\u00a0\u00a0\u00a0\u00a0\u00a0\u00a0\u00a0\u00a0\u00a0\u00a0\u00a0\u00a0\u00a0\u00a0\u00a0\u00a0\u00a0\u00a0\u00a0\u00a0\u00a0\u00a0\u00a0\u00a0\u00a0\u00a0\u00a0\u00a0\u00a0\u00a0\u00a0\u00a0\u00a0\u00a0\u00a0\u00a0\u00a0\u00a0\u00a0\u00a0\u00a0\u00a0\u00a0\u00a0\u00a0\u00a0\u00a0\u00a0\u00a0\u00a0\u00a0\u00a0 + J\u00f3zef Guzdek Biskup Polowy Wojska Polskiego ks. dr Dariusz Konieczny \u00a0\u00a0\u00a0\u00a0\u00a0\u00a0 wicekanclerz l.dz. PE\/224\/2020<\/p>\n","protected":false},"author":1,"featured_media":0,"comment_status":"closed","ping_status":"open","sticky":false,"template":"","format":"standard","meta":{"footnotes":""},"categories":[4],"tags":[],"class_list":{"0":"post-7970","1":"post","2":"type-post","3":"status-publish","4":"format-standard","6":"category-ogloszenia"},"brizy_media":[],"_links":{"self":[{"href":"http:\/\/www.franciszek-walcz.pl\/index.php?rest_route=\/wp\/v2\/posts\/7970","targetHints":{"allow":["GET"]}}],"collection":[{"href":"http:\/\/www.franciszek-walcz.pl\/index.php?rest_route=\/wp\/v2\/posts"}],"about":[{"href":"http:\/\/www.franciszek-walcz.pl\/index.php?rest_route=\/wp\/v2\/types\/post"}],"author":[{"embeddable":true,"href":"http:\/\/www.franciszek-walcz.pl\/index.php?rest_route=\/wp\/v2\/users\/1"}],"replies":[{"embeddable":true,"href":"http:\/\/www.franciszek-walcz.pl\/index.php?rest_route=%2Fwp%2Fv2%2Fcomments&post=7970"}],"version-history":[{"count":1,"href":"http:\/\/www.franciszek-walcz.pl\/index.php?rest_route=\/wp\/v2\/posts\/7970\/revisions"}],"predecessor-version":[{"id":7971,"href":"http:\/\/www.franciszek-walcz.pl\/index.php?rest_route=\/wp\/v2\/posts\/7970\/revisions\/7971"}],"wp:attachment":[{"href":"http:\/\/www.franciszek-walcz.pl\/index.php?rest_route=%2Fwp%2Fv2%2Fmedia&parent=7970"}],"wp:term":[{"taxonomy":"category","embeddable":true,"href":"http:\/\/www.franciszek-walcz.pl\/index.php?rest_route=%2Fwp%2Fv2%2Fcategories&post=7970"},{"taxonomy":"post_tag","embeddable":true,"href":"http:\/\/www.franciszek-walcz.pl\/index.php?rest_route=%2Fwp%2Fv2%2Ftags&post=7970"}],"curies":[{"name":"wp","href":"https:\/\/api.w.org\/{rel}","templated":true}]}}