{"id":7972,"date":"2020-03-28T15:31:55","date_gmt":"2020-03-28T14:31:55","guid":{"rendered":"http:\/\/www.franciszek-walcz.pl\/?p=7972"},"modified":"2020-03-28T15:34:22","modified_gmt":"2020-03-28T14:34:22","slug":"wielka-tajemnica-wiary","status":"publish","type":"post","link":"http:\/\/www.franciszek-walcz.pl\/?p=7972","title":{"rendered":"Wielka tajemnica wiary!"},"content":{"rendered":"<h3 style=\"text-align: left;\" align=\"justify\"><span style=\"font-family: Times New Roman, serif;\"><span style=\"font-size: medium;\"><b><span style=\"font-size: large;\">W Ewangelii s\u0142yszymy bardzo mocne, cho\u0107 dla trudne do zrozumienia, stwierdzenie Pana Jezusa:<\/span><\/b> <span style=\"color: #ff6600;\"><em><span style=\"font-size: large;\">Ja jestem zmartwychwstaniem i \u017cyciem. Kto we Mnie wierzy, to cho\u0107by umar\u0142, \u017cy\u0107 b\u0119dzie<\/span><\/em><\/span><span style=\"font-size: large;\"><span style=\"color: #ff6600;\">.<\/span> Ka\u017cdy, kto \u017cyje i wierzy we Mnie, nie umrze na wieki. Tu jest ca\u0142a tajemnica naszego \u017cycia i to nie ograniczonego tylko do ziemi, ale \u017cycia wiecznego. Wystarczy wierzy\u0107 w Jezusa. Jezus te\u017c pyta dzi\u015b ka\u017cdego z nas: Wierzysz w to?<\/span><\/span><\/span><\/h3>\n<h3 style=\"text-align: left;\" align=\"justify\">\u00a0<span style=\"font-family: Times New Roman, serif;\"><span style=\"font-size: medium;\"><b><span style=\"font-size: large;\">W\u0142a\u015bnie: czy ja wierz\u0119?<\/span><\/b><span style=\"font-size: large;\"> Tyle razy powtarzamy te s\u0142owa w wyznaniu wiary. Jednak czy to tylko powtarzanie wyuczonej formu\u0142ki ,czy wypowiadanie przekonania, kt\u00f3re nosimy w sercu; m\u00f3wienie o czym\u015b, czego jeste\u015bmy bardziej pewni, ni\u017c jutrzejszego dnia.<\/span><\/span><\/span><\/h3>\n<h3 style=\"text-align: left;\" align=\"justify\"><span style=\"font-family: Times New Roman, serif;\"><span style=\"font-size: medium;\"><b><span style=\"font-size: large;\">By tak si\u0119 sta\u0142o, by taka by\u0142a nasza wiara, potrzebujemy naszego ci\u0105g\u0142ego przyjmowania tego, co Pan B\u00f3g nam daje.<\/span><\/b><span style=\"font-size: large;\"> Sami nie zapewnimy sobie \u017cycia. Nikt z nas, wed\u0142ug s\u0142\u00f3w Pana Jezusa, nie mo\u017ce nawet chwili do\u0142o\u017cy\u0107 do wieku swego \u017cycia. Gdy chcemy natomiast \u017cy\u0107, musimy przylgn\u0105\u0107 totalnie do Chrystusa, kt\u00f3ry jest \u017byciem.<\/span><\/span><\/span><\/h3>\n<h3 style=\"text-align: left;\" align=\"justify\">\u00a0<span style=\"font-family: Times New Roman, serif;\"><span style=\"font-size: medium;\"><b><span style=\"font-size: large;\">Gdy nasza wi\u0119\u017a z Chrystusem przez wiar\u0119 b\u0119dzie prawdziwie \u017cywa, to spe\u0142ni si\u0119 w nas to o czym pisze dzi\u015b do nas \u015bw. Pawe\u0142:<\/span><\/b><\/span><\/span><\/h3>\n<h3 style=\"text-align: left;\" align=\"justify\"><span style=\"font-family: 'Times New Roman', serif; color: #ff6600;\"><span style=\"font-size: medium;\"><em><span style=\"font-size: large;\">Skoro Chrystus w was mieszka, cia\u0142o wprawdzie podlega \u015bmierci , duch jednak ma \u017cycie . A je\u017celi mieszka w was Duch Tego, kt\u00f3ry Jezusa wskrzesi\u0142 z martwych, to Ten, co wskrzesi\u0142 Chrystusa Jezusa z martwych, przywr\u00f3ci do \u017cycia wasze \u015bmiertelne cia\u0142a moc\u0105 mieszkaj\u0105cego w was swego Ducha.<\/span><\/em><\/span><\/span><\/h3>\n<h3 style=\"text-align: left;\"><span style=\"font-family: Times New Roman, serif;\"><span style=\"font-size: medium;\"><b><span style=\"font-size: large;\">Nie ma wi\u0119c innego sposobu na \u017cycie, jak tylko czerpanie go od samego Chrystusa. To za\u015b dokonuje si\u0119 w Eucharystii.<\/span><\/b><\/span><\/span><\/h3>\n<h3 style=\"text-align: left;\" align=\"justify\">\u00a0<span style=\"font-family: Times New Roman, serif;\"><span style=\"font-size: medium;\"><b><span style=\"font-size: large;\">Niech dzisiejsze spotkanie z Chrystusem zaowocuje w naszym \u017cyciu \u2013 za przyk\u0142adem Marty \u2013 g\u0142\u0119bokim i mocnym wyznaniem:<\/span><\/b> <span style=\"color: #ff6600;\"><em><span style=\"font-size: large;\">Tak, Panie! Ja mocno wierz\u0119, \u017ce Ty jeste\u015b Mesjasz, Syn Bo\u017cy, kt\u00f3ry mia\u0142 przyj\u015b\u0107 na \u015bwiat<\/span><\/em><span style=\"font-size: large;\">. Amen.<\/span><\/span><\/span><\/span><\/h3>\n","protected":false},"excerpt":{"rendered":"<p>W Ewangelii s\u0142yszymy bardzo mocne, cho\u0107 dla trudne do zrozumienia, stwierdzenie Pana Jezusa: Ja jestem zmartwychwstaniem i \u017cyciem. Kto we Mnie wierzy, to cho\u0107by umar\u0142, \u017cy\u0107 b\u0119dzie. Ka\u017cdy, kto \u017cyje i wierzy we Mnie, nie umrze na wieki. Tu jest ca\u0142a tajemnica naszego \u017cycia i to nie ograniczonego tylko do ziemi, ale \u017cycia wiecznego. Wystarczy wierzy\u0107 w Jezusa. Jezus te\u017c pyta dzi\u015b ka\u017cdego z nas: Wierzysz w to? \u00a0W\u0142a\u015bnie: czy ja wierz\u0119? Tyle razy powtarzamy te s\u0142owa w wyznaniu wiary. Jednak czy to tylko powtarzanie wyuczonej formu\u0142ki ,czy wypowiadanie przekonania, kt\u00f3re nosimy w sercu; m\u00f3wienie o czym\u015b, czego jeste\u015bmy bardziej pewni, ni\u017c jutrzejszego dnia. By tak si\u0119 sta\u0142o, by taka by\u0142a nasza wiara, potrzebujemy naszego ci\u0105g\u0142ego przyjmowania tego, co Pan B\u00f3g nam daje. Sami nie zapewnimy sobie \u017cycia. Nikt z nas, wed\u0142ug s\u0142\u00f3w Pana Jezusa, nie mo\u017ce nawet chwili do\u0142o\u017cy\u0107 do wieku swego \u017cycia. Gdy chcemy natomiast \u017cy\u0107, musimy przylgn\u0105\u0107&hellip;<\/p>\n<p> <a class=\"more-link\" href=\"http:\/\/www.franciszek-walcz.pl\/?p=7972\">Czytaj dalej<\/a><\/p>\n","protected":false},"author":1,"featured_media":0,"comment_status":"closed","ping_status":"open","sticky":false,"template":"","format":"standard","meta":{"footnotes":""},"categories":[5],"tags":[],"class_list":{"0":"post-7972","1":"post","2":"type-post","3":"status-publish","4":"format-standard","6":"category-artykuly"},"brizy_media":[],"_links":{"self":[{"href":"http:\/\/www.franciszek-walcz.pl\/index.php?rest_route=\/wp\/v2\/posts\/7972","targetHints":{"allow":["GET"]}}],"collection":[{"href":"http:\/\/www.franciszek-walcz.pl\/index.php?rest_route=\/wp\/v2\/posts"}],"about":[{"href":"http:\/\/www.franciszek-walcz.pl\/index.php?rest_route=\/wp\/v2\/types\/post"}],"author":[{"embeddable":true,"href":"http:\/\/www.franciszek-walcz.pl\/index.php?rest_route=\/wp\/v2\/users\/1"}],"replies":[{"embeddable":true,"href":"http:\/\/www.franciszek-walcz.pl\/index.php?rest_route=%2Fwp%2Fv2%2Fcomments&post=7972"}],"version-history":[{"count":3,"href":"http:\/\/www.franciszek-walcz.pl\/index.php?rest_route=\/wp\/v2\/posts\/7972\/revisions"}],"predecessor-version":[{"id":7975,"href":"http:\/\/www.franciszek-walcz.pl\/index.php?rest_route=\/wp\/v2\/posts\/7972\/revisions\/7975"}],"wp:attachment":[{"href":"http:\/\/www.franciszek-walcz.pl\/index.php?rest_route=%2Fwp%2Fv2%2Fmedia&parent=7972"}],"wp:term":[{"taxonomy":"category","embeddable":true,"href":"http:\/\/www.franciszek-walcz.pl\/index.php?rest_route=%2Fwp%2Fv2%2Fcategories&post=7972"},{"taxonomy":"post_tag","embeddable":true,"href":"http:\/\/www.franciszek-walcz.pl\/index.php?rest_route=%2Fwp%2Fv2%2Ftags&post=7972"}],"curies":[{"name":"wp","href":"https:\/\/api.w.org\/{rel}","templated":true}]}}