{"id":8065,"date":"2020-04-04T11:42:09","date_gmt":"2020-04-04T09:42:09","guid":{"rendered":"http:\/\/www.franciszek-walcz.pl\/?p=8065"},"modified":"2020-04-04T11:43:12","modified_gmt":"2020-04-04T09:43:12","slug":"triduum-paschalne-3","status":"publish","type":"post","link":"http:\/\/www.franciszek-walcz.pl\/?p=8065","title":{"rendered":"TRIDUUM PASCHALNE"},"content":{"rendered":"<p align=\"center\"><span style=\"color: #ff8000;\"><span style=\"font-family: Times New Roman, serif;\"><span style=\"font-size: x-large;\"><b>TRIDUUM PASCHALNE<\/b><\/span><\/span><\/span><\/p>\n<p><span style=\"color: #ff8000;\"><span style=\"font-family: Times New Roman, serif;\"><span style=\"font-size: xx-large;\"><b>WIELKI CZWARTEK<\/b><\/span><\/span><\/span><\/p>\n<p><span style=\"color: #ff8000;\"><span style=\"font-family: Times New Roman, serif;\"><span style=\"font-size: x-large;\"><b>MSZA \u015aW. WIECZERZY PA\u0143SKIEJ <\/b><\/span><\/span><\/span><\/p>\n<p><span style=\"color: #ff8000;\"><span style=\"font-family: Times New Roman, serif;\"><span style=\"font-size: x-large;\"><b>GODZ. 18,00<\/b><\/span><\/span><\/span><\/p>\n<p><span style=\"color: #ffff00;\"><span style=\"font-family: Times New Roman, serif;\"><span style=\"font-size: xx-large;\"><b>WIELKI PI\u0104TEK<\/b><\/span><\/span><\/span><\/p>\n<p><span style=\"color: #ffff00;\"><span style=\"font-family: Times New Roman, serif;\"><span style=\"font-size: x-large;\"><b>LITURGIA M\u0118KI PA\u0143SKIEJ GODZ. 18,00<\/b><\/span><\/span><\/span><\/p>\n<p><span style=\"color: #ff8000;\"><span style=\"font-family: Times New Roman, serif;\"><span style=\"font-size: xx-large;\"><b>WIEKLA SOBOTA<\/b><\/span><\/span><\/span><\/p>\n<p align=\"left\"><u> <\/u><span style=\"font-family: Times New Roman, serif;\"><span style=\"font-size: medium;\"><span style=\"color: #ff8000;\"><span style=\"font-size: x-large;\"><u><b>W Wielk\u0105 Sobot\u0119 &#8211; w ko\u015bciele &#8211; nie ma b\u0142ogos\u0142awie\u0144stwa pokarm\u00f3w &#8211;<\/b><\/u><\/span><\/span><b><span style=\"color: #ff8000;\"><span style=\"font-size: x-large;\">zgodnie z Instr<\/span><\/span><\/b><span style=\"color: #ff8000;\"><span style=\"font-size: x-large;\"><b>l.dz. PE\/229\/2020 <\/b><\/span><\/span><\/span><\/span><\/p>\n<p align=\"left\"><span style=\"font-family: Times New Roman, serif;\"><span style=\"font-size: medium;\"><span style=\"font-size: large;\"><u>Zamiast<\/u><\/span><span style=\"font-size: large;\"><u><b> b\u0142ogos\u0142awie\u0144stwa pokarm\u00f3w<\/b><\/u><\/span><span style=\"font-size: large;\"><u> zach\u0119cam wiernych do odm\u00f3wienia w domu modlitwy przed \u015bniadaniem wielkanocnym. Tekst tego obrz\u0119du znajduje si\u0119 na stronie parafialnej.<\/u><\/span><\/span><\/span><\/p>\n<p><span style=\"color: #ff8000;\"><span style=\"font-family: Times New Roman, serif;\"><span style=\"font-size: xx-large;\"><b>Msza \u015bw. w Wielk\u0105 sobot\u0119 o godz.. 17,00<\/b><\/span><\/span><\/span><\/p>\n<p><span style=\"color: #ff8000;\"><span style=\"font-family: Times New Roman, serif;\"><span style=\"font-size: x-large;\"><b>NIEDZIELA<\/b><\/span><\/span><span style=\"font-family: Times New Roman, serif;\"><span style=\"font-size: x-large;\"><b> WIELKANOCNA<\/b><\/span><\/span><\/span><\/p>\n<p><span style=\"color: #ff8000;\"> <span style=\"font-family: Times New Roman, serif;\"><span style=\"font-size: x-large;\"><b>MSZE \u015aW. O GODZ. 9.00 i 10,30 <\/b><\/span><\/span><\/span><\/p>\n<p><span style=\"color: #ff8000;\"><span style=\"font-family: Times New Roman, serif;\"><span style=\"font-size: x-large;\"><b>PONIEDZIA\u0141EK WIELKANOCNY<\/b><\/span><\/span><\/span><\/p>\n<p><span style=\"color: #ff8000;\"><span style=\"font-family: Times New Roman, serif;\"><span style=\"font-size: x-large;\"><b>MSZE \u015aW O GODZ. 9,00 i 10,30 <\/b><\/span><\/span><\/span><\/p>\n","protected":false},"excerpt":{"rendered":"<p>TRIDUUM PASCHALNE WIELKI CZWARTEK MSZA \u015aW. WIECZERZY PA\u0143SKIEJ GODZ. 18,00 WIELKI PI\u0104TEK LITURGIA M\u0118KI PA\u0143SKIEJ GODZ. 18,00 WIEKLA SOBOTA W Wielk\u0105 Sobot\u0119 &#8211; w ko\u015bciele &#8211; nie ma b\u0142ogos\u0142awie\u0144stwa pokarm\u00f3w &#8211;zgodnie z Instrl.dz. PE\/229\/2020 Zamiast b\u0142ogos\u0142awie\u0144stwa pokarm\u00f3w zach\u0119cam wiernych do odm\u00f3wienia w domu modlitwy przed \u015bniadaniem wielkanocnym. Tekst tego obrz\u0119du znajduje si\u0119 na stronie parafialnej. Msza \u015bw. w Wielk\u0105 sobot\u0119 o godz.. 17,00 NIEDZIELA WIELKANOCNA MSZE \u015aW. O GODZ. 9.00 i 10,30 PONIEDZIA\u0141EK WIELKANOCNY MSZE \u015aW O GODZ. 9,00 i 10,30<\/p>\n","protected":false},"author":1,"featured_media":0,"comment_status":"closed","ping_status":"open","sticky":false,"template":"","format":"standard","meta":{"footnotes":""},"categories":[1],"tags":[],"class_list":{"0":"post-8065","1":"post","2":"type-post","3":"status-publish","4":"format-standard","6":"category-uncategorized"},"brizy_media":[],"_links":{"self":[{"href":"http:\/\/www.franciszek-walcz.pl\/index.php?rest_route=\/wp\/v2\/posts\/8065","targetHints":{"allow":["GET"]}}],"collection":[{"href":"http:\/\/www.franciszek-walcz.pl\/index.php?rest_route=\/wp\/v2\/posts"}],"about":[{"href":"http:\/\/www.franciszek-walcz.pl\/index.php?rest_route=\/wp\/v2\/types\/post"}],"author":[{"embeddable":true,"href":"http:\/\/www.franciszek-walcz.pl\/index.php?rest_route=\/wp\/v2\/users\/1"}],"replies":[{"embeddable":true,"href":"http:\/\/www.franciszek-walcz.pl\/index.php?rest_route=%2Fwp%2Fv2%2Fcomments&post=8065"}],"version-history":[{"count":1,"href":"http:\/\/www.franciszek-walcz.pl\/index.php?rest_route=\/wp\/v2\/posts\/8065\/revisions"}],"predecessor-version":[{"id":8066,"href":"http:\/\/www.franciszek-walcz.pl\/index.php?rest_route=\/wp\/v2\/posts\/8065\/revisions\/8066"}],"wp:attachment":[{"href":"http:\/\/www.franciszek-walcz.pl\/index.php?rest_route=%2Fwp%2Fv2%2Fmedia&parent=8065"}],"wp:term":[{"taxonomy":"category","embeddable":true,"href":"http:\/\/www.franciszek-walcz.pl\/index.php?rest_route=%2Fwp%2Fv2%2Fcategories&post=8065"},{"taxonomy":"post_tag","embeddable":true,"href":"http:\/\/www.franciszek-walcz.pl\/index.php?rest_route=%2Fwp%2Fv2%2Ftags&post=8065"}],"curies":[{"name":"wp","href":"https:\/\/api.w.org\/{rel}","templated":true}]}}