{"id":8067,"date":"2020-04-04T11:48:09","date_gmt":"2020-04-04T09:48:09","guid":{"rendered":"http:\/\/www.franciszek-walcz.pl\/?p=8067"},"modified":"2020-04-04T11:48:09","modified_gmt":"2020-04-04T09:48:09","slug":"blogoslawienstwo-stolu","status":"publish","type":"post","link":"http:\/\/www.franciszek-walcz.pl\/?p=8067","title":{"rendered":"B\u0141OGOS\u0141AWIE\u0143STWO STO\u0141U"},"content":{"rendered":"<p align=\"left\"><span style=\"font-family: Times New Roman, serif;\"><span style=\"font-size: medium;\"><b><u>B\u0141OGOS\u0141AWIE\u0143STWO STO\u0141U PRZED UROCZYSTYM POSI\u0141KIEM W NIEDZIEL\u0118 ZMARTWYCHWSTANIA PA\u0143SKIEGO<\/u><\/b><u> <\/u><\/span><\/span><\/p>\n<p align=\"left\">\n<p align=\"left\"><span style=\"font-family: Times New Roman, serif;\"><span style=\"font-size: medium;\"><span style=\"font-size: large;\">( <\/span><em><span style=\"font-size: large;\">Obrz\u0119dy b\u0142ogos\u0142awie\u0144stw dostosowane do zwyczaj\u00f3w diecezji polskich<\/span><\/em><span style=\"font-size: large;\">, t. 2, Katowice 2010, nr. 1347-1350) <\/span><\/span><\/span><\/p>\n<p align=\"left\">\u00a0<strong><span style=\"font-family: 'Times New Roman', serif; color: #ff6600;\"><span style=\"font-size: medium;\"><em><span style=\"font-size: large;\">Ojciec rodziny lub przewodnicz\u0105cy zapala \u015bwiec\u0119 umieszczon\u0105 na stole i m\u00f3wi: <\/span><\/em><\/span><\/span><\/strong><\/p>\n<p align=\"left\">\u00a0<span style=\"font-family: Times New Roman, serif;\"><span style=\"font-size: medium;\"><b><span style=\"font-size: large;\">Chrystus zmartwychwsta\u0142. Alleluja.<\/span><\/b> <\/span><\/span><\/p>\n<p align=\"left\"><span style=\"color: #ff6600;\">\u00a0<strong><span style=\"font-family: Times New Roman, serif;\"><span style=\"font-size: medium;\"><span style=\"font-size: large;\">Wszyscy odpowiadaj\u0105: <\/span><\/span><\/span><\/strong><\/span><\/p>\n<p align=\"left\">\u00a0<span style=\"font-family: Times New Roman, serif;\"><span style=\"font-size: medium;\"><b><span style=\"font-size: large;\">Prawdziwie zmartwychwsta\u0142. Alleluja.<\/span><\/b> <\/span><\/span><\/p>\n<p align=\"left\"><strong><span style=\"color: #ff6600;\">\u00a0<span style=\"font-family: Times New Roman, serif;\"><span style=\"font-size: medium;\"><em><span style=\"font-size: large;\">Nast\u0119pnie kto\u015b z uczestnik\u00f3w odczytuje tekst Pisma \u015awi\u0119tego.<\/span><\/em><span style=\"font-size: large;\"> 1 Tes 5, 16-18:\u00a0 <\/span><em><span style=\"font-size: large;\">Zawsze si\u0119 radujcie. <\/span><\/em><\/span><\/span><\/span><\/strong><\/p>\n<p align=\"left\">\u00a0<span style=\"font-family: Times New Roman, serif;\"><span style=\"font-size: medium;\"><b><span style=\"font-size: large;\">Bracia i siostry, pos\u0142uchajcie s\u0142\u00f3w \u015bwi\u0119tego Paw\u0142a Aposto\u0142a do Tesaloniczan.<\/span><\/b> <\/span><\/span><\/p>\n<p align=\"left\">\u00a0<span style=\"font-family: Times New Roman, serif;\"><span style=\"font-size: medium;\"><b><span style=\"font-size: large;\">Zawsze si\u0119 radujcie, nieustannie si\u0119 m\u00f3dlcie. W Ka\u017cdym po\u0142o\u017ceniu dzi\u0119kujcie, taka jest bowiem wola Bo\u017ca w Jezusie Chrystusie wzgl\u0119dem was.<\/span><\/b> <\/span><\/span><\/p>\n<p align=\"left\"><strong><span style=\"font-family: 'Times New Roman', serif; color: #ff6600;\"><span style=\"font-size: medium;\"><span style=\"font-size: large;\">Albo: Mt 6, 31 ab.32b-33: <\/span><em><span style=\"font-size: large;\">Nie troszczcie si\u0119 zbytnio i nie m\u00f3wcie: co b\u0119dziemy je\u015b\u0107?<\/span><\/em> <\/span><\/span><\/strong><\/p>\n<p align=\"left\">\u00a0<span style=\"font-family: Times New Roman, serif;\"><span style=\"font-size: medium;\"><b><span style=\"font-size: large;\">Bracia i siostry, pos\u0142uchajmy s\u0142\u00f3w Ewangelii wed\u0142ug \u015bwi\u0119tego Mateusza.<\/span><\/b> <\/span><\/span><\/p>\n<p align=\"left\">\u00a0<span style=\"font-family: Times New Roman, serif;\"><span style=\"font-size: medium;\"><b><span style=\"font-size: large;\">Jezus powiedzia\u0142 do swoich uczni\u00f3w: \u201eNie troszczcie si\u0119 zbytnio i nie m\u00f3wicie: co b\u0119dziemy\u00a0 je\u015b\u0107? co b\u0119dziemy pi\u0107? Przecie\u017c Ojciec wasz niebieski wie, \u017ce tego wszystkiego potrzebujecie. Starajcie si\u0119 naprz\u00f3d o kr\u00f3lestwo Boga i o Jego sprawiedliwo\u015b\u0107, a to wszystko b\u0119dzie wam dodane\u201d.<\/span><\/b> <\/span><\/span><\/p>\n<p align=\"left\"><strong><span style=\"font-family: 'Times New Roman', serif; color: #ff6600;\"><span style=\"font-size: medium;\"><em><span style=\"font-size: large;\">Po odczytaniu tekstu przewodnicz\u0105cy m\u00f3wi:<\/span><\/em> <\/span><\/span><\/strong><\/p>\n<p align=\"left\">\u00a0<span style=\"font-family: Times New Roman, serif;\"><span style=\"font-size: medium;\"><b><span style=\"font-size: large;\">M\u00f3dlmy si\u0119.<\/span><\/b><span style=\"font-size: large;\"> \u00a0<\/span><b><span style=\"font-size: large;\">Z rado\u015bci\u0105 wys\u0142awiamy Ciebie, Panie Jezu Chryste, kt\u00f3ry po swoim zmartwychwstaniu ukaza\u0142e\u015b si\u0119 uczniom przy \u0142amaniu chleba. B\u0105d\u017a z nami, kiedy z wdzi\u0119czno\u015bci\u0105 spo\u017cywa\u0107 b\u0119dziemy te dary, i jak dzisiaj w braciach przyjmujemy Ciebie w go\u015bcin\u0119, przyjmij nas jako biesiadnik\u00f3w w Twoim kr\u00f3lestwie. Kt\u00f3ry \u017cyjesz i kr\u00f3lujesz na wieki wiek\u00f3w.<\/span><\/b> <\/span><\/span><\/p>\n<p align=\"left\"><strong><span style=\"color: #ff6600;\">\u00a0<span style=\"font-family: 'Times New Roman', serif;\"><span style=\"font-size: medium;\"><span style=\"font-size: large;\">Wszyscy:<\/span><\/span><\/span><\/span><\/strong><\/p>\n<p align=\"left\">\u00a0 <span style=\"font-family: Times New Roman, serif;\"><span style=\"font-size: medium;\"><b><span style=\"font-size: large;\">Amen.<\/span><\/b> <\/span><\/span><\/p>\n<p align=\"left\"><span style=\"color: #ff6600;\">\u00a0<strong><span style=\"font-family: Times New Roman, serif;\"><span style=\"font-size: medium;\"><em><span style=\"font-size: large;\">Po posi\u0142ku ojciec rodziny lub przewodnicz\u0105cy m\u00f3wi: <\/span><\/em><\/span><\/span><\/strong><\/span><\/p>\n<p align=\"left\">\u00a0<span style=\"font-family: Times New Roman, serif;\"><span style=\"font-size: medium;\"><b><span style=\"font-size: large;\">Uczniowie poznali Pana. Alleluja<\/span><\/b> <\/span><\/span><\/p>\n<p align=\"left\"><strong><span style=\"color: #ff6600;\">\u00a0<span style=\"font-family: Times New Roman, serif;\"><span style=\"font-size: medium;\"><span style=\"font-size: large;\">Wszyscy:\u00a0 <\/span><\/span><\/span><\/span><\/strong><\/p>\n<p align=\"left\"><span style=\"font-family: Times New Roman, serif;\"><span style=\"font-size: medium;\"><b><span style=\"font-size: large;\">Przy \u0142amaniu chleba. Alleluja.<\/span><\/b> <\/span><\/span><\/p>\n<p align=\"left\"><strong><span style=\"font-family: 'Times New Roman', serif; color: #ff6600;\"><span style=\"font-size: medium;\"><em><span style=\"font-size: large;\">ojciec rodziny lub przewodnicz\u0105cy m\u00f3wi: <\/span><\/em><\/span><\/span><\/strong><\/p>\n<p align=\"left\">\u00a0<span style=\"font-family: Times New Roman, serif;\"><span style=\"font-size: medium;\"><b><span style=\"font-size: large;\">M\u00f3dlmy si\u0119:<\/span><\/b><span style=\"font-size: large;\"> \u00a0<\/span><b><span style=\"font-size: large;\">Bo\u017ce, \u017ar\u00f3d\u0142o \u017cycia, nape\u0142nij nasze serca paschaln\u0105 rado\u015bci\u0105 i podobnie jak da\u0142e\u015b nam pokarm pochodz\u0105cy z ziemi, spraw, aby zawsze trwa\u0142o w nas nowe \u017cycie, kt\u00f3re wys\u0142u\u017cy\u0142 nam Chrystus przez swoj\u0105 \u015bmier\u0107 i zmartwychwstanie i w swoim mi\u0142osierdziu nam go udzieli\u0142. Kt\u00f3ry \u017cyje i kr\u00f3luje na wieki wiek\u00f3w.<\/span><\/b> <\/span><\/span><\/p>\n<p align=\"left\"><span style=\"color: #ff6600;\">\u00a0<span style=\"font-family: Times New Roman, serif;\"><span style=\"font-size: medium;\"><span style=\"font-size: large;\">Wszyscy:\u00a0<\/span><\/span><\/span><\/span><\/p>\n<p align=\"left\"><span style=\"font-family: Times New Roman, serif;\"><span style=\"font-size: medium;\"><b><span style=\"font-size: large;\">Amen.<\/span><\/b> <\/span><\/span><\/p>\n","protected":false},"excerpt":{"rendered":"<p>B\u0141OGOS\u0141AWIE\u0143STWO STO\u0141U PRZED UROCZYSTYM POSI\u0141KIEM W NIEDZIEL\u0118 ZMARTWYCHWSTANIA PA\u0143SKIEGO ( Obrz\u0119dy b\u0142ogos\u0142awie\u0144stw dostosowane do zwyczaj\u00f3w diecezji polskich, t. 2, Katowice 2010, nr. 1347-1350) \u00a0Ojciec rodziny lub przewodnicz\u0105cy zapala \u015bwiec\u0119 umieszczon\u0105 na stole i m\u00f3wi: \u00a0Chrystus zmartwychwsta\u0142. Alleluja. \u00a0Wszyscy odpowiadaj\u0105: \u00a0Prawdziwie zmartwychwsta\u0142. Alleluja. \u00a0Nast\u0119pnie kto\u015b z uczestnik\u00f3w odczytuje tekst Pisma \u015awi\u0119tego. 1 Tes 5, 16-18:\u00a0 Zawsze si\u0119 radujcie. \u00a0Bracia i siostry, pos\u0142uchajcie s\u0142\u00f3w \u015bwi\u0119tego Paw\u0142a Aposto\u0142a do Tesaloniczan. \u00a0Zawsze si\u0119 radujcie, nieustannie si\u0119 m\u00f3dlcie. W Ka\u017cdym po\u0142o\u017ceniu dzi\u0119kujcie, taka jest bowiem wola Bo\u017ca w Jezusie Chrystusie wzgl\u0119dem was. Albo: Mt 6, 31 ab.32b-33: Nie troszczcie si\u0119 zbytnio i nie m\u00f3wcie: co b\u0119dziemy je\u015b\u0107? \u00a0Bracia i siostry, pos\u0142uchajmy s\u0142\u00f3w Ewangelii wed\u0142ug \u015bwi\u0119tego Mateusza. \u00a0Jezus powiedzia\u0142 do swoich uczni\u00f3w: \u201eNie troszczcie si\u0119 zbytnio i nie m\u00f3wicie: co b\u0119dziemy\u00a0 je\u015b\u0107? co b\u0119dziemy pi\u0107? Przecie\u017c Ojciec wasz niebieski wie, \u017ce tego wszystkiego potrzebujecie. Starajcie si\u0119 naprz\u00f3d o kr\u00f3lestwo Boga i o Jego sprawiedliwo\u015b\u0107, a to&hellip;<\/p>\n<p> <a class=\"more-link\" href=\"http:\/\/www.franciszek-walcz.pl\/?p=8067\">Czytaj dalej<\/a><\/p>\n","protected":false},"author":1,"featured_media":0,"comment_status":"closed","ping_status":"open","sticky":false,"template":"","format":"standard","meta":{"footnotes":""},"categories":[4],"tags":[],"class_list":{"0":"post-8067","1":"post","2":"type-post","3":"status-publish","4":"format-standard","6":"category-ogloszenia"},"brizy_media":[],"_links":{"self":[{"href":"http:\/\/www.franciszek-walcz.pl\/index.php?rest_route=\/wp\/v2\/posts\/8067","targetHints":{"allow":["GET"]}}],"collection":[{"href":"http:\/\/www.franciszek-walcz.pl\/index.php?rest_route=\/wp\/v2\/posts"}],"about":[{"href":"http:\/\/www.franciszek-walcz.pl\/index.php?rest_route=\/wp\/v2\/types\/post"}],"author":[{"embeddable":true,"href":"http:\/\/www.franciszek-walcz.pl\/index.php?rest_route=\/wp\/v2\/users\/1"}],"replies":[{"embeddable":true,"href":"http:\/\/www.franciszek-walcz.pl\/index.php?rest_route=%2Fwp%2Fv2%2Fcomments&post=8067"}],"version-history":[{"count":1,"href":"http:\/\/www.franciszek-walcz.pl\/index.php?rest_route=\/wp\/v2\/posts\/8067\/revisions"}],"predecessor-version":[{"id":8068,"href":"http:\/\/www.franciszek-walcz.pl\/index.php?rest_route=\/wp\/v2\/posts\/8067\/revisions\/8068"}],"wp:attachment":[{"href":"http:\/\/www.franciszek-walcz.pl\/index.php?rest_route=%2Fwp%2Fv2%2Fmedia&parent=8067"}],"wp:term":[{"taxonomy":"category","embeddable":true,"href":"http:\/\/www.franciszek-walcz.pl\/index.php?rest_route=%2Fwp%2Fv2%2Fcategories&post=8067"},{"taxonomy":"post_tag","embeddable":true,"href":"http:\/\/www.franciszek-walcz.pl\/index.php?rest_route=%2Fwp%2Fv2%2Ftags&post=8067"}],"curies":[{"name":"wp","href":"https:\/\/api.w.org\/{rel}","templated":true}]}}