{"id":8251,"date":"2020-04-11T12:19:02","date_gmt":"2020-04-11T10:19:02","guid":{"rendered":"http:\/\/www.franciszek-walcz.pl\/?p=8251"},"modified":"2020-04-11T12:37:14","modified_gmt":"2020-04-11T10:37:14","slug":"8251","status":"publish","type":"post","link":"http:\/\/www.franciszek-walcz.pl\/?p=8251","title":{"rendered":"List Rektora KUL"},"content":{"rendered":"<p style=\"text-align: left;\"><strong>\u00a0 \u00a0 \u00a0 \u00a0 \u00a0 \u00a0 \u00a0 \u00a0 \u00a0 \u00a0 \u00a0 \u00a0 \u00a0 \u00a0 \u00a0 \u00a0 \u00a0 \u00a0 \u00a0 \u00a0 \u00a0 S\u0142owo Rektora Katolickiego Uniwersytetu Lubelskiego Jana Paw\u0142a II<\/strong><br \/>\n<strong>\u00a0 \u00a0 \u00a0 \u00a0 \u00a0 \u00a0 \u00a0 \u00a0 \u00a0 \u00a0 \u00a0 \u00a0 \u00a0 \u00a0 \u00a0 \u00a0 \u00a0 \u00a0 \u00a0 \u00a0 \u00a0 \u00a0 \u00a0 \u00a0 \u00a0 \u00a0na uroczysto\u015b\u0107 Zmartwychwstania Pa\u0144skiego 2020 roku<\/strong><\/p>\n<p style=\"text-align: left;\">Pos\u0142a\u0144cy paschalnej nadziei i\u00a0or\u0119downicy mi\u0142o\u015bci do Ojczyzny<br \/>\nW\u00a0 tym roku \u015awi\u0119ta Wielkanocne prze\u017cywamy w\u00a0 czasie szczeg\u00f3lnym, w\u00a0 czasie naznaczonym epidemi\u0105. Nasze my\u015bli i serca przepe\u0142nia obawa o zdrowie i \u017cycie nas samych i naszych bliskich. Niekiedy towarzyszy nam poczucie bezsilno\u015bci. Dojmuj\u0105co odczuwamy nietrwa\u0142o\u015b\u0107 oraz krucho\u015b\u0107 naszego losu. Wielu cierpi i umiera w samotno\u015bci. Bole\u015bnie prze\u017cywaj\u0105c zagro\u017cenie chorob\u0105, odizolowanie, oddzielenie od bliskich, szukamy pociechy i pokrzepienia. W tym wyj\u0105tkowym czasie oczekujemy wi\u0119c jak nigdy wcze\u015bniej upragnionej \u0142aski Bo\u017cego mi\u0142osierdzia, pragniemy przej\u015b\u0107 z Chrystusem ze \u015bmierci do \u017cycia, dozna\u0107 cho\u0107by wyciszonej, prze\u017cywanej w trudnych okoliczno\u015bciach, ale nie mniej prawdziwej i\u00a0g\u0142\u0119bokiej rado\u015bci Zmartwychwstania.<\/p>\n<p style=\"text-align: left;\">Siostry i Bracia w Chrystusie Panu, zechciejmy dzisiaj bardziej ni\u017c kiedykolwiek obudzi\u0107 w sobie rado\u015b\u0107 z mocy zmartwychwsta\u0142ego Pana i wo\u0142ajmy z ca\u0142ym Ko\u015bcio\u0142em: \u201eOtrzyjcie ju\u017c \u0142zy p\u0142acz\u0105cy, \u017cale z serca wyzujcie. \/ Wszyscy w Chrystusa wierz\u0105cy, weselcie si\u0119, radujcie. \/ Bo zmartwychwsta\u0142 samow\u0142adnie, jak przepowiedzia\u0142 dok\u0142adnie. \/ Alleluja. Alleluja. Niechaj zabrzmi: Alleluja!\u201d (Otrzyj cie j u\u017c \u0142zy p\u0142acz\u0105cy).<\/p>\n<p><strong>I. \u015awiadkowie paschalnej nadziei<\/strong><br \/>\nZmartwychwstanie Chrystusa jest najwa\u017cniejszym, centralnym wydarzeniem w\u00a0 historii ludzko\u015bci. Przynosi ono bowiem odpowied\u017a na pytanie o\u00a0 sens ludzkiego \u017cycia, cierpienia i przemijania. W trosce o \u017cywego cz\u0142owieka z jego dramatami, zagubieniem i\u00a0 rozdarciem Ko\u015bci\u00f3\u0142 niezmiennie i\u00a0 nieustannie powtarza krzepi\u0105ce wyznanie wiary aposto\u0142\u00f3w i\u00a0 przekazuje do\u015bwiadczenie niewiast z\u00a0 wielkanocnego poniedzia\u0142ku: \u201eNie b\u00f3jcie si\u0119\u201d (Mt 28,10), Pan rzeczywi\u015bcie zmartwychwsta\u0142. Czyni to tak\u017ce w \u015bwiecie, kt\u00f3ry na r\u00f3\u017cne sposoby pr\u00f3buje usun\u0105\u0107 Boga z ludzkiego \u017cycia, wyrugowa\u0107 Go ze sfery publicznej, a nawet g\u0142osi Jego \u015bmier\u0107 lub \u2013 pos\u0142uguj\u0105c si\u0119 k\u0142amstwem \u2013 chce zmusi\u0107 Jego wyznawc\u00f3w do milczenia czy do rezygnacji z g\u0142oszenia ca\u0142ej lub niewygodnej prawdy. Obraz Piotra nauczaj\u0105cego sw\u00f3j nar\u00f3d w\u00a0 Jerozolimie w\u00a0 dniu Pi\u0119\u0107dziesi\u0105tnicy przywodzi nam na pami\u0119\u0107 nauczycieli i \u015bwiadk\u00f3w, kt\u00f3rzy nieustraszenie, \u201ew por\u0119, nie w por\u0119\u201d (2Tym 4,2) g\u0142osili Chrystusa ukrzy\u017cowanego i zmartwychwsta\u0142ego naszemu pokoleniu. W tym roku w spos\u00f3b szczeg\u00f3lny wspominamy dw\u00f3ch niezwyk\u0142ych pos\u0142a\u0144c\u00f3w Dobrej Nowiny, kt\u00f3rzy z moc\u0105 r\u00f3wn\u0105 Piotrowej wzywali sw\u00f3j nar\u00f3d do odwagi w wyznawaniu wiary. Ju\u017c nied\u0142ugo prze\u017cywa\u0107 b\u0119dziemy setn\u0105 rocznic\u0119 urodzin \u015bw. Jana Paw\u0142a II i\u00a0beatyfikacj\u0119 kard. Stefana Wyszy\u0144skiego.<br \/>\nObydwaj wyra\u017anie i znacz\u0105co wpisali si\u0119 w histori\u0119 Ko\u015bcio\u0142a i dzieje naszej Ojczyzny. Ich biografie i drogi do \u015bwi\u0119to\u015bci by\u0142y wprawdzie oddzielne, indywidualne, ale cz\u0119stokro\u0107 splata\u0142y si\u0119 i dope\u0142nia\u0142y w pos\u0142annictwie, do kt\u00f3rego zostali powo\u0142ani. \u015awiadcz\u0105 o tym bodaj najdobitniej znamienne s\u0142owa Jana Paw\u0142a II skierowane do Prymasa Tysi\u0105clecia: \u201enie by\u0142oby na Stolicy Piotrowej tego Papie\u017ca, gdyby nie by\u0142o Twojej wiary [\u2026], Twojej heroicznej nadziei, Twego zawierzenia\u201d. Obydwaj byli \u201emocarzami wiary\u201d, danymi Ojczy\u017anie na czas trudnych prze\u0142om\u00f3w i wa\u017cnych przemian. Obydwaj rozumieli swoje pos\u0142annictwo jako s\u0142u\u017cb\u0119 Ko\u015bcio\u0142owi i s\u0142u\u017cb\u0119 narodowi r\u00f3wnocze\u015bnie. Nauczali odwa\u017cnie i bezustannie, \u017ce ka\u017cdy cz\u0142owiek ma godno\u015b\u0107 dziecka Bo\u017cego, \u017ce jest cz\u0142onkiem wsp\u00f3lnoty Ko\u015bcio\u0142a, ale zarazem jest dzieckiem swego narodu, kt\u00f3ry trwa i rozwija si\u0119 w oparciu o w\u0142asn\u0105 kultur\u0119, j\u0119zyk, tradycj\u0119, histori\u0119 i religi\u0119.<\/p>\n<p><strong>II. Mi\u0142o\u015b\u0107 do Ojczyzny obowi\u0105zkiem chrze\u015bcijanina<\/strong><br \/>\nWa\u017cnym rozdzia\u0142em w nauczaniu i dzia\u0142alno\u015bci prymasa Wyszy\u0144skiego by\u0142 patriotyzm \u2013 mi\u0142o\u015b\u0107 do w\u0142asnego narodu i Ojczyzny. Nar\u00f3d definiowa\u0142 on jako wsp\u00f3lnot\u0119 kulturow\u0105 mocno zwi\u0105zan\u0105 z chrze\u015bcija\u0144stwem, wplecionym w jego dzieje przez tysi\u0105cletni\u0105 tradycj\u0119 wsp\u00f3\u0142istnienia. My\u015bl t\u0119 wyra\u017ca\u0142 jednoznacznie i sugestywnie, niezale\u017cnie od okoliczno\u015bci. Na kilka dni przed uwi\u0119zieniem w 1953 roku wypowiedzia\u0142 znamienne s\u0142owa: \u201eKocham Ojczyzn\u0119 wi\u0119cej ni\u017c w\u0142asne serce i wszystko, co czyni\u0119 dla Ko\u015bcio\u0142a, czyni\u0119 dla niej\u201d. Tak\u017ce w swoim testamencie, w kt\u00f3rym podsumowywa\u0142 w\u0142asne dzia\u0142ania i\u00a0 przywo\u0142ywa\u0142 najwa\u017cniejsze dla niego warto\u015bci i\u00a0 osoby, napisa\u0142: \u201eW stosunku do mojej ojczyzny zachowuj\u0119 pe\u0142n\u0105 cze\u015b\u0107 i mi\u0142o\u015b\u0107\u201d. Odrzucaj\u0105c jakiekolwiek formy nacjonalizmu i egoizmu narodowego, sprzeciwiaj\u0105c si\u0119 marginalizacji kogokolwiek, staj\u0105c w obronie godno\u015bci ka\u017cdego cz\u0142owieka, zawsze czu\u0142 si\u0119 synem polskiej ziemi i zabiega\u0142 o dobro swojego kraju. Podkre\u015bla\u0142, \u017ce: \u201eMusimy po Bogu dochowa\u0107 wierno\u015bci przede wszystkim naszej Ojczy\u017anie i narodowej kulturze polskiej [\u2026], z kt\u00f3rej wyrastamy na polskiej ziemi\u201d. Swoje przywi\u0105zanie do ojczystego kraju wyra\u017ca\u0142 konsekwentnie, tak\u017ce w\u00f3wczas gdy by\u0142o to niepopularne czy krytykowane, odrzucaj\u0105c polityczne kalkulacje. Tak by\u0142o po II wojnie \u015bwiatowej, kiedy niekt\u00f3re \u015brodowiska polonijne, protestuj\u0105c \u2013 przecie\u017c sk\u0105din\u0105d s\u0142usznie \u2013 przeciwko narzuconemu w kraju ustrojowi komunistycznemu, wyra\u017ca\u0142y opini\u0119, \u017ce Polski nie nale\u017cy odwiedza\u0107 i wspiera\u0107; wtedy mia\u0142 odwag\u0119 powiedzie\u0107 na Jasnej G\u00f3rze do polskich pielgrzym\u00f3w z Ameryki P\u00f3\u0142nocnej: \u201eGdy widzisz tw\u0105 matk\u0119 w niedoli, czy g\u0142owisz si\u0119 nad tym i rozwa\u017casz politycznie, czy przystoi spieszy\u0107 z pomoc\u0105 czy nie?\u201d. D\u0105\u017c\u0105c do wzmocnienia wi\u0119zi narodu jako wsp\u00f3lnoty, przypomina\u0142 o jego chrze\u015bcija\u0144skich korzeniach i roli Ko\u015bcio\u0142a. Podkre\u015bla\u0142: \u201eJe\u017celi Ko\u015bci\u00f3\u0142 w Ojczy\u017anie naszej staje w obronie Ewangelii, w obronie kultury religijnej, w obronie wolno\u015bci cz\u0142owieka, \u0142adu moralnego i chrze\u015bcija\u0144skiej moralno\u015bci, to jednocze\u015bnie [&#8230;] staje te\u017c w obronie narodowej racji stanu [&#8230;]\u201d. Prymas przywi\u0105zywa\u0142 ogromn\u0105 wag\u0119 do wychowania i edukacji w duchu patriotycznym, w poczuciu szacunku dla dziej\u00f3w w\u0142asnego narodu i wi\u0119zi z poprzednimi pokoleniami. Uwa\u017ca\u0142, \u017ce: \u201eNar\u00f3d bez dziej\u00f3w to nar\u00f3d tragiczny\u201d. W procesie edukacji wa\u017cn\u0105 rol\u0119 przyznawa\u0142 nauce historii, kt\u00f3ra by\u0142a dla niego \u015bwiadectwem narodowej to\u017csamo\u015bci czy swego rodzaju drogowskazem pozwalaj\u0105cym unikn\u0105\u0107 b\u0142\u0119d\u00f3w i nieporozumie\u0144. \u201eNar\u00f3d, kt\u00f3ry odcina si\u0119 od historii, kt\u00f3ry si\u0119 jej wstydzi, kt\u00f3ry wychowuje m\u0142ode pokolenie bez powi\u0105za\u0144 historycznych [\u2026]<br \/>\nskazuje si\u0119 dobrowolnie na \u015bmier\u0107, podcina korzenie w\u0142asnego istnienia\u201d \u2013 t\u0142umaczy\u0142. Kard. Wyszy\u0144ski zabiega\u0142 te\u017c o pokojowe rozwi\u0105zywanie konflikt\u00f3w. \u015awiadomy napi\u0119\u0107 spo\u0142ecznych i politycznych po zako\u0144czeniu II wojny \u015bwiatowej, niejako przeczuwaj\u0105c nadej\u015bcie \u2013 niestety powracaj\u0105cych wci\u0105\u017c bole\u015bnie \u2013 wewn\u0119trznych konflikt\u00f3w i tragedii, nie bez b\u00f3lu pisa\u0142: \u201eJak\u017ce mo\u017ce istnie\u0107 prawdziwy i trwa\u0142y pok\u00f3j, je\u015bli dzieci jednego narodu, niepomne na wsp\u00f3lne pochodzenie i wsp\u00f3ln\u0105 Ojczyzn\u0119, dla wygody osobistej oddaj\u0105 si\u0119 k\u0142\u00f3tniom i\u00a0sporom\u201d.<\/p>\n<p><strong>III. Spadkobiercy zobowi\u0105zuj\u0105cego dziedzictwa<\/strong><br \/>\nObchodzony niedawno jubileusz 100-lecia powstania KUL by\u0142 dla naszej spo\u0142eczno\u015bci uniwersyteckiej okazj\u0105 do spojrzenia z wdzi\u0119czno\u015bci\u0105 w przesz\u0142o\u015b\u0107 uczelni, kt\u00f3rej karty zapisywa\u0142o wiele wybitnych postaci. Do\u015bwiadczyli\u015bmy tej \u0142aski, \u017ce histori\u0119 naszej Alma Mater wsp\u00f3\u0142tworzyli przywo\u0142ani \u015bwiadkowie wiary, przewodnicy narodu. Jan Pawe\u0142 II, b\u0119d\u0105c przez blisko 25 lat wyk\u0142adowc\u0105 etyki na KUL, wypracowa\u0142 wa\u017cn\u0105 cz\u0119\u015b\u0107 dorobku naukowego, kt\u00f3ry stal si\u0119 podwalin\u0105 intelektualn\u0105 jego pontyfikatu. Kard. Stefan Wyszy\u0144ski, najpierw student i\u00a0absolwent naszej uczelni,<br \/>\nnast\u0119pnie jej wielki kanclerz i wyk\u0142adowca katolickiej nauki spo\u0142ecznej, jako prymas Polski by\u0142 protektorem i obro\u0144c\u0105 niezale\u017cno\u015bci Katolickiego Uniwersytetu Lubelskiego w okresie PRL. Bez tych dw\u00f3ch wielkich postaci nie by\u0142oby nie tylko niepodleg\u0142ej Polski, ale tak\u017ce przestrzeni prawdy i wolno\u015bci, dzi\u0119ki kt\u00f3rej nasz uniwersytet mo\u017ce dzi\u015b realizowa\u0107 swoj\u0105 misj\u0119. Tym bardziej wi\u0119c na spo\u0142eczno\u015bci akademickiej KUL spoczywa zobowi\u0105zanie, aby przypomina\u0107 obu niezwyk\u0142ych \u201emocarzy wiary\u201d oraz ich nauczanie. W tym duchu, nawi\u0105zuj\u0105c do tradycji, chcemy nadal wsp\u00f3\u0142tworzy\u0107 kultur\u0119 chrze\u015bcija\u0144sk\u0105, kt\u00f3ra stoi na stra\u017cy godno\u015bci cz\u0142owieka, kt\u00f3ra chroni\u0142a i chroni przed r\u00f3\u017cnymi formami zniewolenia umys\u0142u, a jednocze\u015bnie jest fundamentem prawdziwe ludzkiego \u0142adu spo\u0142ecznego. Drodzy Przyjaciele naszej uczelni. Ostatnie dni to trudny okres dla nas wszystkich w wymiarze indywidualnym i spo\u0142ecznym. Nasza Ojczyzna zmaga si\u0119 z pandemi\u0105. W\u00a0 tym czasie szczeg\u00f3lnie potrzebujemy m\u0119stwa i\u00a0 odpowiedzialno\u015bci, ofiarnego i wra\u017cliwego bycia dla innych, wzajemnej \u017cyczliwo\u015bci i solidarno\u015bci. Tyle razy w naszych dziejach potrafili\u015bmy je heroicznie urzeczywistnia\u0107. W duchu chrze\u015bcija\u0144skiej nadziei i wiary, w imieniu ca\u0142ej spo\u0142eczno\u015bci Katolickiego Uniwersytetu Lubelskiego Jana Paw\u0142a II, sk\u0142adam wielkanocne \u017cyczenia pokoju p\u0142yn\u0105cego od zmartwychwsta\u0142ego Chrystusa, kt\u00f3ry zwyci\u0119\u017cy\u0142 \u015bmier\u0107 i wszystkie ciemne moce (por. Ef 1, 19-23; 6, 10-12). Wyra\u017cam te\u017c serdeczne podzi\u0119kowania za wszelkie formy wsparcia. \u201eNadzieja nasza w Zmartwychwsta\u0142ym, rado\u015bci\u0105 nasz\u0105 Jego chwa\u0142a. Alleluja!\u201d (Nadzieja nasza w Zmartwychwsta\u0142ym).<\/p>\n<p><strong>\u00a0 \u00a0 ks. prof. dr hab. Antoni D\u0119bi\u0144ski<\/strong><\/p>\n","protected":false},"excerpt":{"rendered":"<p>\u00a0 \u00a0 \u00a0 \u00a0 \u00a0 \u00a0 \u00a0 \u00a0 \u00a0 \u00a0 \u00a0 \u00a0 \u00a0 \u00a0 \u00a0 \u00a0 \u00a0 \u00a0 \u00a0 \u00a0 \u00a0 S\u0142owo Rektora Katolickiego Uniwersytetu Lubelskiego Jana Paw\u0142a II \u00a0 \u00a0 \u00a0 \u00a0 \u00a0 \u00a0 \u00a0 \u00a0 \u00a0 \u00a0 \u00a0 \u00a0 \u00a0 \u00a0 \u00a0 \u00a0 \u00a0 \u00a0 \u00a0 \u00a0 \u00a0 \u00a0 \u00a0 \u00a0 \u00a0 \u00a0na uroczysto\u015b\u0107 Zmartwychwstania Pa\u0144skiego 2020 roku Pos\u0142a\u0144cy paschalnej nadziei i\u00a0or\u0119downicy mi\u0142o\u015bci do Ojczyzny W\u00a0 tym roku \u015awi\u0119ta Wielkanocne prze\u017cywamy w\u00a0 czasie szczeg\u00f3lnym, w\u00a0 czasie naznaczonym epidemi\u0105. Nasze my\u015bli i serca przepe\u0142nia obawa o zdrowie i \u017cycie nas samych i naszych bliskich. Niekiedy towarzyszy nam poczucie bezsilno\u015bci. Dojmuj\u0105co odczuwamy nietrwa\u0142o\u015b\u0107 oraz krucho\u015b\u0107 naszego losu. Wielu cierpi i umiera w samotno\u015bci. Bole\u015bnie prze\u017cywaj\u0105c zagro\u017cenie chorob\u0105, odizolowanie, oddzielenie od bliskich, szukamy pociechy i pokrzepienia. W tym wyj\u0105tkowym czasie oczekujemy wi\u0119c jak nigdy wcze\u015bniej upragnionej \u0142aski Bo\u017cego mi\u0142osierdzia, pragniemy przej\u015b\u0107 z Chrystusem ze \u015bmierci do \u017cycia, dozna\u0107 cho\u0107by wyciszonej, prze\u017cywanej&hellip;<\/p>\n<p> <a class=\"more-link\" href=\"http:\/\/www.franciszek-walcz.pl\/?p=8251\">Czytaj dalej<\/a><\/p>\n","protected":false},"author":1,"featured_media":0,"comment_status":"closed","ping_status":"open","sticky":false,"template":"","format":"standard","meta":{"footnotes":""},"categories":[4,1],"tags":[],"class_list":{"0":"post-8251","1":"post","2":"type-post","3":"status-publish","4":"format-standard","6":"category-ogloszenia","7":"category-uncategorized"},"brizy_media":[],"_links":{"self":[{"href":"http:\/\/www.franciszek-walcz.pl\/index.php?rest_route=\/wp\/v2\/posts\/8251","targetHints":{"allow":["GET"]}}],"collection":[{"href":"http:\/\/www.franciszek-walcz.pl\/index.php?rest_route=\/wp\/v2\/posts"}],"about":[{"href":"http:\/\/www.franciszek-walcz.pl\/index.php?rest_route=\/wp\/v2\/types\/post"}],"author":[{"embeddable":true,"href":"http:\/\/www.franciszek-walcz.pl\/index.php?rest_route=\/wp\/v2\/users\/1"}],"replies":[{"embeddable":true,"href":"http:\/\/www.franciszek-walcz.pl\/index.php?rest_route=%2Fwp%2Fv2%2Fcomments&post=8251"}],"version-history":[{"count":8,"href":"http:\/\/www.franciszek-walcz.pl\/index.php?rest_route=\/wp\/v2\/posts\/8251\/revisions"}],"predecessor-version":[{"id":8260,"href":"http:\/\/www.franciszek-walcz.pl\/index.php?rest_route=\/wp\/v2\/posts\/8251\/revisions\/8260"}],"wp:attachment":[{"href":"http:\/\/www.franciszek-walcz.pl\/index.php?rest_route=%2Fwp%2Fv2%2Fmedia&parent=8251"}],"wp:term":[{"taxonomy":"category","embeddable":true,"href":"http:\/\/www.franciszek-walcz.pl\/index.php?rest_route=%2Fwp%2Fv2%2Fcategories&post=8251"},{"taxonomy":"post_tag","embeddable":true,"href":"http:\/\/www.franciszek-walcz.pl\/index.php?rest_route=%2Fwp%2Fv2%2Ftags&post=8251"}],"curies":[{"name":"wp","href":"https:\/\/api.w.org\/{rel}","templated":true}]}}