{"id":8506,"date":"2020-04-25T11:57:44","date_gmt":"2020-04-25T09:57:44","guid":{"rendered":"http:\/\/www.franciszek-walcz.pl\/?p=8506"},"modified":"2020-04-25T11:58:16","modified_gmt":"2020-04-25T09:58:16","slug":"wskazania-biskupa-polowego-dla-wiernych-i-kapelanow-ordynariatu-polowego","status":"publish","type":"post","link":"http:\/\/www.franciszek-walcz.pl\/?p=8506","title":{"rendered":"Wskazania Biskupa Polowego dla Wiernych i Kapelan\u00f3w Ordynariatu Polowego"},"content":{"rendered":"<p align=\"right\"><span style=\"font-family: Times New Roman, serif;\"><span style=\"font-size: large;\">Warszawa, 20 kwietnia 2020 r. <\/span><\/span><\/p>\n<p><span style=\"font-family: Times New Roman, serif;\"><span style=\"font-size: large;\">l.dz. PE\/276\/2020 <\/span><\/span><\/p>\n<p align=\"center\"><span style=\"font-family: Times New Roman, serif;\"><span style=\"font-size: large;\"><b>Wskazania Biskupa Polowego dla Wiernych i Kapelan\u00f3w Ordynariatu Polowego<br \/>\ndotycz\u0105ce spraw duszpasterskich w okresie epidemii<br \/>\nWarszawa, 20 kwietnia 2020 r.<\/b><\/span><\/span><\/p>\n<p><a name=\"_GoBack\"><\/a><\/p>\n<p align=\"justify\"><span style=\"font-family: Times New Roman, serif;\"><span style=\"font-size: large;\">Bior\u0105c pod uwag\u0119 nowe rozporz\u0105dzenia w\u0142adz pa\u0144stwowych, kieruj\u0119 do wiernych i kapelan\u00f3w Ordynariatu Polowego poni\u017csze wskazania duszpasterskie i prawne: <\/span><\/span><\/p>\n<ol>\n<li>\n<p align=\"justify\"><span style=\"font-family: Times New Roman, serif;\"><span style=\"font-size: large;\">Zgodnie z zarz\u0105dzeniem w\u0142adz pa\u0144stwowych, z dniem 20 kwietnia 2020 roku ulega zmianie przepis okre\u015blaj\u0105cy liczb\u0119 os\u00f3b uczestnicz\u0105cych w liturgii. W trakcie sprawowania kultu religijnego, w tym czynno\u015bci lub obrz\u0119d\u00f3w religijnych, w budynku u\u017cyteczno\u015bci publicznej przeznaczonym na potrzeby kultu religijnego mo\u017ce znajdowa\u0107 si\u0119 1 uczestnik na 15 m<\/span><\/span><sup><span style=\"font-family: Times New Roman, serif;\"><span style=\"font-size: large;\">2<\/span><\/span><\/sup><span style=\"font-family: Times New Roman, serif;\"><span style=\"font-size: large;\"> powierzchni tego budynku, opr\u00f3cz os\u00f3b sprawuj\u0105cych kult religijny. Polecam podanie do publicznej wiadomo\u015bci liczby wiernych, kt\u00f3rzy mog\u0105 uczestniczy\u0107 w liturgii w danym ko\u015bciele lub kaplicy (np. w gablocie parafialnej, na drzwiach ko\u015bcio\u0142a, na stronie internetowej parafii).<\/span><\/span><\/p>\n<\/li>\n<li>\n<p align=\"justify\"><span style=\"font-family: Times New Roman, serif;\"><span style=\"font-size: large;\">Na cmentarzu mo\u017ce znajdowa\u0107 si\u0119 nie wi\u0119cej ni\u017c 50 uczestnik\u00f3w podczas jednego pogrzebu, opr\u00f3cz os\u00f3b sprawuj\u0105cych kult religijny, os\u00f3b dokonuj\u0105cych poch\u00f3wku lub os\u00f3b zatrudnionych przez zak\u0142ad lub dom pogrzebowy. <\/span><\/span><\/p>\n<\/li>\n<li>\n<p align=\"justify\"><span style=\"font-family: Times New Roman, serif;\"><span style=\"font-size: large;\">Zgodnie z przepisami pa\u0144stwowymi, wierni uczestnicz\u0105cy w liturgii maj\u0105 obowi\u0105zek zakrywania ust i nosa przy pomocy odzie\u017cy lub jej cz\u0119\u015bci, maski albo maseczki. Dotyczy to r\u00f3wnie\u017c os\u00f3b us\u0142uguj\u0105cych przy o\u0142tarzu. Wed\u0142ug przepis\u00f3w pa\u0144stwowych z tego obowi\u0105zku zwolniony jest duchowny sprawuj\u0105cy kult religijny, w tym czynno\u015bci lub obrz\u0119dy religijne, podczas jego sprawowania. Ponadto z obowi\u0105zku zakrywania ust i nosa zwolnione s\u0105 tak\u017ce osoby wykonuj\u0105ce czynno\u015bci zawodowe, s\u0142u\u017cbowe lub zarobkowe (np. organista czy ko\u015bcielny) je\u015bli nie maj\u0105 bezpo\u015bredniego kontaktu z innymi osobami. <\/span><\/span><\/p>\n<\/li>\n<li>\n<p align=\"justify\"><span style=\"font-family: Times New Roman, serif;\"><span style=\"font-size: large;\">Do odwo\u0142ania zakazuje si\u0119 organizowania, w ramach dzia\u0142alno\u015bci parafii lub o\u015brodka duszpasterskiego, spotka\u0144 i zebra\u0144 niezale\u017cnie od ich rodzaju. <\/span><\/span><\/p>\n<\/li>\n<li>\n<p align=\"justify\"><span style=\"font-family: Times New Roman, serif;\"><span style=\"font-size: large;\">Ze wzgl\u0119du na utrzymuj\u0105cy si\u0119 d\u0142u\u017cej stan epidemii obecnie postanawiam, \u017ce na wyra\u017an\u0105 pro\u015bb\u0119 rodzic\u00f3w mo\u017cna udziela\u0107 sakramentu Chrztu \u015awi\u0119tego dzieciom, z zachowaniem wszelkich przepis\u00f3w sanitarnych. Chrztu nale\u017cy udziela\u0107 poza Msz\u0105 \u015awi\u0119t\u0105. Jako zasad\u0119 nale\u017cy przyj\u0105\u0107, \u017ce chrzest udzielany jest osobno dzieciom z poszczeg\u00f3lnych rodzin. <\/span><\/span><\/p>\n<\/li>\n<li>\n<p align=\"justify\"><span style=\"font-family: Times New Roman, serif;\"><span style=\"font-size: large;\">Jeszcze raz przypominam wiernym Ordynariatu Polowego o udzielonej dyspensie od uczestnictwa w niedzielnej Mszy \u015awi\u0119tej. W tych nadzwyczajnych warunkach nadal zach\u0119cam wiernych, aby korzystali z tej dyspensy i jednoczyli si\u0119 w modlitwie poprzez \u015brodki masowego przekazu oraz praktykowanie Komunii duchowej. <\/span><\/span><\/p>\n<\/li>\n<li>\n<p align=\"justify\"><span style=\"font-family: Times New Roman, serif;\"><span style=\"font-size: large;\">Sakrament pokuty nale\u017cy sprawowa\u0107 z zachowaniem postanowie\u0144 zawartych w dekrecie z\u00a0dnia 21 marca 2020 roku, dotycz\u0105cych osobnego miejsca poza konfesjona\u0142em, z\u00a0zachowaniem odpowiedniej odleg\u0142o\u015bci. Ponadto polecam kapelanom i penitentom, w\u00a0czasie sprawowania sakramentu pokuty, stosowanie maseczek ochronnych na twarz<\/span><\/span><\/p>\n<\/li>\n<li>\n<p align=\"justify\"><span style=\"font-family: Times New Roman, serif;\"><span style=\"font-size: large;\">Przypominam, \u017ce do odwo\u0142ania zosta\u0142o od\u0142o\u017cone udzielanie sakramentu bierzmowania. Zgodnie ze wskazaniami z dnia 26 marca br., decyzj\u0119 o ewentualnym prze\u0142o\u017ceniu terminu Pierwszej Komunii \u015awi\u0119tej dzieci nale\u017cy podj\u0105\u0107 roztropnie, po konsultacjach z rodzicami. Gdy przemawiaj\u0105 za tym racje duszpasterskie, mo\u017cna udziela\u0107 Pierwszej Komunii \u015awi\u0119tej pojedynczym dzieciom, z udzia\u0142em najbli\u017cszej rodziny, przestrzegaj\u0105c przepis\u00f3w pa\u0144stwowych i sanitarnych.<\/span><\/span><\/p>\n<\/li>\n<li>\n<p align=\"justify\"><span style=\"font-family: Times New Roman, serif;\"><span style=\"font-size: large;\">Ko\u015bcio\u0142y i kaplice garnizonowe powinny by\u0107 w miar\u0119 mo\u017cliwo\u015bci otwarte w ci\u0105gu dnia dla indywidualnej modlitwy wiernych. <\/span><\/span><\/p>\n<\/li>\n<li>\n<p align=\"justify\"><span style=\"font-family: Times New Roman, serif;\"><span style=\"font-size: large;\">Przypominam, \u017ce Stolica Apostolska udzieli\u0142a specjalnych odpust\u00f3w w obecnej sytuacji pandemii, zar\u00f3wno wiernym dotkni\u0119tym chorob\u0105 zaka\u017an\u0105 spowodowan\u0105 koronawirusem, jak i pracownikom s\u0142u\u017cby zdrowia, cz\u0142onkom ich rodzin i wszystkim tym, kt\u00f3rzy w\u00a0jakimkolwiek charakterze opiekuj\u0105 si\u0119 nimi oraz tym, kt\u00f3rzy poprzez modlitw\u0119 wspieraj\u0105 chorych i walcz\u0105cych z epidemi\u0105. Do uzyskania odpustu, po spe\u0142nieniu pozosta\u0142ych warunk\u00f3w, wystarczy pragnienie spowiedzi sakramentalnej i duchowa Komunia \u015bwi\u0119ta. <\/span><\/span><\/p>\n<\/li>\n<\/ol>\n<p align=\"justify\"><span style=\"font-family: Times New Roman, serif;\"><span style=\"font-size: large;\">Wszystkim Kapelanom i Wiernym Ordynariatu Polowego udzielam pasterskiego b\u0142ogos\u0142awie\u0144stwa wzywaj\u0105c wstawiennictwa Matki Bo\u017cej, Hetmanki \u017bo\u0142nierza Polskiego.<\/span><\/span><\/p>\n<p>\u00a0\u00a0\u00a0\u00a0\u00a0\u00a0\u00a0\u00a0\u00a0\u00a0\u00a0\u00a0\u00a0\u00a0\u00a0\u00a0\u00a0\u00a0\u00a0\u00a0\u00a0\u00a0\u00a0\u00a0\u00a0\u00a0\u00a0\u00a0\u00a0\u00a0\u00a0\u00a0\u00a0\u00a0\u00a0\u00a0\u00a0\u00a0\u00a0\u00a0\u00a0\u00a0\u00a0\u00a0\u00a0\u00a0\u00a0\u00a0\u00a0\u00a0\u00a0\u00a0\u00a0\u00a0\u00a0\u00a0\u00a0\u00a0\u00a0\u00a0\u00a0\u00a0\u00a0\u00a0\u00a0\u00a0\u00a0\u00a0\u00a0\u00a0\u00a0\u00a0\u00a0\u00a0\u00a0\u00a0\u00a0\u00a0<span style=\"font-family: Times New Roman, serif;\"><span style=\"font-size: large;\"> + J\u00f3zef Guzdek <\/span><\/span><\/p>\n<p><span style=\"font-family: Times New Roman, serif;\"><span style=\"font-size: large;\"> Biskup Polowy Wojska Polskiego <\/span><\/span><\/p>\n<p><span style=\"font-family: Times New Roman, serif;\"><span style=\"font-size: large;\">ks. dr Dariusz Konieczny<\/span><\/span><\/p>\n<p><span style=\"font-size: large; font-family: 'Times New Roman', serif;\">wicekanclerz<\/span><\/p>\n","protected":false},"excerpt":{"rendered":"<p>Warszawa, 20 kwietnia 2020 r. l.dz. PE\/276\/2020 Wskazania Biskupa Polowego dla Wiernych i Kapelan\u00f3w Ordynariatu Polowego dotycz\u0105ce spraw duszpasterskich w okresie epidemii Warszawa, 20 kwietnia 2020 r. Bior\u0105c pod uwag\u0119 nowe rozporz\u0105dzenia w\u0142adz pa\u0144stwowych, kieruj\u0119 do wiernych i kapelan\u00f3w Ordynariatu Polowego poni\u017csze wskazania duszpasterskie i prawne: Zgodnie z zarz\u0105dzeniem w\u0142adz pa\u0144stwowych, z dniem 20 kwietnia 2020 roku ulega zmianie przepis okre\u015blaj\u0105cy liczb\u0119 os\u00f3b uczestnicz\u0105cych w liturgii. W trakcie sprawowania kultu religijnego, w tym czynno\u015bci lub obrz\u0119d\u00f3w religijnych, w budynku u\u017cyteczno\u015bci publicznej przeznaczonym na potrzeby kultu religijnego mo\u017ce znajdowa\u0107 si\u0119 1 uczestnik na 15 m2 powierzchni tego budynku, opr\u00f3cz os\u00f3b sprawuj\u0105cych kult religijny. Polecam podanie do publicznej wiadomo\u015bci liczby wiernych, kt\u00f3rzy mog\u0105 uczestniczy\u0107 w liturgii w danym ko\u015bciele lub kaplicy (np. w gablocie parafialnej, na drzwiach ko\u015bcio\u0142a, na stronie internetowej parafii). Na cmentarzu mo\u017ce znajdowa\u0107 si\u0119 nie wi\u0119cej ni\u017c 50 uczestnik\u00f3w podczas jednego pogrzebu, opr\u00f3cz os\u00f3b sprawuj\u0105cych kult religijny, os\u00f3b dokonuj\u0105cych&hellip;<\/p>\n<p> <a class=\"more-link\" href=\"http:\/\/www.franciszek-walcz.pl\/?p=8506\">Czytaj dalej<\/a><\/p>\n","protected":false},"author":1,"featured_media":0,"comment_status":"closed","ping_status":"open","sticky":false,"template":"","format":"standard","meta":{"footnotes":""},"categories":[4],"tags":[],"class_list":{"0":"post-8506","1":"post","2":"type-post","3":"status-publish","4":"format-standard","6":"category-ogloszenia"},"brizy_media":[],"_links":{"self":[{"href":"http:\/\/www.franciszek-walcz.pl\/index.php?rest_route=\/wp\/v2\/posts\/8506","targetHints":{"allow":["GET"]}}],"collection":[{"href":"http:\/\/www.franciszek-walcz.pl\/index.php?rest_route=\/wp\/v2\/posts"}],"about":[{"href":"http:\/\/www.franciszek-walcz.pl\/index.php?rest_route=\/wp\/v2\/types\/post"}],"author":[{"embeddable":true,"href":"http:\/\/www.franciszek-walcz.pl\/index.php?rest_route=\/wp\/v2\/users\/1"}],"replies":[{"embeddable":true,"href":"http:\/\/www.franciszek-walcz.pl\/index.php?rest_route=%2Fwp%2Fv2%2Fcomments&post=8506"}],"version-history":[{"count":1,"href":"http:\/\/www.franciszek-walcz.pl\/index.php?rest_route=\/wp\/v2\/posts\/8506\/revisions"}],"predecessor-version":[{"id":8507,"href":"http:\/\/www.franciszek-walcz.pl\/index.php?rest_route=\/wp\/v2\/posts\/8506\/revisions\/8507"}],"wp:attachment":[{"href":"http:\/\/www.franciszek-walcz.pl\/index.php?rest_route=%2Fwp%2Fv2%2Fmedia&parent=8506"}],"wp:term":[{"taxonomy":"category","embeddable":true,"href":"http:\/\/www.franciszek-walcz.pl\/index.php?rest_route=%2Fwp%2Fv2%2Fcategories&post=8506"},{"taxonomy":"post_tag","embeddable":true,"href":"http:\/\/www.franciszek-walcz.pl\/index.php?rest_route=%2Fwp%2Fv2%2Ftags&post=8506"}],"curies":[{"name":"wp","href":"https:\/\/api.w.org\/{rel}","templated":true}]}}