{"id":8562,"date":"2020-05-02T11:24:20","date_gmt":"2020-05-02T09:24:20","guid":{"rendered":"http:\/\/www.franciszek-walcz.pl\/?p=8562"},"modified":"2020-05-02T11:24:41","modified_gmt":"2020-05-02T09:24:41","slug":"maryja-ojczyzna-krzyz","status":"publish","type":"post","link":"http:\/\/www.franciszek-walcz.pl\/?p=8562","title":{"rendered":"Maryja, ojczyzna, krzy\u017c"},"content":{"rendered":"<p><span style=\"font-family: Times New Roman, serif;\"><span style=\"font-size: large;\">Cho\u0107 dzi\u015b 2 maja, ale liturgicznie 3 maja. W starszym pokoleniu Uroczysto\u015b\u0107 Maryi Kr\u00f3lowej Polski budzi wiele emocji. Mo\u017ce nie tylko w starszym. W to \u015bwi\u0119to jest wpisany patos, duma, poczucie przynale\u017cno\u015bci do narodowej wsp\u00f3lnoty. Uczucia patriotyczne splataj\u0105 si\u0119 z pobo\u017cno\u015bci\u0105 maryjn\u0105, z religijn\u0105 \u017carliwo\u015bci\u0105. Zwolennicy modernizacji i europeizacji Polski wmawiaj\u0105 nam, \u017ce tak nie wolno. \u017be mi\u0142o\u015b\u0107 do Boga, do Maryi i mi\u0142o\u015b\u0107 do Polski nie mog\u0105 si\u0119 \u0142\u0105czy\u0107 w ca\u0142o\u015b\u0107. \u017be musi nast\u0105pi\u0107 rozdzia\u0142 spraw pa\u0144stwowych i religijnych. \u017be prezydent nie mo\u017ce si\u0119 publicznie modli\u0107. \u017be krzy\u017c czy obraz Maryi nie mo\u017ce pojawia\u0107 si\u0119 w pobli\u017cu herbu i flagi. Nie powinni\u015bmy ulega\u0107 tej presji. Polska i wiara katolicka s\u0105 ze sob\u0105 zwi\u0105zane. Tak po prostu jest. Taka jest nasza historia, kt\u00f3ra ukszta\u0142towa\u0142a nasz\u0105 narodow\u0105 to\u017csamo\u015b\u0107. I ta historia nie jest przeciwko tym, kt\u00f3rzy katolikami nie s\u0105 lub nie czuj\u0105. Polacy kochaj\u0105cy Boga i kochaj\u0105cy swoj\u0105 ojczyzn\u0119 modl\u0105 si\u0119 dzi\u015b do Maryi jako Kr\u00f3lowej Polski. Jej zawierzaj\u0105 Polsk\u0119 w trudnym momencie dziej\u00f3w.<br \/>\nIdziemy po \u015bcie\u017ckach wydeptanych przez poprzednie pokolenia. 350 lat temu kr\u00f3l Jan Kazimierz podczas szwedzkiego potopu og\u0142osi\u0142 w katedrze lwowskiej, \u017ce Maryja jest Kr\u00f3low\u0105 Polski. Cho\u0107 tytu\u0142 Kr\u00f3lowej Polski by\u0142 obecny w pobo\u017cno\u015bci Polak\u00f3w znacznie wcze\u015bniej, to jednak w\u0142a\u015bnie potop i obrona Jasnej G\u00f3ry wynios\u0142y Maryj\u0119 na duchowy tron w spos\u00f3b oficjalny i uroczysty. W latach zabor\u00f3w Jasna G\u00f3ra sta\u0142a si\u0119 religijn\u0105 stolic\u0105 Polski. Maryja \u2013 Kr\u00f3lowa Polski by\u0142a dla zniewolonego narodu znakiem nadziei i wewn\u0119trznej wolno\u015bci. W roku 1920, kiedy wojska sowieckie sta\u0142y u bram odrodzonej II Rzeczpospolitej, biskupi ponowili wyb\u00f3r Maryi na Kr\u00f3low\u0105. Episkopat zwr\u00f3ci\u0142 si\u0119 do Stolicy Apostolskiej o ustanowienie specjalnego \u015bwi\u0119ta. W 1923 roku papie\u017c Pius XI, kt\u00f3ry jeszcze jako nuncjusz Polski bywa\u0142 w Cz\u0119stochowie, ustanowi\u0142 dzie\u0144 3 maja \u015bwi\u0119tem Kr\u00f3lowej Korony Polskiej. Maryjn\u0105 drog\u0105 prowadzi\u0142 nas Prymas Tysi\u0105clecia w d\u0142ugiej nocy komunizmu.<br \/>\nKr\u00f3lowanie Maryi umacnia\u0142o si\u0119 zw\u0142aszcza w czasach trudnych dla Polski. Potop, zabory, wojna z Rosj\u0105 w 1920 roku, niewola PRL-u \u2013 te ciemne okresy historii kierowa\u0142y Polak\u00f3w w stron\u0119 Maryi. By\u0107 mo\u017ce dlatego w dzie\u0144 Kr\u00f3lowej Polski czytamy Ewangeli\u0119 o Maryi stoj\u0105cej pod krzy\u017cem. Jezusowy testament spe\u0142nia\u0142 si\u0119 w dziejach Polski. Ilekro\u0107 Polacy do\u015bwiadczali krzy\u017ca wojny, niewoli, ucisku, tylekro\u0107 s\u0142yszeli wyra\u017aniej s\u0142owa: \u201eOto Matka twoja\u201d. I na\u015bladuj\u0105c \u015bw. Jana, \u201ebrali Maryj\u0119 do siebie\u201d.<br \/>\nCzego uczy nas Maryja stoj\u0105ca pod krzy\u017cem? Uczy wierno\u015bci do ko\u0144ca, zw\u0142aszcza w obliczu pr\u00f3by. Jest tam, gdzie powinna by\u0107 kochaj\u0105ca matka. Czasem nie da si\u0119 ju\u017c nic zrobi\u0107, ale mo\u017cna by\u0107. Obecno\u015b\u0107 jest wa\u017cna. Maryja nie da\u0142a si\u0119 z\u0142ama\u0107 przez cierpienie i niesprawiedliwo\u015b\u0107. Uczy nas m\u0119stwa w obliczu cierpienia i z\u0142a. Ona boleje, cierpi, ale nie rozpacza, nie lamentuje, nie obwinia, trwa wierna do ko\u0144ca mimo, \u017ce niekoniecznie rozumie. Cierpliwa wytrwa\u0142o\u015b\u0107. Tej cnoty zabrak\u0142o wszystkim aposto\u0142om opr\u00f3cz Jana. Cierpienie jest zawsze pr\u00f3b\u0105 mi\u0142o\u015bci i wierno\u015bci. Kr\u00f3lowo Polski, pom\u00f3\u017c nam przetrwa\u0107 kolejn\u0105 pr\u00f3b\u0119.<\/span><\/span><\/p>\n<p><span style=\"font-family: Times New Roman, serif;\"><span style=\"font-size: medium;\">ks. Tomasz Jaklewicz<\/span><\/span><\/p>\n","protected":false},"excerpt":{"rendered":"<p>Cho\u0107 dzi\u015b 2 maja, ale liturgicznie 3 maja. W starszym pokoleniu Uroczysto\u015b\u0107 Maryi Kr\u00f3lowej Polski budzi wiele emocji. Mo\u017ce nie tylko w starszym. W to \u015bwi\u0119to jest wpisany patos, duma, poczucie przynale\u017cno\u015bci do narodowej wsp\u00f3lnoty. Uczucia patriotyczne splataj\u0105 si\u0119 z pobo\u017cno\u015bci\u0105 maryjn\u0105, z religijn\u0105 \u017carliwo\u015bci\u0105. Zwolennicy modernizacji i europeizacji Polski wmawiaj\u0105 nam, \u017ce tak nie wolno. \u017be mi\u0142o\u015b\u0107 do Boga, do Maryi i mi\u0142o\u015b\u0107 do Polski nie mog\u0105 si\u0119 \u0142\u0105czy\u0107 w ca\u0142o\u015b\u0107. \u017be musi nast\u0105pi\u0107 rozdzia\u0142 spraw pa\u0144stwowych i religijnych. \u017be prezydent nie mo\u017ce si\u0119 publicznie modli\u0107. \u017be krzy\u017c czy obraz Maryi nie mo\u017ce pojawia\u0107 si\u0119 w pobli\u017cu herbu i flagi. Nie powinni\u015bmy ulega\u0107 tej presji. Polska i wiara katolicka s\u0105 ze sob\u0105 zwi\u0105zane. Tak po prostu jest. Taka jest nasza historia, kt\u00f3ra ukszta\u0142towa\u0142a nasz\u0105 narodow\u0105 to\u017csamo\u015b\u0107. I ta historia nie jest przeciwko tym, kt\u00f3rzy katolikami nie s\u0105 lub nie czuj\u0105. Polacy kochaj\u0105cy Boga i kochaj\u0105cy swoj\u0105 ojczyzn\u0119 modl\u0105 si\u0119&hellip;<\/p>\n<p> <a class=\"more-link\" href=\"http:\/\/www.franciszek-walcz.pl\/?p=8562\">Czytaj dalej<\/a><\/p>\n","protected":false},"author":1,"featured_media":0,"comment_status":"closed","ping_status":"open","sticky":false,"template":"","format":"standard","meta":{"footnotes":""},"categories":[5],"tags":[],"class_list":{"0":"post-8562","1":"post","2":"type-post","3":"status-publish","4":"format-standard","6":"category-artykuly"},"brizy_media":[],"_links":{"self":[{"href":"http:\/\/www.franciszek-walcz.pl\/index.php?rest_route=\/wp\/v2\/posts\/8562","targetHints":{"allow":["GET"]}}],"collection":[{"href":"http:\/\/www.franciszek-walcz.pl\/index.php?rest_route=\/wp\/v2\/posts"}],"about":[{"href":"http:\/\/www.franciszek-walcz.pl\/index.php?rest_route=\/wp\/v2\/types\/post"}],"author":[{"embeddable":true,"href":"http:\/\/www.franciszek-walcz.pl\/index.php?rest_route=\/wp\/v2\/users\/1"}],"replies":[{"embeddable":true,"href":"http:\/\/www.franciszek-walcz.pl\/index.php?rest_route=%2Fwp%2Fv2%2Fcomments&post=8562"}],"version-history":[{"count":1,"href":"http:\/\/www.franciszek-walcz.pl\/index.php?rest_route=\/wp\/v2\/posts\/8562\/revisions"}],"predecessor-version":[{"id":8563,"href":"http:\/\/www.franciszek-walcz.pl\/index.php?rest_route=\/wp\/v2\/posts\/8562\/revisions\/8563"}],"wp:attachment":[{"href":"http:\/\/www.franciszek-walcz.pl\/index.php?rest_route=%2Fwp%2Fv2%2Fmedia&parent=8562"}],"wp:term":[{"taxonomy":"category","embeddable":true,"href":"http:\/\/www.franciszek-walcz.pl\/index.php?rest_route=%2Fwp%2Fv2%2Fcategories&post=8562"},{"taxonomy":"post_tag","embeddable":true,"href":"http:\/\/www.franciszek-walcz.pl\/index.php?rest_route=%2Fwp%2Fv2%2Ftags&post=8562"}],"curies":[{"name":"wp","href":"https:\/\/api.w.org\/{rel}","templated":true}]}}