{"id":8564,"date":"2020-05-02T11:27:20","date_gmt":"2020-05-02T09:27:20","guid":{"rendered":"http:\/\/www.franciszek-walcz.pl\/?p=8564"},"modified":"2020-05-02T11:28:44","modified_gmt":"2020-05-02T09:28:44","slug":"iv-niedziela-wielkanocna-niedziela-dobrego-pasterza","status":"publish","type":"post","link":"http:\/\/www.franciszek-walcz.pl\/?p=8564","title":{"rendered":"IV niedziela wielkanocna \u2013 Niedziela Dobrego Pasterza"},"content":{"rendered":"<p style=\"text-align: left;\" align=\"right\"><span style=\"font-family: Times New Roman, serif;\"><span style=\"font-size: large;\"><b>Istnieje wiele propozycji udanego \u017cycia bez k\u0142opot\u00f3w, bez trudno\u015bci.<\/b><\/span><\/span><span style=\"font-family: Times New Roman, serif;\"><span style=\"font-size: large;\"> Wiele razy ju\u017c obiecywano ludziom raj na ziemi. W sumie cz\u0142owiek intuicyjnie poszukuje tego lepszego \u015bwiata, wyczuwa, \u017ce musi by\u0107 co\u015b, co jest lepsze ni\u017c nasza obecna egzystencja. Wielu ludzi szuka bramy do tego lepszego \u015bwiata. Wielu zastanawia si\u0119, czy istnieje i jaka jest brama do raju?<\/span><\/span><\/p>\n<p style=\"text-align: left;\" align=\"right\"><span style=\"font-family: Times New Roman, serif;\"><span style=\"font-size: large;\"><b>Dzisiaj Jezus przekonuje nas, \u017ce taka brama rzeczywi\u015bcie istnieje. <\/b><\/span><\/span><span style=\"font-family: Times New Roman, serif;\"><span style=\"font-size: large;\">On sam nazywa siebie <\/span><\/span><span style=\"color: #ff6600;\"><span style=\"font-family: Times New Roman, serif;\"><span style=\"font-size: large;\"><i>bram\u0105 owiec<\/i><\/span><\/span><\/span><span style=\"font-family: Times New Roman, serif;\"><span style=\"font-size: large;\"><span style=\"color: #ff6600;\">.<\/span> On jest <\/span><\/span><span style=\"color: #ff6600;\"><span style=\"font-family: Times New Roman, serif;\"><span style=\"font-size: large;\"><i>bram\u0105<\/i><\/span><\/span><\/span><span style=\"font-family: Times New Roman, serif;\"><span style=\"font-size: large;\"><span style=\"color: #ff6600;\">,<\/span> poniewa\u017c tylko przez Niego mo\u017cna doj\u015b\u0107 do Ojca. Za\u015b Jego nauka jest t\u0105 bram\u0105, przez kt\u00f3r\u0105 trzeba przej\u015b\u0107, aby wej\u015b\u0107 do wsp\u00f3lnoty Jego uczni\u00f3w i osi\u0105gn\u0105\u0107 \u017cycie wieczne. Jezus jest tak\u017ce <\/span><\/span><span style=\"color: #ff6600;\"><span style=\"font-family: Times New Roman, serif;\"><span style=\"font-size: large;\"><i>pasterzem<\/i><\/span><\/span><\/span><span style=\"font-family: Times New Roman, serif;\"><span style=\"font-size: large;\">, bo prowadzi wiernych do Ojca, karmi ich swoim s\u0142owem, opiekuje si\u0119 nimi, a nawet nara\u017ca \u017cycie w obronie swoich uczni\u00f3w. Jezus jest wi\u0119c <\/span><\/span><span style=\"color: #ff6600;\"><span style=\"font-family: Times New Roman, serif;\"><span style=\"font-size: large;\"><i>bram\u0105<\/i><\/span><\/span><\/span><span style=\"font-family: Times New Roman, serif;\"><span style=\"font-size: large;\"> do raju i zarazem <\/span><\/span><span style=\"color: #ff6600;\"><span style=\"font-family: Times New Roman, serif;\"><span style=\"font-size: large;\"><i>pasterzem<\/i><\/span><\/span><span style=\"font-family: Times New Roman, serif;\"><span style=\"font-size: large;\">.<\/span><\/span><\/span><\/p>\n<p align=\"justify\">\u00a0<span style=\"font-family: Times New Roman, serif;\"><span style=\"font-size: large;\"><b>Dzisiaj te s\u0142owa nie wywo\u0142uj\u0105 ju\u017c wielkiego wra\u017cenia.<\/b><\/span><\/span><span style=\"font-family: Times New Roman, serif;\"><span style=\"font-size: large;\"> Niestety jest wielu naci\u0105gaczy obiecuj\u0105cych \u0142atwiejsze \u017cycie, \u0142atwy raj ju\u017c tu na ziemi. Dzisiaj propozycja Jezusa, to czego naucza przez sw\u00f3j Ko\u015bci\u00f3\u0142, jest jedn\u0105 z wielu propozycji i to niezbyt atrakcyjn\u0105, bo bardzo wymagaj\u0105c\u0105. Jednak, je\u017celi zastanowi\u0107 si\u0119 nad tym g\u0142\u0119biej i g\u0142\u0119biej spojrze\u0107 na obraz <\/span><\/span><span style=\"color: #ff6600;\"><span style=\"font-family: Times New Roman, serif;\"><span style=\"font-size: large;\"><i>Dobrego Pasterza<\/i><\/span><\/span><\/span><span style=\"font-family: Times New Roman, serif;\"><span style=\"font-size: large;\">, mo\u017cna doj\u015b\u0107 do ciekawych wniosk\u00f3w.<\/span><\/span><\/p>\n<p align=\"justify\">\u00a0<span style=\"font-family: Times New Roman, serif;\"><span style=\"font-size: large;\"><b>Jezus m\u00f3wi o tym, \u017ce Jego owce znaj\u0105 Jego g\u0142os.<\/b><\/span><\/span><span style=\"font-family: Times New Roman, serif;\"><span style=\"font-size: large;\"> G\u0142os Jezusa zawsze przynosi pok\u00f3j serca. On m\u00f3wi prawd\u0119, cz\u0119sto nawet trudn\u0105 np. o naszej kondycji duchowej, naszych s\u0142abo\u015bciach, grzechu. Jednak zawsze podaje j\u0105 z mi\u0142o\u015bci\u0105. Jezus nas zna, wie, jaka jest nasza wra\u017cliwo\u015b\u0107, \u201eprawdoczu\u0142o\u015b\u0107\u201d. On chce swoich uczni\u00f3w uchroni\u0107 od \u015bmierci, nie chce ich prawd\u0105 zabija\u0107, bo przecie\u017c mo\u017cna komu\u015b powiedzie\u0107 prawd\u0119 w taki spos\u00f3b, \u017ce si\u0119 go pot\u0119\u017cnie zrani.<\/span><\/span><\/p>\n<p align=\"justify\">\u00a0<span style=\"font-family: Times New Roman, serif;\"><span style=\"font-size: large;\"><b>Ponadto On jest w stanie umrze\u0107 za swoje owce.<\/b><\/span><\/span><span style=\"font-family: Times New Roman, serif;\"><span style=\"font-size: large;\"> I rzeczywi\u015bcie odda\u0142 z nas \u017cycie. Niejedna osoba marzy o takiej mi\u0142o\u015bci a\u017c po \u015bmier\u0107. Pragnie tego, \u017ceby j\u0105 kto\u015b zaakceptowa\u0142 bezwarunkowo. Nie m\u00f3wi\u0142 tak jak czasem rodzicie do swoich dzieci: \u201eJe\u017celi b\u0119dziesz grzeczny, je\u017celi spe\u0142nisz nasze oczekiwania, to b\u0119dziemy ci\u0119 kocha\u0107\u201d.<\/span><\/span><\/p>\n<p align=\"justify\">\u00a0<span style=\"font-family: Times New Roman, serif;\"><span style=\"font-size: large;\"><b>Jedynym czego Jezus od nas oczekuje, to zna\u0107 Jego g\u0142os, to przyj\u0105\u0107 Jego mi\u0142o\u015b\u0107.<\/b><\/span><\/span><span style=\"font-family: Times New Roman, serif;\"><span style=\"font-size: large;\"> Zastan\u00f3w si\u0119, czy w\u015br\u00f3d zgie\u0142ku \u015bwiata s\u0142yszysz g\u0142os Jezusa, czy rozpoznajesz to, co m\u00f3wi? Aby rozpozna\u0107 Jego g\u0142os trzeba \u017cy\u0107 Jego s\u0142owem. Aby przyj\u0105\u0107 Jego mi\u0142o\u015b\u0107, z kolei trzeba pokory. Trzeba nieraz u\u015bwiadomi\u0107 sobie, jak bardzo jestem poraniony i jak trudno do tych ran si\u0119 przyzna\u0107 \u2013 do tego, \u017ce kto\u015b mnie skrzywdzi\u0142, \u017ce dopu\u015bci\u0142 si\u0119 z\u0142a wobec mnie i nic nie zmieni tego faktu. Trzeba czasem zdoby\u0107 si\u0119 na odwag\u0119 i krzykn\u0105\u0107 w Jego kierunku: \u201eJezu ratuj, bo ju\u017c sobie nie radz\u0119!\u201d A On, <\/span><\/span><span style=\"color: #ff6600;\"><span style=\"font-family: Times New Roman, serif;\"><span style=\"font-size: large;\"><i>Dobry Pasterz<\/i><\/span><\/span><\/span><span style=\"font-family: Times New Roman, serif;\"><span style=\"font-size: large;\">, podejdzie do mnie, wyci\u0105gnie mnie z tych \u017cyciowych cierni i we\u017amie na ramiona. Pierwsze wizerunki Jezusa to m\u0142odzieniec, kt\u00f3ry na swoich ramionach niesie owc\u0119. Jednak mnie zawsze mocno dotyka taki wizerunek Jezusa, ikona, na kt\u00f3rej On zamiast owcy niesie na swoich ramionach cz\u0142owieka.<\/span><\/span><\/p>\n<p align=\"justify\">\u00a0<span style=\"font-family: Times New Roman, serif;\"><span style=\"font-size: large;\"><b>Jak rozpozna\u0107 <\/b><\/span><\/span><span style=\"color: #ff6600;\"><span style=\"font-family: Times New Roman, serif;\"><span style=\"font-size: large;\"><i><b>Dobrego Pasterza<\/b><\/i><\/span><\/span><\/span><span style=\"font-family: Times New Roman, serif;\"><span style=\"font-size: large;\"><b>? <\/b><\/span><\/span><span style=\"font-family: Times New Roman, serif;\"><span style=\"font-size: large;\">Jak odr\u00f3\u017cni\u0107 go od naci\u0105gaczy obiecuj\u0105cych \u0142atwe osi\u0105gni\u0119cie raju? Tutaj konieczna jest znajomo\u015b\u0107 \u017cycia. \u015awiat nie potrzebuje ludzi g\u0142osz\u0105cych mi\u0142o\u015b\u0107, lecz takich, kt\u00f3rzy \u017cyj\u0105 mi\u0142o\u015bci\u0105. Czasem s\u0142owa s\u0105 takie same, ale cz\u0142owiek jest inny. Mo\u017cna wyczu\u0107 r\u00f3\u017cnic\u0119 mi\u0119dzy kim\u015b, kto m\u00f3wi poprawnie, a kim\u015b, kto poprawnie \u017cyje. Mo\u017cna. Trzeba tylko g\u0142\u0119biej si\u0119 ws\u0142ucha\u0107 i bardziej si\u0119 przyjrze\u0107.<\/span><\/span><\/p>\n<p align=\"justify\">\u00a0<span style=\"font-family: Times New Roman, serif;\"><span style=\"font-size: large;\"><b>Dzisiaj te\u017c m\u00f3dlmy si\u0119 o takich pasterzy,<\/b><\/span><\/span><span style=\"font-family: Times New Roman, serif;\"><span style=\"font-size: large;\"> kt\u00f3rzy na wz\u00f3r Jezusa i przez Jezusa b\u0119d\u0105 prowadzi\u0107 do Ojca, nie tylko m\u00f3wi\u0105c o mi\u0142o\u015bci, ale konkretnie ni\u0105 \u017cyj\u0105c.<\/span><\/span><\/p>\n","protected":false},"excerpt":{"rendered":"<p>Istnieje wiele propozycji udanego \u017cycia bez k\u0142opot\u00f3w, bez trudno\u015bci. Wiele razy ju\u017c obiecywano ludziom raj na ziemi. W sumie cz\u0142owiek intuicyjnie poszukuje tego lepszego \u015bwiata, wyczuwa, \u017ce musi by\u0107 co\u015b, co jest lepsze ni\u017c nasza obecna egzystencja. Wielu ludzi szuka bramy do tego lepszego \u015bwiata. Wielu zastanawia si\u0119, czy istnieje i jaka jest brama do raju? Dzisiaj Jezus przekonuje nas, \u017ce taka brama rzeczywi\u015bcie istnieje. On sam nazywa siebie bram\u0105 owiec. On jest bram\u0105, poniewa\u017c tylko przez Niego mo\u017cna doj\u015b\u0107 do Ojca. Za\u015b Jego nauka jest t\u0105 bram\u0105, przez kt\u00f3r\u0105 trzeba przej\u015b\u0107, aby wej\u015b\u0107 do wsp\u00f3lnoty Jego uczni\u00f3w i osi\u0105gn\u0105\u0107 \u017cycie wieczne. Jezus jest tak\u017ce pasterzem, bo prowadzi wiernych do Ojca, karmi ich swoim s\u0142owem, opiekuje si\u0119 nimi, a nawet nara\u017ca \u017cycie w obronie swoich uczni\u00f3w. Jezus jest wi\u0119c bram\u0105 do raju i zarazem pasterzem. \u00a0Dzisiaj te s\u0142owa nie wywo\u0142uj\u0105 ju\u017c wielkiego wra\u017cenia. Niestety jest wielu naci\u0105gaczy obiecuj\u0105cych \u0142atwiejsze \u017cycie,&hellip;<\/p>\n<p> <a class=\"more-link\" href=\"http:\/\/www.franciszek-walcz.pl\/?p=8564\">Czytaj dalej<\/a><\/p>\n","protected":false},"author":1,"featured_media":0,"comment_status":"closed","ping_status":"open","sticky":false,"template":"","format":"standard","meta":{"footnotes":""},"categories":[1],"tags":[],"class_list":{"0":"post-8564","1":"post","2":"type-post","3":"status-publish","4":"format-standard","6":"category-uncategorized"},"brizy_media":[],"_links":{"self":[{"href":"http:\/\/www.franciszek-walcz.pl\/index.php?rest_route=\/wp\/v2\/posts\/8564","targetHints":{"allow":["GET"]}}],"collection":[{"href":"http:\/\/www.franciszek-walcz.pl\/index.php?rest_route=\/wp\/v2\/posts"}],"about":[{"href":"http:\/\/www.franciszek-walcz.pl\/index.php?rest_route=\/wp\/v2\/types\/post"}],"author":[{"embeddable":true,"href":"http:\/\/www.franciszek-walcz.pl\/index.php?rest_route=\/wp\/v2\/users\/1"}],"replies":[{"embeddable":true,"href":"http:\/\/www.franciszek-walcz.pl\/index.php?rest_route=%2Fwp%2Fv2%2Fcomments&post=8564"}],"version-history":[{"count":2,"href":"http:\/\/www.franciszek-walcz.pl\/index.php?rest_route=\/wp\/v2\/posts\/8564\/revisions"}],"predecessor-version":[{"id":8566,"href":"http:\/\/www.franciszek-walcz.pl\/index.php?rest_route=\/wp\/v2\/posts\/8564\/revisions\/8566"}],"wp:attachment":[{"href":"http:\/\/www.franciszek-walcz.pl\/index.php?rest_route=%2Fwp%2Fv2%2Fmedia&parent=8564"}],"wp:term":[{"taxonomy":"category","embeddable":true,"href":"http:\/\/www.franciszek-walcz.pl\/index.php?rest_route=%2Fwp%2Fv2%2Fcategories&post=8564"},{"taxonomy":"post_tag","embeddable":true,"href":"http:\/\/www.franciszek-walcz.pl\/index.php?rest_route=%2Fwp%2Fv2%2Ftags&post=8564"}],"curies":[{"name":"wp","href":"https:\/\/api.w.org\/{rel}","templated":true}]}}