{"id":8683,"date":"2020-05-09T16:27:43","date_gmt":"2020-05-09T14:27:43","guid":{"rendered":"http:\/\/www.franciszek-walcz.pl\/?p=8683"},"modified":"2020-05-09T16:47:53","modified_gmt":"2020-05-09T14:47:53","slug":"ja-jestem-droga-prawda-i-zyciem","status":"publish","type":"post","link":"http:\/\/www.franciszek-walcz.pl\/?p=8683","title":{"rendered":"Ja jestem Drog\u0105, Prawd\u0105 i \u017byciem \u00a0"},"content":{"rendered":"<p align=\"left\"><span style=\"font-family: Times New Roman, serif;\"><span style=\"font-size: medium;\"><span style=\"font-size: large;\">Prawda &#8230; niesamowicie niebezpieczne s\u0142owo. Ba\u0142 si\u0119 jej ju\u017c Pi\u0142at, kiedy stan\u0105\u0142 przed nim Chrystus. Bali si\u0119 jej arcykap\u0142an Annasz, i Kajfasz, i faryzeusze &#8230; i ci dla kt\u00f3rych Chrystus by\u0142 niewygodny. Bali si\u0119 jej wszyscy totalitarni przyw\u00f3dcy i pewni siebie autokraci. Bali si\u0119 prawdy i boj\u0105 nadal wszyscy politykierzy , ale tak\u017ce mali codzienni k\u0142amcy. Prawda nie przestaje straszy\u0107 wszystkich, kt\u00f3rzy si\u0119 z ni\u0105 rozmijaj\u0105. Ona jest czym\u015b, co na pewno wyzwala, ale i czym\u015b za co mo\u017cna \u0142atwo i szybko p\u00f3j\u015b\u0107 do wi\u0119zienia i by\u0107 znienawidzonym przez innych.<\/span><\/span><\/span><\/p>\n<p align=\"left\">\u00a0<span style=\"font-family: Times New Roman, serif;\"><span style=\"font-size: medium;\"><span style=\"font-size: large;\">Nie ba\u0142 si\u0119 jej Chrystus, Kt\u00f3ry sam o sobie m\u00f3wi, \u017ce jest Prawd\u0105, Kt\u00f3ry przed Pi\u0142atem stwierdza wyra\u017anie: \u201eJa si\u0119 na to narodzi\u0142em i na to przyszed\u0142em na \u015bwiat, aby da\u0107 \u015bwiadectwo prawdzie. Ka\u017cdy, kto jest z prawdy, s\u0142ucha mojego g\u0142osu.\u201d (J 18:37)<\/span><\/span><\/span><\/p>\n<p align=\"left\"><span style=\"font-family: Times New Roman, serif;\"><span style=\"font-size: medium;\"><span style=\"font-size: large;\">Boj\u0119 si\u0119 jej \u2013 Prawdy, &#8230; a mo\u017ce szczeg\u00f3lnie tej ma\u0142ej prawdy o mnie samym &#8211; tak\u017ce i ja &#8230; Nie chc\u0119 jej przyj\u0105\u0107, bo ona demaskuje moj\u0105 ma\u0142ostkowo\u015b\u0107, bo zdziera moje maski i makija\u017ce. Nie chc\u0119 jej uzna\u0107, bo musia\u0142bym radykalnie zmieni\u0107 swoje \u017cycie.<\/span><\/span><\/span><\/p>\n<p align=\"left\"><span style=\"font-family: Times New Roman, serif;\"><span style=\"font-size: medium;\"><span style=\"font-size: large;\">Jedni pr\u00f3buj\u0105 j\u0105 zag\u0142uszy\u0107, inni zabi\u0107, lub na\u0142o\u017cy\u0107 kaganiec.\u00a0 Jeszcze inni udaj\u0105, \u017ce jej nie ma. Niekt\u00f3rzy pr\u00f3buj\u0105 j\u0105 dyplomatycznie omin\u0105\u0107, zby\u0107 u\u015bmieszkiem politowania lub brutalnie zamkn\u0105\u0107 jej usta, albo zakrzycze\u0107, zag\u0142uszy\u0107 sloganami, muzyk\u0105 czy nawet sprytnie manipulowanymi cytatami z Pisma \u015bw. S\u0105 i tacy, kt\u00f3rzy nie chc\u0105c o niej s\u0142ysze\u0107 ironizuj\u0105, kpi\u0105, szydz\u0105, wy\u015bmiewaj\u0105, udowadniaj\u0105, \u017ce ona nie istnieje &#8230;, \u017ce jest wzgl\u0119dna, \u017ce zale\u017cy od uk\u0142ad\u00f3w, od sytuacji, od kultury, od mojego stanu zdrowia i wielu innych &#8222;obiektywnych czynnik\u00f3w&#8221;. Nie ma chyba -poza mi\u0142o\u015bci\u0105- rzeczywisto\u015bci tak sponiewieranej i tak lekcewa\u017conej jak prawda.<\/span><\/span><\/span><\/p>\n<p align=\"left\"><span style=\"font-family: Times New Roman, serif;\"><span style=\"font-size: medium;\"><span style=\"font-size: large;\">A Chrystus trwa, jako Prawda, jak drogowskaz na drodze, jako Droga i jako \u017bycie. Chrystus jest Prawd\u0105, kt\u00f3ra prowadzi do \u017bycia. On jest Prawdziw\u0105 Drog\u0105 \u017bycia. On sam jest Drog\u0105 w Prawdzie do \u017bycia Wiecznego. I powtarza nieustannie: \u201eJe\u017celi b\u0119dziesz trwa\u0107 w nauce mojej, b\u0119dziecie prawdziwie moimi uczniami i poznacie prawd\u0119, a Prawda was wyzwoli.\u201d(J 8:32) I by\u0107 mo\u017ce dlatego nie jeste\u015bmy wolni, \u017ce nie chcemy pozna\u0107 Prawdy? By\u0107 mo\u017ce dlatego nie ma w nas \u017cycia, \u017ce od prawdy uciekamy? By\u0107 mo\u017ce dlatego ca\u0142e nasze \u017cycie to droga donik\u0105d, bo Prawdy si\u0119 boimy, bo j\u0105 zag\u0142uszamy?<\/span><\/span><\/span><\/p>\n<p align=\"left\"><span style=\"font-family: Times New Roman, serif;\"><span style=\"font-size: medium;\"><span style=\"font-size: large;\"><b>A jaki jest m\u00f3j stosunek do Prawdy?<\/b><\/span> <span style=\"font-size: large;\">Jezus m\u00f3wi o sobie: &#8222;Ja jestem Drog\u0105, Prawd\u0105 i \u017byciem&#8221;.<\/span> <span style=\"font-size: large;\">Tylko siedem s\u0142\u00f3w, ale prawdopodobnie najwa\u017cniejsze s\u0142owa wypowiedziane w ci\u0105gu 5 000 lat pisanej historii cz\u0142owieka.<\/span><\/span><\/span><\/p>\n<p align=\"left\"><span style=\"font-family: Times New Roman, serif;\"><span style=\"font-size: medium;\"><span style=\"font-size: large;\">Thomas Kempis napisa\u0142 w XV wieku:&#8221;Bez Drogi, nie ma dok\u0105d i\u015b\u0107. Bez Prawdy, nic nie wiadomo. Bez \u017bycia, nie ma \u017cycia&#8221;.A ty co? Czy wiesz, jak\u0105 drog\u0105 idziesz w swoim \u017cyciu? Czy wiesz, \u017ce ostateczn\u0105 prawd\u0105 jest Jezus Chrystus? Czy Jesus jest t\u0105 Prawd\u0105 i Drog\u0105 kt\u00f3ra wiedzie ci\u0119 \u00a0do \u017cycia wiecznego?<\/span><\/span><\/span><\/p>\n","protected":false},"excerpt":{"rendered":"<p>Prawda &#8230; niesamowicie niebezpieczne s\u0142owo. Ba\u0142 si\u0119 jej ju\u017c Pi\u0142at, kiedy stan\u0105\u0142 przed nim Chrystus. Bali si\u0119 jej arcykap\u0142an Annasz, i Kajfasz, i faryzeusze &#8230; i ci dla kt\u00f3rych Chrystus by\u0142 niewygodny. Bali si\u0119 jej wszyscy totalitarni przyw\u00f3dcy i pewni siebie autokraci. Bali si\u0119 prawdy i boj\u0105 nadal wszyscy politykierzy , ale tak\u017ce mali codzienni k\u0142amcy. Prawda nie przestaje straszy\u0107 wszystkich, kt\u00f3rzy si\u0119 z ni\u0105 rozmijaj\u0105. Ona jest czym\u015b, co na pewno wyzwala, ale i czym\u015b za co mo\u017cna \u0142atwo i szybko p\u00f3j\u015b\u0107 do wi\u0119zienia i by\u0107 znienawidzonym przez innych. \u00a0Nie ba\u0142 si\u0119 jej Chrystus, Kt\u00f3ry sam o sobie m\u00f3wi, \u017ce jest Prawd\u0105, Kt\u00f3ry przed Pi\u0142atem stwierdza wyra\u017anie: \u201eJa si\u0119 na to narodzi\u0142em i na to przyszed\u0142em na \u015bwiat, aby da\u0107 \u015bwiadectwo prawdzie. Ka\u017cdy, kto jest z prawdy, s\u0142ucha mojego g\u0142osu.\u201d (J 18:37) Boj\u0119 si\u0119 jej \u2013 Prawdy, &#8230; a mo\u017ce szczeg\u00f3lnie tej ma\u0142ej prawdy o mnie samym &#8211; tak\u017ce&hellip;<\/p>\n<p> <a class=\"more-link\" href=\"http:\/\/www.franciszek-walcz.pl\/?p=8683\">Czytaj dalej<\/a><\/p>\n","protected":false},"author":1,"featured_media":0,"comment_status":"closed","ping_status":"open","sticky":false,"template":"","format":"standard","meta":{"footnotes":""},"categories":[5],"tags":[],"class_list":{"0":"post-8683","1":"post","2":"type-post","3":"status-publish","4":"format-standard","6":"category-artykuly"},"brizy_media":[],"_links":{"self":[{"href":"http:\/\/www.franciszek-walcz.pl\/index.php?rest_route=\/wp\/v2\/posts\/8683","targetHints":{"allow":["GET"]}}],"collection":[{"href":"http:\/\/www.franciszek-walcz.pl\/index.php?rest_route=\/wp\/v2\/posts"}],"about":[{"href":"http:\/\/www.franciszek-walcz.pl\/index.php?rest_route=\/wp\/v2\/types\/post"}],"author":[{"embeddable":true,"href":"http:\/\/www.franciszek-walcz.pl\/index.php?rest_route=\/wp\/v2\/users\/1"}],"replies":[{"embeddable":true,"href":"http:\/\/www.franciszek-walcz.pl\/index.php?rest_route=%2Fwp%2Fv2%2Fcomments&post=8683"}],"version-history":[{"count":1,"href":"http:\/\/www.franciszek-walcz.pl\/index.php?rest_route=\/wp\/v2\/posts\/8683\/revisions"}],"predecessor-version":[{"id":8684,"href":"http:\/\/www.franciszek-walcz.pl\/index.php?rest_route=\/wp\/v2\/posts\/8683\/revisions\/8684"}],"wp:attachment":[{"href":"http:\/\/www.franciszek-walcz.pl\/index.php?rest_route=%2Fwp%2Fv2%2Fmedia&parent=8683"}],"wp:term":[{"taxonomy":"category","embeddable":true,"href":"http:\/\/www.franciszek-walcz.pl\/index.php?rest_route=%2Fwp%2Fv2%2Fcategories&post=8683"},{"taxonomy":"post_tag","embeddable":true,"href":"http:\/\/www.franciszek-walcz.pl\/index.php?rest_route=%2Fwp%2Fv2%2Ftags&post=8683"}],"curies":[{"name":"wp","href":"https:\/\/api.w.org\/{rel}","templated":true}]}}