{"id":8807,"date":"2020-05-16T12:44:49","date_gmt":"2020-05-16T10:44:49","guid":{"rendered":"http:\/\/www.franciszek-walcz.pl\/?p=8807"},"modified":"2020-05-16T12:46:35","modified_gmt":"2020-05-16T10:46:35","slug":"wytyczne-w-sprawach-liturgicznych-i-duszpasterskich-w-okresie-kolejnych-faz-pandemii-w-naszym-kraju","status":"publish","type":"post","link":"http:\/\/www.franciszek-walcz.pl\/?p=8807","title":{"rendered":"Wytyczne w sprawach liturgicznych i duszpasterskich  w okresie kolejnych faz pandemii w\u00a0naszym kraju"},"content":{"rendered":"<p align=\"right\"><span style=\"font-family: Times New Roman, serif;\"><span style=\"font-size: large;\">Warszawa, 16 maja 2020 r. <\/span><\/span><\/p>\n<p>&nbsp;<\/p>\n<p><span style=\"font-family: Times New Roman, serif;\"><span style=\"font-size: large;\">L.dz. PE\/333\/2020<\/span><\/span><\/p>\n<p><a name=\"_GoBack\"><\/a><\/p>\n<p align=\"center\"><span style=\"font-family: Times New Roman, serif;\"><span style=\"font-size: large;\"><b>Wytyczne w sprawach liturgicznych i duszpasterskich<br \/>\nw okresie kolejnych faz pandemii w\u00a0naszym kraju<\/b><\/span><\/span><\/p>\n<p align=\"justify\"><span style=\"font-family: Times New Roman, serif;\"><span style=\"font-size: large;\">Sytuacja epidemiczna w naszym kraju nieustannie si\u0119 zmienia, co powoduje zmian\u0119 zarz\u0105dze\u0144 reguluj\u0105cych post\u0119powanie mieszka\u0144c\u00f3w w trosce o ich \u017cycie i zdrowie. Dotycz\u0105 one tak\u017ce ko\u015bcio\u0142\u00f3w, kaplic, pomieszcze\u0144 duszpasterskich oraz cmentarzy. Poniewa\u017c nast\u0119puj\u0105 kolejne, zdecydowane fazy odmra\u017cania nie tylko polskiej gospodarki, ale tak\u017ce \u017cycia kulturalnego i spo\u0142ecznego, zwracam si\u0119 z gor\u0105c\u0105 pro\u015bb\u0105 o dostosowanie do tych zmian zakresu i form pos\u0142ugi duszpasterskiej. <\/span><\/span><\/p>\n<p align=\"justify\"><span style=\"font-family: Times New Roman, serif;\"><span style=\"font-size: large;\">Szerzej nale\u017cy otworzy\u0107 ko\u015bcio\u0142y i kaplice, respektuj\u0105c wydane zarz\u0105dzenia w sprawie ilo\u015bci os\u00f3b w przestrzeniach sakralnych. <\/span><\/span><\/p>\n<p align=\"justify\"><span style=\"font-family: Times New Roman, serif;\"><span style=\"font-size: large;\">Dyspensa od obowi\u0105zku niedzielnej Mszy \u015awi\u0119tej pozostaje w mocy, gdy\u017c wielu wiernych nadal nie mo\u017ce uda\u0107 si\u0119 do \u015bwi\u0105tyni z powod\u00f3w r\u00f3\u017cnych ogranicze\u0144. Jednocze\u015bnie zach\u0119cam wiernych, aby w miar\u0119 mo\u017cliwo\u015bci powr\u00f3cili do bezpo\u015bredniego uczestnictwa w\u00a0Eucharystii i przyjmowania Komunii \u015awi\u0119tej, tak\u017ce w dni powszednie. <\/span><\/span><\/p>\n<p align=\"justify\"><span style=\"font-family: Times New Roman, serif;\"><span style=\"font-size: large;\">Kapelanom, kt\u00f3rzy transmituj\u0105 Msz\u0119 \u015bw. <\/span><\/span><span style=\"font-family: Times New Roman, serif;\"><span style=\"font-size: large;\"><i>online<\/i><\/span><\/span><span style=\"font-family: Times New Roman, serif;\"><span style=\"font-size: large;\">, pragn\u0119 przypomnie\u0107, \u017ce po jej zako\u0144czeniu mo\u017cna pozostawi\u0107 dost\u0119pny jedynie zapis kazania. Kongregacja Kultu Bo\u017cego i\u00a0Dyscypliny Sakrament\u00f3w z dnia 25 marca 2020 r. wyda\u0142a nast\u0119puj\u0105ce rozporz\u0105dzenie: \u201eWierni powinni zosta\u0107 poinformowani o godzinie rozpocz\u0119cia uroczysto\u015bci, aby mogli przy\u0142\u0105czy\u0107 si\u0119 do modlitwy w swoich domach. Pomocne mog\u0105 by\u0107 \u015brodki przekazu nadaj\u0105ce na \u017cywo, nie nagrane\u201d. <\/span><\/span><\/p>\n<p align=\"justify\"><span style=\"font-family: Times New Roman, serif;\"><span style=\"font-size: large;\">Nale\u017cy powr\u00f3ci\u0107 do zwyczajnego funkcjonowania kancelarii parafialnej, z\u00a0zachowaniem obowi\u0105zuj\u0105cych przepis\u00f3w sanitarnych. Podobnie jak inne miejsca, nale\u017cy je zaopatrzy\u0107 w \u015brodki dezynfekuj\u0105ce. Nale\u017cy zwr\u00f3ci\u0107 baczn\u0105 uwag\u0119 na stan pomieszcze\u0144 sanitarnych przeznaczonych do u\u017cytku parafian. <\/span><\/span><\/p>\n<p align=\"justify\"><span style=\"font-family: Times New Roman, serif;\"><span style=\"font-size: large;\">Zach\u0119cam, aby zwr\u00f3ci\u0107 si\u0119 z apelem do wiernych, by skorzystali z sakramentu pokuty i pojednania jeszcze w okresie wielkanocnym, przy zachowaniu \u015brodk\u00f3w bezpiecze\u0144stwa, takich jak maseczki ochronne spowiednika i penitenta. Ze wzgl\u0119du na r\u00f3\u017cnorodno\u015b\u0107 pomieszcze\u0144 s\u0142u\u017c\u0105cych do kultu Bo\u017cego w duszpasterstwie wojskowym, ka\u017cdy z ksi\u0119\u017cy kapelan\u00f3w w duchu odpowiedzialno\u015bci musi wybra\u0107 takie miejsce, kt\u00f3re b\u0119dzie bezpieczne zar\u00f3wno dla penitenta, jak te\u017c dla spowiednika. Je\u015bli tym miejscem b\u0119dzie konfesjona\u0142, prosz\u0119 zadba\u0107 o oddzielaj\u0105c\u0105 foli\u0119, dezynfekowan\u0105 po ka\u017cdym penitencie. Prosz\u0119 ksi\u0119\u017cy o\u00a0po\u015bwi\u0119cenie odpowiedniego czasu i dyspozycyjno\u015b\u0107 w\u00a0sprawowaniu sakramentu pokuty, tak\u017ce poza Msz\u0105 \u015awi\u0119t\u0105, aby umo\u017cliwi\u0107 wiernym powr\u00f3t do pog\u0142\u0119bionej praktyki spowiedzi sakramentalnej. <\/span><\/span><\/p>\n<p align=\"justify\"><span style=\"font-family: Times New Roman, serif;\"><span style=\"font-size: large;\">Je\u017celi sytuacja zwi\u0105zana z pandemi\u0105 ustabilizuje si\u0119, przy zachowaniu wydanych przepis\u00f3w, po uzgodnieniu z rodzicami i katechetami nale\u017cy zaplanowa\u0107 i zorganizowa\u0107, uroczysto\u015b\u0107 Pierwszej Komunii \u015awi\u0119tej z zachowaniem obowi\u0105zuj\u0105cych norm sanitarnych. Odk\u0142adanie bowiem uroczysto\u015bci komunijnej na nieokre\u015blon\u0105 przysz\u0142o\u015b\u0107 nie b\u0119dzie s\u0142u\u017cy\u0142o dobru duchowemu dzieci. Ze wzgl\u0119d\u00f3w bezpiecze\u0144stwa mo\u017cna zaproponowa\u0107 rodzicom mo\u017cliwo\u015b\u0107 indywidualnej Pierwszej Komunii \u015awi\u0119tej, wtedy ka\u017cde dziecko prze\u017cywa\u0142oby t\u0119 uroczysto\u015b\u0107 tylko ze swoimi najbli\u017cszymi. Mo\u017ce to te\u017c przyczyni\u0107 si\u0119 do g\u0142\u0119bszego prze\u017cycia tego sakramentu przez ca\u0142\u0105 rodzin\u0119. Takie indywidualne uroczysto\u015bci mog\u0142yby si\u0119 odbywa\u0107 ka\u017cdego dnia.<\/span><\/span><\/p>\n<p align=\"justify\"><span style=\"font-family: Times New Roman, serif;\"><span style=\"font-size: large;\">Msz\u0119 \u015bw. pogrzebow\u0105 mo\u017cna celebrowa\u0107 w ko\u015bciele lub w kaplicy z obecno\u015bci\u0105 trumny z cia\u0142em zmar\u0142ego lub urny z prochami. <\/span><\/span><\/p>\n<p align=\"justify\"><span style=\"font-family: Times New Roman, serif;\"><span style=\"font-size: large;\">Przypominam tak\u017ce o regularnej obecno\u015bci ksi\u0119\u017cy kapelan\u00f3w w jednostkach oraz w\u00a0instytucjach wojskowych, kapelanom Stra\u017cy Granicznej i S\u0142u\u017cby Ochrony Pa\u0144stwa w\u00a0jednostkach organizacyjnych MSWiA, przy zastosowaniu si\u0119 do polece\u0144 dow\u00f3dc\u00f3w i\u00a0komendant\u00f3w. <\/span><\/span><\/p>\n<p align=\"justify\"><a name=\"W16\"><\/a><a name=\"W17\"><\/a> <span style=\"font-family: Times New Roman, serif;\"><span style=\"font-size: large;\">Dzi\u0119kuj\u0105c za dotychczasow\u0105 pos\u0142ug\u0119 wszystkich ksi\u0119\u017cy kapelan\u00f3w, zach\u0119cam do nies\u0142abn\u0105cej troski o dobro duchowe wiernych przejawiaj\u0105cej si\u0119 w sta\u0142ej dyspozycyjno\u015bci, w\u00a0obowi\u0105zku rezydencji oraz codziennym sprawowaniu Eucharystii i sakramentu pojednania. Prosz\u0119 o wra\u017cliwo\u015b\u0107 na potrzeby duchowe i materialne os\u00f3b, kt\u00f3re najdotkliwiej prze\u017cywaj\u0105 czas pandemii z powodu pogorszenia stanu zdrowia oraz zubo\u017cenia lub te\u017c podesz\u0142ego wieku. W Li\u015bcie \u015bw. Jakuba Aposto\u0142a czytamy: \u201eJe\u015bli na przyk\u0142ad brat lub siostra nie maj\u0105 odzienia lub brak im codziennego chleba, a kto\u015b z was powie im: \u00abId\u017acie w pokoju, ogrzejcie si\u0119 i\u00a0najedzcie do syta!\u00bb \u2013 a nie dacie im tego, czego koniecznie potrzebuj\u0105 dla cia\u0142a \u2013 to na co si\u0119 to przyda? Tak te\u017c i wiara, je\u015bli nie by\u0142aby po\u0142\u0105czona z uczynkami, martwa jest sama w\u00a0sobie.\u201d (Jk 2,15-17). <\/span><\/span><\/p>\n<p align=\"justify\"><span style=\"font-family: Times New Roman, serif;\"><span style=\"font-size: large;\">Ksi\u0119\u017com kapelanom oraz wiernym Ordynariatu Polowego udzielam pasterskiego b\u0142ogos\u0142awie\u0144stwa<\/span><\/span><\/p>\n<p>&nbsp;<\/p>\n<p><span style=\"font-family: Times New Roman, serif;\"><span style=\"font-size: large;\">bp J\u00f3zef Guzdek<\/span><\/span><\/p>\n<p><span style=\"font-family: Times New Roman, serif;\"><span style=\"font-size: large;\">ks. dr Dariusz Konieczny<br \/>\nwicekanclerz<\/span><\/span><\/p>\n","protected":false},"excerpt":{"rendered":"<p>Warszawa, 16 maja 2020 r. &nbsp; L.dz. PE\/333\/2020 Wytyczne w sprawach liturgicznych i duszpasterskich w okresie kolejnych faz pandemii w\u00a0naszym kraju Sytuacja epidemiczna w naszym kraju nieustannie si\u0119 zmienia, co powoduje zmian\u0119 zarz\u0105dze\u0144 reguluj\u0105cych post\u0119powanie mieszka\u0144c\u00f3w w trosce o ich \u017cycie i zdrowie. Dotycz\u0105 one tak\u017ce ko\u015bcio\u0142\u00f3w, kaplic, pomieszcze\u0144 duszpasterskich oraz cmentarzy. Poniewa\u017c nast\u0119puj\u0105 kolejne, zdecydowane fazy odmra\u017cania nie tylko polskiej gospodarki, ale tak\u017ce \u017cycia kulturalnego i spo\u0142ecznego, zwracam si\u0119 z gor\u0105c\u0105 pro\u015bb\u0105 o dostosowanie do tych zmian zakresu i form pos\u0142ugi duszpasterskiej. Szerzej nale\u017cy otworzy\u0107 ko\u015bcio\u0142y i kaplice, respektuj\u0105c wydane zarz\u0105dzenia w sprawie ilo\u015bci os\u00f3b w przestrzeniach sakralnych. Dyspensa od obowi\u0105zku niedzielnej Mszy \u015awi\u0119tej pozostaje w mocy, gdy\u017c wielu wiernych nadal nie mo\u017ce uda\u0107 si\u0119 do \u015bwi\u0105tyni z powod\u00f3w r\u00f3\u017cnych ogranicze\u0144. Jednocze\u015bnie zach\u0119cam wiernych, aby w miar\u0119 mo\u017cliwo\u015bci powr\u00f3cili do bezpo\u015bredniego uczestnictwa w\u00a0Eucharystii i przyjmowania Komunii \u015awi\u0119tej, tak\u017ce w dni powszednie. Kapelanom, kt\u00f3rzy transmituj\u0105 Msz\u0119 \u015bw. online, pragn\u0119 przypomnie\u0107,&hellip;<\/p>\n<p> <a class=\"more-link\" href=\"http:\/\/www.franciszek-walcz.pl\/?p=8807\">Czytaj dalej<\/a><\/p>\n","protected":false},"author":1,"featured_media":0,"comment_status":"closed","ping_status":"open","sticky":false,"template":"","format":"standard","meta":{"footnotes":""},"categories":[4],"tags":[],"class_list":{"0":"post-8807","1":"post","2":"type-post","3":"status-publish","4":"format-standard","6":"category-ogloszenia"},"brizy_media":[],"_links":{"self":[{"href":"http:\/\/www.franciszek-walcz.pl\/index.php?rest_route=\/wp\/v2\/posts\/8807","targetHints":{"allow":["GET"]}}],"collection":[{"href":"http:\/\/www.franciszek-walcz.pl\/index.php?rest_route=\/wp\/v2\/posts"}],"about":[{"href":"http:\/\/www.franciszek-walcz.pl\/index.php?rest_route=\/wp\/v2\/types\/post"}],"author":[{"embeddable":true,"href":"http:\/\/www.franciszek-walcz.pl\/index.php?rest_route=\/wp\/v2\/users\/1"}],"replies":[{"embeddable":true,"href":"http:\/\/www.franciszek-walcz.pl\/index.php?rest_route=%2Fwp%2Fv2%2Fcomments&post=8807"}],"version-history":[{"count":2,"href":"http:\/\/www.franciszek-walcz.pl\/index.php?rest_route=\/wp\/v2\/posts\/8807\/revisions"}],"predecessor-version":[{"id":8814,"href":"http:\/\/www.franciszek-walcz.pl\/index.php?rest_route=\/wp\/v2\/posts\/8807\/revisions\/8814"}],"wp:attachment":[{"href":"http:\/\/www.franciszek-walcz.pl\/index.php?rest_route=%2Fwp%2Fv2%2Fmedia&parent=8807"}],"wp:term":[{"taxonomy":"category","embeddable":true,"href":"http:\/\/www.franciszek-walcz.pl\/index.php?rest_route=%2Fwp%2Fv2%2Fcategories&post=8807"},{"taxonomy":"post_tag","embeddable":true,"href":"http:\/\/www.franciszek-walcz.pl\/index.php?rest_route=%2Fwp%2Fv2%2Ftags&post=8807"}],"curies":[{"name":"wp","href":"https:\/\/api.w.org\/{rel}","templated":true}]}}