{"id":8817,"date":"2020-05-16T12:49:04","date_gmt":"2020-05-16T10:49:04","guid":{"rendered":"http:\/\/www.franciszek-walcz.pl\/?p=8817"},"modified":"2020-05-16T12:50:32","modified_gmt":"2020-05-16T10:50:32","slug":"100-lecie-urodzin-jana-pawla-ii","status":"publish","type":"post","link":"http:\/\/www.franciszek-walcz.pl\/?p=8817","title":{"rendered":"100 lecie urodzin Jana Paw\u0142a II"},"content":{"rendered":"<p align=\"right\"><span style=\"font-family: Times New Roman, serif;\"><span style=\"font-size: large;\">Warszawa, 13 maja 2020 r. <\/span><\/span><\/p>\n<p>&nbsp;<\/p>\n<p><span style=\"font-family: Times New Roman, serif;\"><span style=\"font-size: large;\">PE\/322\/2020<\/span><\/span><\/p>\n<p>&nbsp;<\/p>\n<p><span style=\"font-family: Times New Roman, serif;\"><span style=\"font-size: large;\">Czcigodni Ksi\u0119\u017ca Kapelani,<\/span><\/span><\/p>\n<p><span style=\"font-family: Times New Roman, serif;\"><span style=\"font-size: large;\">Drodzy Wierni Ordynariatu Polowego,<\/span><\/span><\/p>\n<p align=\"justify\"><span style=\"font-family: Times New Roman, serif;\"><span style=\"font-size: large;\">Wkr\u00f3tce, bo ju\u017c 18 maja br., b\u0119dziemy obchodzi\u0107 setn\u0105 rocznic\u0119 urodzin Karola Wojty\u0142y \u2013 \u015bw. Jana Paw\u0142a II. Ca\u0142a nasza Ojczyzna ma pow\u00f3d do dumy i zarazem zobowi\u0105zanie do sk\u0142adania Bogu dzi\u0119kczynienia za jego \u017cycie i pos\u0142ug\u0119. Ordynariat Polowy ma jeszcze dodatkowe powody, aby uczci\u0107 i upami\u0119tni\u0107 ten jubileusz. <\/span><\/span><\/p>\n<p align=\"justify\"><span style=\"font-family: Times New Roman, serif;\"><span style=\"font-size: large;\">Jan Pawe\u0142 II by\u0142 synem oficera Wojska Polskiego \u2013 i jak napisa\u0142em we wst\u0119pie do okoliczno\u015bciowej publikacji (<\/span><\/span><span style=\"font-family: Times New Roman, serif;\"><span style=\"font-size: large;\"><i>\u015awi\u0119ty Jan Pawe\u0142 II syn oficera Wojska Polskiego<\/i><\/span><\/span><span style=\"font-family: Times New Roman, serif;\"><span style=\"font-size: large;\">) \u201ezapewne ten fakt t\u0142umaczy jego wielkie zrozumienie dla ludzi w mundurach, cz\u0119ste z nimi spotkania oraz szczeg\u00f3lny sentyment do Wojska Polskiego\u201d.<\/span><\/span><\/p>\n<p align=\"justify\"><span style=\"color: #ffffff;\"><span style=\"font-family: Times New Roman, serif;\"><span style=\"font-size: large;\">Dlatego zwracam si\u0119 z apelem do Ksi\u0119\u017cy Kapelan\u00f3w, aby podczas Mszy \u015bw. 17 maja br. odczytali <\/span><\/span><span style=\"font-family: Times New Roman, serif;\"><span style=\"font-size: large;\">List Prezydium Konferencji Episkopatu Polski z okazji 100. rocznicy urodzin \u015bw. Jana Paw\u0142a II a tak\u017ce dodali okoliczno\u015bciowe wezwanie w modlitwie powszechnej. <\/span><\/span><\/span><\/p>\n<p align=\"justify\"><span style=\"color: #ffffff;\"><span style=\"font-family: Times New Roman, serif;\"><span style=\"font-size: large;\">Zach\u0119cam tak\u017ce do podejmowania innych inicjatyw, mo\u017cliwych do zrealizowania w\u00a0okresie pandemii, kt\u00f3re przypomn\u0105 osob\u0119 \u015bw. Jana Paw\u0142a II i jego nauczanie. <\/span><\/span><\/span><\/p>\n<p align=\"justify\"><span style=\"color: #ffffff;\"><span style=\"font-family: Times New Roman, serif;\"><span style=\"font-size: large;\">Duszpasterstwo wojskowe jest wdzi\u0119czne \u015awi\u0119temu Janowi Paw\u0142owi II za wskazania dla \u017co\u0142nierzy, kt\u00f3rych poucza\u0142, aby byli \u201ebudowniczymi sprawiedliwo\u015bci i pokoju\u201d oraz \u201es\u0142ugami bezpiecze\u0144stwa i wolno\u015bci narod\u00f3w\u201d. Przypomina\u0142 tak\u017ce, \u017ce s\u0105 oni \u201epowo\u0142ani, aby broni\u0107 s\u0142abych, ochrania\u0107 uczciwych, wspomaga\u0107 pokojowe wsp\u00f3\u0142istnienie narod\u00f3w\u201d. M\u00f3wi\u0142 \u017co\u0142nierzom: \u201eKa\u017cdy z was odgrywa rol\u0119 \u00abstra\u017cnika\u00bb, kt\u00f3ry musi wyt\u0119\u017ca\u0107 wzrok, aby zawczasu za\u017cegnywa\u0107 niebezpiecze\u0144stwo i wsz\u0119dzie krzewi\u0107 sprawiedliwo\u015b\u0107 i pok\u00f3j\u201d. Przypomnia\u0142 tak\u017ce, \u017ce \u201es\u0105 takie sytuacje, w kt\u00f3rym walka zbrojna jest z\u0142em nieuniknionym, od kt\u00f3rego, w tragicznych okoliczno\u015bciach nie mog\u0105 si\u0119 uchyla\u0107 chrze\u015bcijanie\u201d. Wspominaj\u0105c osob\u0119 Papie\u017ca, przede wszystkim czerpmy z jego m\u0105dro\u015bci i \u015bwiadectwa wiary.<\/span><\/span><\/span><\/p>\n<p align=\"justify\"><span style=\"color: #ffffff;\"><span style=\"font-family: Times New Roman, serif;\"><span style=\"font-size: large;\">Jubileusz setnej rocznicy urodzin Wielkiego Polaka Jana Paw\u0142a II, niech b\u0119dzie dla duszpasterstwa wojskowego, dla ka\u017cdego kapelana i wiernego okazj\u0105 do zapoznania si\u0119 z\u00a0jego \u017cyciem i pasterskim nauczaniem. <\/span><\/span><\/span><\/p>\n<p>&nbsp;<\/p>\n<p><span style=\"font-family: 'Times New Roman', serif; color: #ffffff;\"><span style=\"font-size: large;\">bp J\u00f3zef Guzdek<br \/>\nBiskup Polowy Wojska Polskiego<\/span><\/span><\/p>\n","protected":false},"excerpt":{"rendered":"<p>Warszawa, 13 maja 2020 r. &nbsp; PE\/322\/2020 &nbsp; Czcigodni Ksi\u0119\u017ca Kapelani, Drodzy Wierni Ordynariatu Polowego, Wkr\u00f3tce, bo ju\u017c 18 maja br., b\u0119dziemy obchodzi\u0107 setn\u0105 rocznic\u0119 urodzin Karola Wojty\u0142y \u2013 \u015bw. Jana Paw\u0142a II. Ca\u0142a nasza Ojczyzna ma pow\u00f3d do dumy i zarazem zobowi\u0105zanie do sk\u0142adania Bogu dzi\u0119kczynienia za jego \u017cycie i pos\u0142ug\u0119. Ordynariat Polowy ma jeszcze dodatkowe powody, aby uczci\u0107 i upami\u0119tni\u0107 ten jubileusz. Jan Pawe\u0142 II by\u0142 synem oficera Wojska Polskiego \u2013 i jak napisa\u0142em we wst\u0119pie do okoliczno\u015bciowej publikacji (\u015awi\u0119ty Jan Pawe\u0142 II syn oficera Wojska Polskiego) \u201ezapewne ten fakt t\u0142umaczy jego wielkie zrozumienie dla ludzi w mundurach, cz\u0119ste z nimi spotkania oraz szczeg\u00f3lny sentyment do Wojska Polskiego\u201d. Dlatego zwracam si\u0119 z apelem do Ksi\u0119\u017cy Kapelan\u00f3w, aby podczas Mszy \u015bw. 17 maja br. odczytali List Prezydium Konferencji Episkopatu Polski z okazji 100. rocznicy urodzin \u015bw. Jana Paw\u0142a II a tak\u017ce dodali okoliczno\u015bciowe wezwanie w modlitwie powszechnej. Zach\u0119cam tak\u017ce&hellip;<\/p>\n<p> <a class=\"more-link\" href=\"http:\/\/www.franciszek-walcz.pl\/?p=8817\">Czytaj dalej<\/a><\/p>\n","protected":false},"author":1,"featured_media":0,"comment_status":"closed","ping_status":"open","sticky":false,"template":"","format":"standard","meta":{"footnotes":""},"categories":[4],"tags":[],"class_list":{"0":"post-8817","1":"post","2":"type-post","3":"status-publish","4":"format-standard","6":"category-ogloszenia"},"brizy_media":[],"_links":{"self":[{"href":"http:\/\/www.franciszek-walcz.pl\/index.php?rest_route=\/wp\/v2\/posts\/8817","targetHints":{"allow":["GET"]}}],"collection":[{"href":"http:\/\/www.franciszek-walcz.pl\/index.php?rest_route=\/wp\/v2\/posts"}],"about":[{"href":"http:\/\/www.franciszek-walcz.pl\/index.php?rest_route=\/wp\/v2\/types\/post"}],"author":[{"embeddable":true,"href":"http:\/\/www.franciszek-walcz.pl\/index.php?rest_route=\/wp\/v2\/users\/1"}],"replies":[{"embeddable":true,"href":"http:\/\/www.franciszek-walcz.pl\/index.php?rest_route=%2Fwp%2Fv2%2Fcomments&post=8817"}],"version-history":[{"count":2,"href":"http:\/\/www.franciszek-walcz.pl\/index.php?rest_route=\/wp\/v2\/posts\/8817\/revisions"}],"predecessor-version":[{"id":8819,"href":"http:\/\/www.franciszek-walcz.pl\/index.php?rest_route=\/wp\/v2\/posts\/8817\/revisions\/8819"}],"wp:attachment":[{"href":"http:\/\/www.franciszek-walcz.pl\/index.php?rest_route=%2Fwp%2Fv2%2Fmedia&parent=8817"}],"wp:term":[{"taxonomy":"category","embeddable":true,"href":"http:\/\/www.franciszek-walcz.pl\/index.php?rest_route=%2Fwp%2Fv2%2Fcategories&post=8817"},{"taxonomy":"post_tag","embeddable":true,"href":"http:\/\/www.franciszek-walcz.pl\/index.php?rest_route=%2Fwp%2Fv2%2Ftags&post=8817"}],"curies":[{"name":"wp","href":"https:\/\/api.w.org\/{rel}","templated":true}]}}