{"id":8871,"date":"2020-05-23T10:00:40","date_gmt":"2020-05-23T08:00:40","guid":{"rendered":"http:\/\/www.franciszek-walcz.pl\/?p=8871"},"modified":"2020-05-23T10:01:37","modified_gmt":"2020-05-23T08:01:37","slug":"dana-mi-jest-wszelka-wladza","status":"publish","type":"post","link":"http:\/\/www.franciszek-walcz.pl\/?p=8871","title":{"rendered":"Dana Mi jest wszelka w\u0142adza &#8230;"},"content":{"rendered":"<p align=\"justify\"><span style=\"font-family: Times New Roman, serif;\"><span style=\"font-size: medium;\"><span style=\"font-family: Calibri, serif;\"><span style=\"font-size: large;\">Wniebowst\u0105pienie jest wydarzeniem, kt\u00f3re nie mo\u017ce by\u0107 rozpatrywane w kategoriach naturalistycznych i pseudo-intelektualnych. Nie mo\u017cna np. zada\u0107 pytania: &#8222;<\/span><\/span><span style=\"font-family: Calibri, serif;\"><span style=\"font-size: large;\"><i>Gdzie konkretnie Jezus si\u0119 uda\u0142?<\/i><\/span><\/span><span style=\"font-family: Calibri, serif;\"><span style=\"font-size: large;\">&#8221; czy te\u017c pytania; <\/span><\/span><span style=\"font-family: Calibri, serif;\"><span style=\"font-size: large;\"><i>&#8222;W jaki spos\u00f3b wst\u0105pi\u0142 do nieba?<\/i><\/span><\/span><span style=\"font-family: Calibri, serif;\"><span style=\"font-size: large;\">&#8221; lub &#8222;<\/span><\/span><span style=\"font-family: Calibri, serif;\"><span style=\"font-size: large;\"><i>Gdzie jest to niebo?<\/i><\/span><\/span><span style=\"font-family: Calibri, serif;\"><span style=\"font-size: large;\">&#8221; Tego rodzaju naturalistyczne widzenie jest po pierwsze bezsensowne, a po drugie przes\u0142ania nam g\u0142\u0119bszy sens tego historio-zbawczego wydarzenia. Sami Ewangeli\u015bci nie umiej\u0105 sobie z tym wydarzeniem poradzi\u0107 u\u017cywaj\u0105c bardzo nieporadnych s\u0142\u00f3w dla jego opisu: &#8222;<\/span><\/span><span style=\"font-family: Calibri, serif;\"><span style=\"font-size: large;\"><i><b>Pan Jezus zosta\u0142 wzi\u0119ty do nieba i zasiad\u0142 po prawicy Ojca<\/b><\/i><\/span><\/span><span style=\"font-family: Calibri, serif;\"><span style=\"font-size: large;\">&#8222;. Nie chc\u0105 oni na pewno zdawa\u0107 nam reporterskiego sprawozdania z niezwyk\u0142ego faktu, ale przekazuj\u0105 inne, wa\u017cniejsze, historio-zbawcze prawdy:<\/span><\/span><\/span><\/span><\/p>\n<p align=\"justify\">\uf0b7\u00a0\u00a0\u00a0\u00a0\u00a0\u00a0\u00a0\u00a0 <span style=\"font-family: Times New Roman, serif;\"><span style=\"font-size: medium;\"><span style=\"font-family: Calibri, serif;\"><span style=\"font-size: large;\">dana Mi jest wszelka w\u0142adza &#8211; m\u00f3wi o sobie Jezus, podkre\u015blaj\u0105c swoje zbawcze pos\u0142annictwo,<\/span><\/span><\/span><\/span><\/p>\n<p align=\"justify\">\uf0b7\u00a0\u00a0\u00a0\u00a0\u00a0\u00a0\u00a0\u00a0 <span style=\"font-family: Times New Roman, serif;\"><span style=\"font-size: medium;\"><span style=\"font-family: Calibri, serif;\"><span style=\"font-size: large;\">id\u017acie i nauczajcie wszystkie narody &#8211; poleca swoim uczniom,<\/span><\/span><\/span><\/span><\/p>\n<p align=\"justify\">\uf0b7\u00a0\u00a0\u00a0\u00a0\u00a0\u00a0\u00a0\u00a0 <span style=\"font-family: Times New Roman, serif;\"><span style=\"font-size: medium;\"><span style=\"font-family: Calibri, serif;\"><span style=\"font-size: large;\">udzielajcie Chrztu w imi\u0119 Ojca i Syna, i Ducha \u015awi\u0119tego &#8211; ustanowienie Sakramentu Chrztu \u015bw.,<\/span><\/span><\/span><\/span><\/p>\n<p align=\"justify\">\uf0b7\u00a0\u00a0\u00a0\u00a0\u00a0\u00a0\u00a0\u00a0 <span style=\"font-family: Times New Roman, serif;\"><span style=\"font-size: medium;\"><span style=\"font-family: Calibri, serif;\"><span style=\"font-size: large;\">kto uwierzy i przyjmie Chrzest b\u0119dzie zbawiony &#8211; obietnica zbawienia dla wszystkich ludzi,<\/span><\/span><\/span><\/span><\/p>\n<p align=\"justify\">\uf0b7\u00a0\u00a0\u00a0\u00a0\u00a0\u00a0\u00a0\u00a0 <span style=\"font-family: Times New Roman, serif;\"><span style=\"font-size: medium;\"><span style=\"font-family: Calibri, serif;\"><span style=\"font-size: large;\">Duch \u015awi\u0119ty zst\u0105pi na was &#8211; obietnica zes\u0142ania i obecno\u015bci Ducha \u015awi\u0119tego,<\/span><\/span><\/span><\/span><\/p>\n<p align=\"justify\">\uf0b7\u00a0\u00a0\u00a0\u00a0\u00a0\u00a0\u00a0\u00a0 <span style=\"font-family: Times New Roman, serif;\"><span style=\"font-size: medium;\"><span style=\"font-family: Calibri, serif;\"><span style=\"font-size: large;\">b\u0119dziecie dokonywa\u0107 rzeczy niezwyk\u0142ych &#8211;\u00a0z wiary wyp\u0142ywaj\u0105cych,<\/span><\/span><\/span><\/span><\/p>\n<p align=\"justify\">\uf0b7\u00a0\u00a0\u00a0\u00a0\u00a0\u00a0\u00a0\u00a0 <span style=\"font-family: Times New Roman, serif;\"><span style=\"font-size: medium;\"><span style=\"font-family: Calibri, serif;\"><span style=\"font-size: large;\">uczcie zachowywa\u0107 moje przykazania &#8211;\u00a0wiara musi by\u0107 potwierdzona \u017cyciem,<\/span><\/span><\/span><\/span><\/p>\n<p align=\"justify\">\uf0b7\u00a0\u00a0\u00a0\u00a0\u00a0\u00a0\u00a0\u00a0 <span style=\"font-family: Times New Roman, serif;\"><span style=\"font-size: medium;\"><span style=\"font-family: Calibri, serif;\"><span style=\"font-size: large;\">wy jeste\u015bcie moimi \u015bwiadkami &#8211;\u00a0\u015bwiadkami zbawczego pos\u0142annictwa Jezusa,<\/span><\/span><\/span><\/span><\/p>\n<p align=\"justify\">\uf0b7\u00a0\u00a0\u00a0\u00a0\u00a0\u00a0\u00a0\u00a0 <span style=\"font-family: Times New Roman, serif;\"><span style=\"font-size: medium;\"><span style=\"font-family: Calibri, serif;\"><span style=\"font-size: large;\">Jezus zosta\u0142 wzi\u0119ty do nieba &#8211; tam sk\u0105d przyby\u0142, ale nie pytajmy o lokalizacj\u0119,<\/span><\/span><\/span><\/span><\/p>\n<p align=\"justify\">\uf0b7\u00a0\u00a0\u00a0\u00a0\u00a0\u00a0\u00a0\u00a0 <span style=\"font-family: Times New Roman, serif;\"><span style=\"font-size: medium;\"><span style=\"font-family: Calibri, serif;\"><span style=\"font-size: large;\">zasiad\u0142 po prawicy Ojca &#8211; bo jest R\u00f3wny Ojcu w B\u00f3stwie,<\/span><\/span><\/span><\/span><\/p>\n<p align=\"justify\">\uf0b7\u00a0\u00a0\u00a0\u00a0\u00a0\u00a0\u00a0\u00a0 <span style=\"font-family: Times New Roman, serif;\"><span style=\"font-size: medium;\"><span style=\"font-family: Calibri, serif;\"><span style=\"font-size: large;\">przyjdzie powt\u00f3rnie &#8211; zapowied\u017a Paruzji przy ko\u0144cu \u015bwiata,<\/span><\/span><\/span><\/span><\/p>\n<p align=\"justify\">\uf0b7\u00a0\u00a0\u00a0\u00a0\u00a0\u00a0\u00a0\u00a0 <span style=\"font-family: Times New Roman, serif;\"><span style=\"font-size: medium;\"><span style=\"font-family: Calibri, serif;\"><span style=\"font-size: large;\">Ja jestem z wami a\u017c do sko\u0144czenia \u015bwiata &#8211; mimo to nie przesta\u0142 by\u0107 obecny w\u015br\u00f3d nas.<\/span><\/span><\/span><\/span><\/p>\n<p align=\"justify\"><span style=\"font-family: Times New Roman, serif;\"><span style=\"font-size: medium;\"><span style=\"font-family: Calibri, serif;\"><span style=\"font-size: large;\">To tylko niekt\u00f3re tematy i prawdy teologiczne, na kt\u00f3re wskazuje nam dzisiejsza uroczysto\u015b\u0107. Nie pr\u00f3bujmy sprowadza\u0107 Wniebowst\u0105pienia tylko do niezwyk\u0142ego i niewyt\u0142umaczalnego zdarzenia. Jest tutaj ogromne bogactwo teologicznych tre\u015bci, kt\u00f3rych nie mo\u017cna zbanalizowa\u0107, czy pomin\u0105\u0107, zatrzymuj\u0105c si\u0119 na drugoplanowej i niewa\u017cnej w ko\u0144cu kwestii: \u201ejak i gdzie fizycznie uda\u0142 si\u0119 Jezus?\u201d<\/span><\/span><\/span><\/span><\/p>\n","protected":false},"excerpt":{"rendered":"<p>Wniebowst\u0105pienie jest wydarzeniem, kt\u00f3re nie mo\u017ce by\u0107 rozpatrywane w kategoriach naturalistycznych i pseudo-intelektualnych. Nie mo\u017cna np. zada\u0107 pytania: &#8222;Gdzie konkretnie Jezus si\u0119 uda\u0142?&#8221; czy te\u017c pytania; &#8222;W jaki spos\u00f3b wst\u0105pi\u0142 do nieba?&#8221; lub &#8222;Gdzie jest to niebo?&#8221; Tego rodzaju naturalistyczne widzenie jest po pierwsze bezsensowne, a po drugie przes\u0142ania nam g\u0142\u0119bszy sens tego historio-zbawczego wydarzenia. Sami Ewangeli\u015bci nie umiej\u0105 sobie z tym wydarzeniem poradzi\u0107 u\u017cywaj\u0105c bardzo nieporadnych s\u0142\u00f3w dla jego opisu: &#8222;Pan Jezus zosta\u0142 wzi\u0119ty do nieba i zasiad\u0142 po prawicy Ojca&#8222;. Nie chc\u0105 oni na pewno zdawa\u0107 nam reporterskiego sprawozdania z niezwyk\u0142ego faktu, ale przekazuj\u0105 inne, wa\u017cniejsze, historio-zbawcze prawdy: \uf0b7\u00a0\u00a0\u00a0\u00a0\u00a0\u00a0\u00a0\u00a0 dana Mi jest wszelka w\u0142adza &#8211; m\u00f3wi o sobie Jezus, podkre\u015blaj\u0105c swoje zbawcze pos\u0142annictwo, \uf0b7\u00a0\u00a0\u00a0\u00a0\u00a0\u00a0\u00a0\u00a0 id\u017acie i nauczajcie wszystkie narody &#8211; poleca swoim uczniom, \uf0b7\u00a0\u00a0\u00a0\u00a0\u00a0\u00a0\u00a0\u00a0 udzielajcie Chrztu w imi\u0119 Ojca i Syna, i Ducha \u015awi\u0119tego &#8211; ustanowienie Sakramentu Chrztu \u015bw., \uf0b7\u00a0\u00a0\u00a0\u00a0\u00a0\u00a0\u00a0\u00a0 kto uwierzy i przyjmie Chrzest b\u0119dzie zbawiony &#8211;&hellip;<\/p>\n<p> <a class=\"more-link\" href=\"http:\/\/www.franciszek-walcz.pl\/?p=8871\">Czytaj dalej<\/a><\/p>\n","protected":false},"author":1,"featured_media":0,"comment_status":"closed","ping_status":"open","sticky":false,"template":"","format":"standard","meta":{"footnotes":""},"categories":[5],"tags":[],"class_list":{"0":"post-8871","1":"post","2":"type-post","3":"status-publish","4":"format-standard","6":"category-artykuly"},"brizy_media":[],"_links":{"self":[{"href":"http:\/\/www.franciszek-walcz.pl\/index.php?rest_route=\/wp\/v2\/posts\/8871","targetHints":{"allow":["GET"]}}],"collection":[{"href":"http:\/\/www.franciszek-walcz.pl\/index.php?rest_route=\/wp\/v2\/posts"}],"about":[{"href":"http:\/\/www.franciszek-walcz.pl\/index.php?rest_route=\/wp\/v2\/types\/post"}],"author":[{"embeddable":true,"href":"http:\/\/www.franciszek-walcz.pl\/index.php?rest_route=\/wp\/v2\/users\/1"}],"replies":[{"embeddable":true,"href":"http:\/\/www.franciszek-walcz.pl\/index.php?rest_route=%2Fwp%2Fv2%2Fcomments&post=8871"}],"version-history":[{"count":2,"href":"http:\/\/www.franciszek-walcz.pl\/index.php?rest_route=\/wp\/v2\/posts\/8871\/revisions"}],"predecessor-version":[{"id":8873,"href":"http:\/\/www.franciszek-walcz.pl\/index.php?rest_route=\/wp\/v2\/posts\/8871\/revisions\/8873"}],"wp:attachment":[{"href":"http:\/\/www.franciszek-walcz.pl\/index.php?rest_route=%2Fwp%2Fv2%2Fmedia&parent=8871"}],"wp:term":[{"taxonomy":"category","embeddable":true,"href":"http:\/\/www.franciszek-walcz.pl\/index.php?rest_route=%2Fwp%2Fv2%2Fcategories&post=8871"},{"taxonomy":"post_tag","embeddable":true,"href":"http:\/\/www.franciszek-walcz.pl\/index.php?rest_route=%2Fwp%2Fv2%2Ftags&post=8871"}],"curies":[{"name":"wp","href":"https:\/\/api.w.org\/{rel}","templated":true}]}}