{"id":8904,"date":"2020-05-30T15:45:01","date_gmt":"2020-05-30T13:45:01","guid":{"rendered":"http:\/\/www.franciszek-walcz.pl\/?p=8904"},"modified":"2020-05-30T15:45:01","modified_gmt":"2020-05-30T13:45:01","slug":"dekret-biskupa-polowego-2","status":"publish","type":"post","link":"http:\/\/www.franciszek-walcz.pl\/?p=8904","title":{"rendered":"DEKRET BISKUPA POLOWEGO"},"content":{"rendered":"<p align=\"right\"><span style=\"font-family: Arial, serif;\"><span style=\"font-size: medium;\">Warszawa, 28 maja 2020 roku<\/span><\/span><\/p>\n<p>&nbsp;<\/p>\n<p><span style=\"font-family: Arial, serif;\"><span style=\"font-size: medium;\">L. dz. 392\/PE\/2020<\/span><\/span><\/p>\n<p>&nbsp;<\/p>\n<p align=\"center\"><span style=\"font-family: Arial, serif;\"><span style=\"font-size: medium;\"><b>DEKRET BISKUPA POLOWEGO W SPRAWIE<\/b><\/span><\/span><\/p>\n<p align=\"center\"><span style=\"font-family: Arial, serif;\"><span style=\"font-size: medium;\"><b>DYSPENSY OD OBOWI\u0104ZKU UCZESTNICTWA W NIEDZIELNEJ EUCHARYSTII<\/b><\/span><\/span><\/p>\n<p align=\"justify\"><span style=\"font-family: Arial, serif;\"><span style=\"font-size: medium;\">W zwi\u0105zku ze zniesieniem limitu uczestnik\u00f3w zgromadze\u0144 religijnych w\u00a0\u015bwi\u0105tyniach, z dniem 30 maja 2020 roku odwo\u0142uj\u0119 og\u00f3ln\u0105 dyspens\u0119 od obowi\u0105zku uczestnictwa w niedzielnej Eucharystii udzielon\u0105 dnia 21 marca 2020 roku. <\/span><\/span><\/p>\n<p align=\"justify\"><span style=\"font-family: Arial, serif;\"><span style=\"font-size: medium;\">Jednocze\u015bnie, maj\u0105c na uwadze trwaj\u0105ce zagro\u017cenie epidemiczne, zgodnie z\u00a0kan. 87 \u00a7 1, kan. 1245 oraz kan. 1248 \u00a7 2 Kodeksu Prawa Kanonicznego, udzielam dyspensy od obowi\u0105zku niedzielnego uczestnictwa we Mszy \u015awi\u0119tej nast\u0119puj\u0105cym wiernym Ordynariatu Polowego: <\/span><\/span><\/p>\n<ol>\n<li>\n<p align=\"justify\"><span style=\"font-family: Arial, serif;\"><span style=\"font-size: medium;\">osobom w podesz\u0142ym wieku lub chorym oraz tym, kt\u00f3rzy si\u0119 nimi opiekuj\u0105;<\/span><\/span><\/p>\n<\/li>\n<li>\n<p align=\"justify\"><span style=\"font-family: Arial, serif;\"><span style=\"font-size: medium;\">osobom z objawami infekcji (np. kaszel, katar, podwy\u017cszona temperatura, itp.);<\/span><\/span><\/p>\n<\/li>\n<li>\n<p align=\"justify\"><span style=\"font-family: Arial, serif;\"><span style=\"font-size: medium;\">\u017co\u0142nierzom oraz pracownikom resortu obrony narodowej w czasie wykonywania zada\u0144 s\u0142u\u017cbowych;<\/span><\/span><\/p>\n<\/li>\n<li>\n<p align=\"justify\"><span style=\"font-family: Arial, serif;\"><span style=\"font-size: medium;\">osobom, kt\u00f3re maj\u0105 wskazania medyczne lub sanitarne do unikania kontaktu z\u00a0innymi oraz tym, kt\u00f3rzy czuj\u0105 obaw\u0119 przed zara\u017ceniem.<\/span><\/span><\/p>\n<\/li>\n<\/ol>\n<p align=\"justify\"><span style=\"font-family: Arial, serif;\"><span style=\"font-size: medium;\">Powy\u017csza dyspensa obowi\u0105zuje a\u017c do odwo\u0142ania. Zach\u0119cam, aby osoby korzystaj\u0105ce z\u00a0dyspensy trwa\u0142y na osobistej i rodzinnej modlitwie. <\/span><\/span><\/p>\n<p align=\"justify\"><span style=\"font-family: Arial, serif;\"><span style=\"font-size: medium;\">Na czas powrotu do \u015bwi\u0119towania niedzielnej Eucharystii we wsp\u00f3lnocie Ko\u015bcio\u0142a udzielam pasterskiego b\u0142ogos\u0142awie\u0144stwa. <\/span><\/span><\/p>\n<p align=\"justify\">\n<p><a name=\"_GoBack\"><\/a> \u00a0\u00a0\u00a0\u00a0\u00a0\u00a0\u00a0\u00a0\u00a0\u00a0\u00a0\u00a0\u00a0\u00a0\u00a0\u00a0\u00a0\u00a0\u00a0\u00a0\u00a0\u00a0\u00a0\u00a0\u00a0\u00a0\u00a0\u00a0\u00a0\u00a0\u00a0\u00a0\u00a0\u00a0\u00a0\u00a0\u00a0\u00a0\u00a0\u00a0\u00a0\u00a0\u00a0\u00a0\u00a0\u00a0\u00a0\u00a0\u00a0\u00a0\u00a0\u00a0\u00a0\u00a0\u00a0\u00a0\u00a0\u00a0\u00a0\u00a0\u00a0\u00a0\u00a0\u00a0\u00a0\u00a0\u00a0\u00a0\u00a0\u00a0\u00a0\u00a0\u00a0\u00a0\u00a0\u00a0\u00a0\u00a0\u00a0\u00a0\u00a0\u00a0\u00a0\u00a0\u00a0\u00a0\u00a0\u00a0\u00a0\u00a0\u00a0<span style=\"font-family: Arial, serif;\"><span style=\"font-size: medium;\"><b>bp J\u00f3zef GUZDEK<\/b><\/span><\/span><\/p>\n<p><span style=\"font-family: Arial, serif;\"><span style=\"font-size: medium;\"><b>ks. Jan DOHNALIK<\/b><\/span><\/span><\/p>\n<p><span style=\"font-family: Arial, serif;\"><span style=\"font-size: medium;\"> kanclerz <\/span><\/span><\/p>\n","protected":false},"excerpt":{"rendered":"<p>Warszawa, 28 maja 2020 roku &nbsp; L. dz. 392\/PE\/2020 &nbsp; DEKRET BISKUPA POLOWEGO W SPRAWIE DYSPENSY OD OBOWI\u0104ZKU UCZESTNICTWA W NIEDZIELNEJ EUCHARYSTII W zwi\u0105zku ze zniesieniem limitu uczestnik\u00f3w zgromadze\u0144 religijnych w\u00a0\u015bwi\u0105tyniach, z dniem 30 maja 2020 roku odwo\u0142uj\u0119 og\u00f3ln\u0105 dyspens\u0119 od obowi\u0105zku uczestnictwa w niedzielnej Eucharystii udzielon\u0105 dnia 21 marca 2020 roku. Jednocze\u015bnie, maj\u0105c na uwadze trwaj\u0105ce zagro\u017cenie epidemiczne, zgodnie z\u00a0kan. 87 \u00a7 1, kan. 1245 oraz kan. 1248 \u00a7 2 Kodeksu Prawa Kanonicznego, udzielam dyspensy od obowi\u0105zku niedzielnego uczestnictwa we Mszy \u015awi\u0119tej nast\u0119puj\u0105cym wiernym Ordynariatu Polowego: osobom w podesz\u0142ym wieku lub chorym oraz tym, kt\u00f3rzy si\u0119 nimi opiekuj\u0105; osobom z objawami infekcji (np. kaszel, katar, podwy\u017cszona temperatura, itp.); \u017co\u0142nierzom oraz pracownikom resortu obrony narodowej w czasie wykonywania zada\u0144 s\u0142u\u017cbowych; osobom, kt\u00f3re maj\u0105 wskazania medyczne lub sanitarne do unikania kontaktu z\u00a0innymi oraz tym, kt\u00f3rzy czuj\u0105 obaw\u0119 przed zara\u017ceniem. Powy\u017csza dyspensa obowi\u0105zuje a\u017c do odwo\u0142ania. Zach\u0119cam, aby osoby korzystaj\u0105ce z\u00a0dyspensy trwa\u0142y&hellip;<\/p>\n<p> <a class=\"more-link\" href=\"http:\/\/www.franciszek-walcz.pl\/?p=8904\">Czytaj dalej<\/a><\/p>\n","protected":false},"author":1,"featured_media":0,"comment_status":"closed","ping_status":"open","sticky":false,"template":"","format":"standard","meta":{"footnotes":""},"categories":[1],"tags":[],"class_list":{"0":"post-8904","1":"post","2":"type-post","3":"status-publish","4":"format-standard","6":"category-uncategorized"},"brizy_media":[],"_links":{"self":[{"href":"http:\/\/www.franciszek-walcz.pl\/index.php?rest_route=\/wp\/v2\/posts\/8904","targetHints":{"allow":["GET"]}}],"collection":[{"href":"http:\/\/www.franciszek-walcz.pl\/index.php?rest_route=\/wp\/v2\/posts"}],"about":[{"href":"http:\/\/www.franciszek-walcz.pl\/index.php?rest_route=\/wp\/v2\/types\/post"}],"author":[{"embeddable":true,"href":"http:\/\/www.franciszek-walcz.pl\/index.php?rest_route=\/wp\/v2\/users\/1"}],"replies":[{"embeddable":true,"href":"http:\/\/www.franciszek-walcz.pl\/index.php?rest_route=%2Fwp%2Fv2%2Fcomments&post=8904"}],"version-history":[{"count":1,"href":"http:\/\/www.franciszek-walcz.pl\/index.php?rest_route=\/wp\/v2\/posts\/8904\/revisions"}],"predecessor-version":[{"id":8905,"href":"http:\/\/www.franciszek-walcz.pl\/index.php?rest_route=\/wp\/v2\/posts\/8904\/revisions\/8905"}],"wp:attachment":[{"href":"http:\/\/www.franciszek-walcz.pl\/index.php?rest_route=%2Fwp%2Fv2%2Fmedia&parent=8904"}],"wp:term":[{"taxonomy":"category","embeddable":true,"href":"http:\/\/www.franciszek-walcz.pl\/index.php?rest_route=%2Fwp%2Fv2%2Fcategories&post=8904"},{"taxonomy":"post_tag","embeddable":true,"href":"http:\/\/www.franciszek-walcz.pl\/index.php?rest_route=%2Fwp%2Fv2%2Ftags&post=8904"}],"curies":[{"name":"wp","href":"https:\/\/api.w.org\/{rel}","templated":true}]}}