{"id":8969,"date":"2020-05-30T16:21:51","date_gmt":"2020-05-30T14:21:51","guid":{"rendered":"http:\/\/www.franciszek-walcz.pl\/?p=8969"},"modified":"2020-05-30T16:21:51","modified_gmt":"2020-05-30T14:21:51","slug":"dary-ducha-swietego","status":"publish","type":"post","link":"http:\/\/www.franciszek-walcz.pl\/?p=8969","title":{"rendered":"Dary Ducha \u015awi\u0119tego"},"content":{"rendered":"<p align=\"left\"><span style=\"font-family: Times New Roman, serif;\"><span style=\"font-size: medium;\"><b><span style=\"font-size: large;\">Do dzi\u015b pami\u0119tamy s\u0142owa dzisiejszego psalmu przytoczone przez papie\u017ca Polaka Jana Paw\u0142a II <\/span><\/b><span style=\"font-size: large;\">na zako\u0144czenie <\/span><span style=\"color: #0000ff;\"><a href=\"https:\/\/www.youtube.com\/watch?v=w8ATg3fcoPM\" target=\"_blank\" rel=\"noopener noreferrer\"><span style=\"color: #000000;\"><span style=\"font-size: large;\">homilii wyg\u0142oszonej na Placu Zwyci\u0119stwa w Warszawie 2 czerwca 1979 roku<\/span><\/span><\/a><\/span><span style=\"font-size: large;\">:<\/span><\/span><\/span><\/p>\n<p align=\"justify\">\u201e<span style=\"font-family: Times New Roman, serif;\"><span style=\"font-size: medium;\"><span style=\"font-size: large;\">Wo\u0142am, ja syn polskiej ziemi, i jednocze\u015bnie, ja, Jan Pawe\u0142 II, papie\u017c (\u2026). Niech zst\u0105pi Duch Tw\u00f3j! Niech zst\u0105pi Duch Tw\u00f3j! I odnowi oblicze ziemi&#8230; tej ziemi! Amen\u201d.<\/span><\/span><\/span><\/p>\n<p align=\"justify\">\u00a0<span style=\"font-family: Times New Roman, serif;\"><span style=\"font-size: medium;\"><b><span style=\"font-size: large;\">To by\u0142y naprawd\u0119 prorocze s\u0142owa \u015bwi\u0119tego dzi\u015b papie\u017ca Polaka, wypowiedziane w tamtej, tak bardzo specyficznej rzeczywisto\u015bci.<\/span><\/b><span style=\"font-size: large;\"> Jak\u017ce trudno nam by\u0142o w tamtych czasach wyobrazi\u0107 sobie, \u017ce mo\u017cliwe b\u0119dzie dla Polak\u00f3w i dla Polski, aby sta\u0107 si\u0119 niezale\u017cnymi od militarnej i ideologicznej pot\u0119gi Zwi\u0105zku Radzieckiego. Dzi\u015b widzimy, \u017ce to nie ogie\u0144 dzia\u0142 czy karabin\u00f3w zmieni\u0142 tamt\u0105 rzeczywisto\u015b\u0107, ale p\u0142omie\u0144 i moc Ducha \u015awi\u0119tego, kt\u00f3ry zst\u0105pi\u0142 i odnowi\u0142 oblicze tej polskiej ziemi.<\/span><\/span><\/span><\/p>\n<p align=\"justify\">\u00a0<span style=\"font-family: Times New Roman, serif;\"><span style=\"font-size: medium;\"><b><span style=\"font-size: large;\">Ko\u0144cz\u0105c okres paschalny, ten wielki i wspania\u0142y czas Pi\u0119\u0107dziesi\u0105tnicy,<\/span><\/b><span style=\"font-size: large;\"> w kt\u00f3rym mieli\u015bmy okazj\u0119 odnowi\u0107 w nas t\u0119 wielk\u0105 tajemnic\u0119 wiary, w Tego, kt\u00f3ry powsta\u0142 z martwych, wst\u0105pi\u0142 do nieba, zasiad\u0142 po prawicy Ojca, i kt\u00f3ry powr\u00f3ci aby s\u0105dzi\u0107 \u017cywych i umar\u0142ych, liturgia Ko\u015bcio\u0142a otwiera si\u0119 na dar Ducha \u015awi\u0119tego.<\/span><\/span><\/span><\/p>\n<p align=\"justify\"><span style=\"font-family: Times New Roman, serif;\"><span style=\"font-size: medium;\"><b><span style=\"font-size: large;\">Nie tak dawno, bo w pi\u0105t\u0105 niedziel\u0119 okresu wielkanocnego wraz ze \u015bw. Tomaszem przedstawiali\u015bmy Panu jeszcze jedn\u0105 z naszych egzystencjalnych w\u0105tpliwo\u015bci:<\/span><\/b><span style=\"font-size: large;\"> Je\u015bli On nas opu\u015bci, wracaj\u0105c do domu Ojca, czy b\u0119dziemy mieli na tyle si\u0142y i odwagi, aby samemu kroczy\u0107 drogami \u017cycia i drogami historii? Czy b\u0119dziemy zdolni sami odnale\u017a\u0107 w\u0142a\u015bciw\u0105 drog\u0119, kt\u00f3r\u0105 mamy kroczy\u0107, prawd\u0119, o kt\u00f3r\u0105 mamy zabiega\u0107? Czy wreszcie zdolni b\u0119dziemy do tego, aby d\u0105\u017cy\u0107 do pe\u0142ni \u017cycia? Jezus nie tylko przypomina\u0142 im, \u017ce to On jest Drog\u0105, Prawd\u0105 i \u017byciem, kt\u00f3r\u0105 ju\u017c powinni dobrze zna\u0107, ale r\u00f3wnie\u017c, \u017ce nie pozostawi ich samym sobie. Obieca\u0142 im Ducha, Pocieszyciela i Nauczyciela, kt\u00f3ry b\u0119dzie prowadzi\u0142 Jego Ko\u015bci\u00f3\u0142 \u2013 a w nim Jego wiernych \u2013 pewn\u0105, cho\u0107 nie\u0142atw\u0105 drog\u0105.<\/span><\/span><\/span><\/p>\n<p align=\"justify\">\u00a0<span style=\"font-family: Times New Roman, serif;\"><span style=\"font-size: medium;\"><b><span style=\"font-size: large;\">Dzisiejsza uroczysto\u015b\u0107 to jeszcze jedna paschalna pami\u0105tka Chrystusa Zmartwychwsta\u0142ego, <\/span><\/b><span style=\"font-size: large;\">kt\u00f3ry z wysoko\u015bci krzy\u017ca wyla\u0142 ju\u017c swego Ducha na swych wiernych, i kt\u00f3rym w dniu zes\u0142ania da\u0142 moc, aby odwa\u017cnie g\u0142osili Jego Imi\u0119 w\u015br\u00f3d wszystkich narod\u00f3w.<\/span><\/span><\/span><\/p>\n<p align=\"justify\">\n<p align=\"justify\"><span style=\"font-family: Times New Roman, serif;\"><span style=\"font-size: medium;\"><b><span style=\"font-size: large;\">Jednak\u017ce dzisiejsza uroczysto\u015b\u0107 Zes\u0142ania Ducha \u015awi\u0119tego nie mo\u017ce ograniczy\u0107 si\u0119 do przypomnienia owego historycznego wydarzenia.<\/span><\/b><span style=\"font-size: large;\"> To nade wszystko pokorna pro\u015bba, kt\u00f3r\u0105 Ko\u015bci\u00f3\u0142 wznosi do Ojca, aby r\u00f3wnie\u017c i dzisiaj zes\u0142a\u0142 Ducha \u015awi\u0119tego i wzmocni\u0142 serca wiernych, i aby odnowi\u0142 jak\u017ce zranione nienawi\u015bci\u0105, oboj\u0119tno\u015bci\u0105 i egoizmem oblicze ziemi.<\/span><\/span><\/span><\/p>\n<p align=\"justify\">\u00a0<span style=\"font-family: Times New Roman, serif;\"><span style=\"font-size: medium;\"><b><span style=\"font-size: large;\">Trzeba i nam dzi\u015b ws\u0142ucha\u0107 si\u0119 w s\u0142owa Zmartwychwsta\u0142ego Pana, kt\u00f3ry m\u00f3wi:<\/span><\/b><\/span><\/span><\/p>\n<p align=\"justify\"><span style=\"font-family: Times New Roman, serif;\"><span style=\"font-size: medium;\"><em><span style=\"font-size: large;\">Jak Ojciec Mnie pos\u0142a\u0142, tak i Ja was posy\u0142am<\/span><\/em><span style=\"font-size: large;\"> (\u2026). <\/span><em><span style=\"font-size: large;\"><u>We\u017amijcie Ducha \u015awi\u0119tego<\/u><\/span><\/em><em><span style=\"font-size: large;\">! <\/span><\/em><\/span><\/span><\/p>\n<p align=\"justify\">\u00a0<span style=\"font-family: Times New Roman, serif;\"><span style=\"font-size: medium;\"><em><span style=\"font-size: large;\"><u>We\u017amijcie Ducha \u015awi\u0119tego<\/u><\/span><\/em> <span style=\"font-size: large;\">i g\u0142o\u015bcie wszystkimi j\u0119zykami, ale nade wszystko j\u0119zykiem mi\u0142o\u015bci i przebaczenia, wielkie dzie\u0142a Bo\u017ce!<\/span><\/span><\/span><\/p>\n<p align=\"justify\">\u00a0<span style=\"font-family: Times New Roman, serif;\"><span style=\"font-size: medium;\"><em><span style=\"font-size: large;\"><u>We\u017amijcie Ducha \u015awi\u0119tego<\/u><\/span><\/em><span style=\"font-size: large;\"> i nauczajcie \u017ce Panem jest Jezus i \u017ce nie ma w \u017cadnym innym zbawienia, gdy\u017c nie dano ludziom pod niebem \u017cadnego innego imienia, w kt\u00f3rym mogliby\u015bmy by\u0107 zbawieni (Dz 4, 12)!<\/span><\/span><\/span><\/p>\n<p align=\"justify\">\u00a0<span style=\"font-family: Times New Roman, serif;\"><span style=\"font-size: medium;\"><em><span style=\"font-size: large;\"><u>We\u017amijcie Ducha \u015awi\u0119tego<\/u><\/span><\/em><span style=\"font-size: large;\">, aby odnowi\u0107 swoje chrze\u015bcija\u0144skie \u017cycie w rodzinie i we wsp\u00f3lnocie parafialnej!<\/span><\/span><\/span><\/p>\n<p align=\"justify\">\u00a0<span style=\"font-family: Times New Roman, serif;\"><span style=\"font-size: medium;\"><em><span style=\"font-size: large;\"><u>We\u017amijcie Ducha \u015awi\u0119tego<\/u><\/span><\/em><span style=\"font-size: large;\"> i nie pozw\u00f3lcie, aby wykradziono wam \u2013 jak pisa\u0142 papie\u017c Franciszek w adhortacji Evangelii gaudium \u2013 entuzjazm misyjny, chrze\u015bcija\u0144sk\u0105 nadziej\u0119, idea\u0142 braterskiej mi\u0142o\u015bci i solidarno\u015bci oraz rado\u015b\u0107 ewangelii!<\/span><\/span><\/span><\/p>\n<p align=\"justify\">\u00a0<span style=\"font-family: Times New Roman, serif;\"><span style=\"font-size: medium;\"><em><span style=\"font-size: large;\"><u>We\u017amijcie Ducha \u015awi\u0119tego<\/u><\/span><\/em><span style=\"font-size: large;\"> i czy\u0144cie wszystko dla wsp\u00f3lnego dobra kraju i ludzko\u015bci!<\/span><\/span><\/span><\/p>\n<p align=\"justify\">\u00a0<span style=\"font-family: Times New Roman, serif;\"><span style=\"font-size: medium;\"><em><span style=\"font-size: large;\"><u>We\u017amijcie Ducha \u015awi\u0119tego<\/u><\/span><\/em><span style=\"font-size: large;\"> i otw\u00f3rzcie drzwi Chrystusowi, kt\u00f3ry w tych czasach przychodzi szczeg\u00f3lnie w osobie emigranta!<\/span><\/span><\/span><\/p>\n<p align=\"justify\">\u00a0<span style=\"font-family: Times New Roman, serif;\"><span style=\"font-size: medium;\"><em><span style=\"font-size: large;\"><u>We\u017amijcie Ducha \u015awi\u0119tego<\/u><\/span><\/em><span style=\"font-size: large;\">, kt\u00f3ry wzywa nas do nieustannego i dynamicznego \u201ewyj\u015bcia\u201d, szczeg\u00f3lnie z w\u0142asnej wygody i zdobycia si\u0119 na odwag\u0119, by dotrze\u0107 na wszystkie peryferia \u015bwiata potrzebuj\u0105ce \u015bwiat\u0142a Ewangelii (por. EG, nr 20)!<\/span><\/span><\/span><\/p>\n<p align=\"justify\">\u00a0<span style=\"font-family: Times New Roman, serif;\"><span style=\"font-size: medium;\"><em><span style=\"font-size: large;\"><u>We\u017amijcie Ducha \u015awi\u0119tego<\/u><\/span><\/em><span style=\"font-size: large;\"> i b\u0105d\u017acie darem pokoju, jedno\u015bci i przebaczenia w Ko\u015bciele i w \u015bwiecie!<\/span><\/span><\/span><\/p>\n<p align=\"justify\">\u00a0<span style=\"font-family: Times New Roman, serif;\"><span style=\"font-size: medium;\"><em><span style=\"font-size: large;\"><u>We\u017amijcie Ducha \u015awi\u0119teg<\/u><\/span><\/em><span style=\"font-size: large;\"><u>o<\/u><\/span><span style=\"font-size: large;\"> i czy\u0144cie to wszystko na Moj\u0105 pami\u0105tk\u0119! \u2013 m\u00f3wi Pan.<\/span><\/span><\/span><\/p>\n<p align=\"justify\">\u00a0<span style=\"font-family: Times New Roman, serif;\"><span style=\"font-size: medium;\"><b><span style=\"font-size: large;\">Niech Maryja, pe\u0142na \u0142aski Ducha \u015awi\u0119tego,<\/span><\/b><span style=\"font-size: large;\"> wstawia si\u0119 nieustannie za nami, aby\u015bmy tak jak ona wraz z uczniami w Wieczerniku, otwarli si\u0119 na dar Ducha \u015awi\u0119tego, kt\u00f3ry poka\u017ce nam pewn\u0105 drog\u0119, kt\u00f3ry nauczy nas pe\u0142ni Prawdy, i kt\u00f3ry nada g\u0142\u0119bokiego sensu naszej ludzkiej i chrze\u015bcija\u0144skiej egzystencji.<\/span><\/span><\/span><\/p>\n","protected":false},"excerpt":{"rendered":"<p>Do dzi\u015b pami\u0119tamy s\u0142owa dzisiejszego psalmu przytoczone przez papie\u017ca Polaka Jana Paw\u0142a II na zako\u0144czenie homilii wyg\u0142oszonej na Placu Zwyci\u0119stwa w Warszawie 2 czerwca 1979 roku: \u201eWo\u0142am, ja syn polskiej ziemi, i jednocze\u015bnie, ja, Jan Pawe\u0142 II, papie\u017c (\u2026). Niech zst\u0105pi Duch Tw\u00f3j! Niech zst\u0105pi Duch Tw\u00f3j! I odnowi oblicze ziemi&#8230; tej ziemi! Amen\u201d. \u00a0To by\u0142y naprawd\u0119 prorocze s\u0142owa \u015bwi\u0119tego dzi\u015b papie\u017ca Polaka, wypowiedziane w tamtej, tak bardzo specyficznej rzeczywisto\u015bci. Jak\u017ce trudno nam by\u0142o w tamtych czasach wyobrazi\u0107 sobie, \u017ce mo\u017cliwe b\u0119dzie dla Polak\u00f3w i dla Polski, aby sta\u0107 si\u0119 niezale\u017cnymi od militarnej i ideologicznej pot\u0119gi Zwi\u0105zku Radzieckiego. Dzi\u015b widzimy, \u017ce to nie ogie\u0144 dzia\u0142 czy karabin\u00f3w zmieni\u0142 tamt\u0105 rzeczywisto\u015b\u0107, ale p\u0142omie\u0144 i moc Ducha \u015awi\u0119tego, kt\u00f3ry zst\u0105pi\u0142 i odnowi\u0142 oblicze tej polskiej ziemi. \u00a0Ko\u0144cz\u0105c okres paschalny, ten wielki i wspania\u0142y czas Pi\u0119\u0107dziesi\u0105tnicy, w kt\u00f3rym mieli\u015bmy okazj\u0119 odnowi\u0107 w nas t\u0119 wielk\u0105 tajemnic\u0119 wiary, w Tego, kt\u00f3ry powsta\u0142 z martwych,&hellip;<\/p>\n<p> <a class=\"more-link\" href=\"http:\/\/www.franciszek-walcz.pl\/?p=8969\">Czytaj dalej<\/a><\/p>\n","protected":false},"author":1,"featured_media":0,"comment_status":"closed","ping_status":"open","sticky":false,"template":"","format":"standard","meta":{"footnotes":""},"categories":[1],"tags":[],"class_list":{"0":"post-8969","1":"post","2":"type-post","3":"status-publish","4":"format-standard","6":"category-uncategorized"},"brizy_media":[],"_links":{"self":[{"href":"http:\/\/www.franciszek-walcz.pl\/index.php?rest_route=\/wp\/v2\/posts\/8969","targetHints":{"allow":["GET"]}}],"collection":[{"href":"http:\/\/www.franciszek-walcz.pl\/index.php?rest_route=\/wp\/v2\/posts"}],"about":[{"href":"http:\/\/www.franciszek-walcz.pl\/index.php?rest_route=\/wp\/v2\/types\/post"}],"author":[{"embeddable":true,"href":"http:\/\/www.franciszek-walcz.pl\/index.php?rest_route=\/wp\/v2\/users\/1"}],"replies":[{"embeddable":true,"href":"http:\/\/www.franciszek-walcz.pl\/index.php?rest_route=%2Fwp%2Fv2%2Fcomments&post=8969"}],"version-history":[{"count":1,"href":"http:\/\/www.franciszek-walcz.pl\/index.php?rest_route=\/wp\/v2\/posts\/8969\/revisions"}],"predecessor-version":[{"id":8970,"href":"http:\/\/www.franciszek-walcz.pl\/index.php?rest_route=\/wp\/v2\/posts\/8969\/revisions\/8970"}],"wp:attachment":[{"href":"http:\/\/www.franciszek-walcz.pl\/index.php?rest_route=%2Fwp%2Fv2%2Fmedia&parent=8969"}],"wp:term":[{"taxonomy":"category","embeddable":true,"href":"http:\/\/www.franciszek-walcz.pl\/index.php?rest_route=%2Fwp%2Fv2%2Fcategories&post=8969"},{"taxonomy":"post_tag","embeddable":true,"href":"http:\/\/www.franciszek-walcz.pl\/index.php?rest_route=%2Fwp%2Fv2%2Ftags&post=8969"}],"curies":[{"name":"wp","href":"https:\/\/api.w.org\/{rel}","templated":true}]}}