{"id":9365,"date":"2020-06-20T17:06:30","date_gmt":"2020-06-20T15:06:30","guid":{"rendered":"http:\/\/www.franciszek-walcz.pl\/?p=9365"},"modified":"2020-06-20T17:08:00","modified_gmt":"2020-06-20T15:08:00","slug":"niepokalane-serce-najswietszej-maryi-panny","status":"publish","type":"post","link":"http:\/\/www.franciszek-walcz.pl\/?p=9365","title":{"rendered":"Niepokalane Serce Naj\u015bwi\u0119tszej Maryi Panny"},"content":{"rendered":"<p align=\"left\"><b><span style=\"font-size: large;\">Dzie\u0144 po uroczysto\u015bci Naj\u015bwi\u0119tszego Serca Pana Jezusa oddajemy cze\u015b\u0107 Niepokalanemu Sercu Maryi.<\/span><\/b><span style=\"font-size: large;\"> Jej Serce jest nierozerwalnie z\u0142\u0105czone z Serce Chrystusa, poniewa\u017c Maryja jest obecna od samego pocz\u0105tku w zbawczej misji swojego Syna, od wcielenia a\u017c do Jego \u015bmierci, zmartwychwstania i zes\u0142ania Ducha \u015awi\u0119tego.<\/span><\/p>\n<p align=\"left\">\u00a0<span style=\"font-family: Times New Roman, serif;\"><span style=\"font-size: medium;\"><span style=\"font-size: large;\"><u>Cze\u015b\u0107 dla Niepokalanego Serca Maryi rozpowszechni\u0142a si\u0119 bardzo po Jej objawieniach w Fatimie w roku 1917<\/u><\/span><span style=\"font-size: large;\">, kiedy Maryja wzywa\u0142a do zado\u015b\u0107uczynienia Jej Niepokalanemu Sercu za zniewagi, jakie wyrz\u0105dzaj\u0105 ludzie poprzez swoje grzechy. Wzywa\u0142a do modlitwy i pokuty za grzesznik\u00f3w.<\/span><\/span><\/span><\/p>\n<p align=\"left\">\u00a0<span style=\"font-family: Times New Roman, serif;\"><span style=\"font-size: medium;\"><span style=\"font-size: large;\">Maryja jako najlepsza z matek zawsze jest zatroskana o ka\u017cde swoje dziecko zw\u0142aszcza o to, kt\u00f3re zagubi\u0142o si\u0119 w swoim \u017cyciu. S\u0142yszymy o tym w dzisiejszej Ewangelii, jak podczas pielgrzymki do Jerozolimy Maryja i J\u00f3zef zgubili Jezusa. \u201eSynu, czemu\u015b nam to uczyni\u0142? Oto ojciec Tw\u00f3j i ja z b\u00f3lem serca szukali\u015bmy Ciebie\u201d.<\/span><\/span><\/span><\/p>\n<p align=\"left\"><span style=\"font-family: Times New Roman, serif;\"><span style=\"font-size: medium;\"><b><span style=\"font-size: large;\">Podobnie jak Jezusa, Maryja z b\u00f3lem serca szuka ka\u017cdego z nas, kiedy zagubimy si\u0119 w naszym \u017cyciu.<\/span><\/b><\/span><\/span><\/p>\n<p align=\"left\">\u00a0<span style=\"font-family: Times New Roman, serif;\"><span style=\"font-size: medium;\"><b><span style=\"font-size: large;\">Postawa Maryi z dzisiejszej Ewangelii powinna by\u0107 dla nas tak\u017ce lekcj\u0105, aby ka\u017cdy z nas szuka\u0142 Boga.<\/span><\/b><span style=\"font-size: large;\"> Cz\u0119sto bywa tak, \u017ce w wirze codziennych zaj\u0119\u0107, obowi\u0105zk\u00f3w, \u017cyciowych problem\u00f3w, mo\u017cemy straci\u0107 Boga z naszych oczu, mo\u017cemy Go zgubi\u0107. Kiedy tak si\u0119 stanie, to jeszcze nie pow\u00f3d do paniki, przecie\u017c samej Maryi si\u0119 to przytrafi\u0142o. Pow\u00f3d do paniki pojawia si\u0119 wtedy, kiedy nie chcemy szuka\u0107 Boga; kiedy nie zale\u017cy nam na tym, aby On by\u0142 w naszym \u017cyciu; kiedy nie zale\u017cy nam, aby wype\u0142nia\u0107 Jego S\u0142owa w naszym \u017cyciu. Cz\u0119sto bywa tak, \u017ce jest w nas pragnienie odnalezienia Boga, ale nie wiemy, gdzie go szuka\u0107. Z pomoc\u0105 znowu przychodzi nam dzisiejsza Ewangelia. Maryja i J\u00f3zef wr\u00f3cili do miejsca, gdzie ostatni raz widzieli Jezusa. My tak\u017ce w naszym \u017cyciu musimy cz\u0119sto wraca\u0107 do miejsc, gdzie spotkali\u015bmy Jezusa, kiedy czuli\u015bmy Jego obecno\u015b\u0107 i dzia\u0142anie w naszym \u017cyciu. Najlepszym \u015brodkiem s\u0105 sakramenty, liturgia Ko\u015bcio\u0142a \u2013 to w nich mo\u017cesz spotka\u0107 \u017cywego Jezusa, to w nich mo\u017cesz Go na nowo odnale\u017a\u0107.<\/span><\/span><\/span><\/p>\n<p align=\"left\"><span style=\"font-family: Times New Roman, serif;\"><span style=\"font-size: medium;\"><span style=\"font-size: large;\">W<\/span><b><span style=\"font-size: large;\">spomnienie Niepokalanego Serca Maryi jest dla nas zach\u0119t\u0105 i zadaniem<\/span><\/b><span style=\"font-size: large;\"> \u2013 kt\u00f3re powierzy\u0142a nam sama Maryja \u2013<\/span><b><span style=\"font-size: large;\"> aby modli\u0107 si\u0119 za tych ludzi, kt\u00f3rzy zagubili w swoim \u017cyciu Boga.<\/span><\/b><span style=\"font-size: large;\"> Za tych, kt\u00f3rzy dzi\u015b nie widz\u0105 potrzeby, aby szuka\u0107 Boga, bo przyzwyczaili si\u0119 do \u017cycia w grzechu. Maryja wzywa nas aby\u015bmy zado\u015b\u0107uczynili Jej Niepokalanemu Sercu za zniewagi, kt\u00f3rych mo\u017ce i my sami dokonali\u015bmy poprzez nasze grzechy.<\/span><\/span><\/span><\/p>\n<p align=\"left\"><span style=\"font-family: Times New Roman, serif;\"><span style=\"font-size: medium;\"><span style=\"font-size: large;\">Aby zmieni\u0107 nasze \u017cycie, aby zmieni\u0107 \u017cycie naszych rodzin, aby by\u0107 uczniem Jezusa nie tylko z nazwania, ale i z przekonania; by\u0107 katolikiem nie tylko od \u015bwi\u0119ta ale w ka\u017cdy dzie\u0144 naszego \u017cycia bez wzgl\u0119du na to, czy jestem w Ko\u015bciele, w domu czy w pracy. Trzeba uczyni\u0107 pierwszy krok \u2013 po\u015bwi\u0119ci\u0107 si\u0119 Niepokalanemu Sercu Maryi. Wtedy Maryja zawsze b\u0119dzie nas szuka\u0142a, zawsze b\u0119dzie si\u0119 troszczy\u0142a o nas, swoje dzieci.<\/span><\/span><\/span><\/p>\n<p align=\"left\"><span style=\"font-family: Times New Roman, serif;\"><span style=\"font-size: medium;\"><b><span style=\"font-size: large;\">Niech zach\u0119t\u0105, aby to uczyni\u0107, b\u0119d\u0105 obietnice Maryi dla dusz, ofiarowanych Jej Niepokalanemu Sercu:<\/span><\/b><\/span><\/span><\/p>\n<p align=\"left\"><span style=\"font-family: Times New Roman, serif;\"><span style=\"font-size: medium;\"><span style=\"font-size: large;\">1. Imi\u0119 ich zostanie zapisane w mi\u0142o\u015bci\u0105 gorej\u0105cym Sercu Jezusa i Niepokalanym Sercu Maryi.<\/span><\/span><\/span><\/p>\n<p align=\"left\"><span style=\"font-family: Times New Roman, serif;\"><span style=\"font-size: medium;\"><span style=\"font-size: large;\">2. Przez swoje oddanie, zjednoczone z zas\u0142ugami Jezusa, uratuj\u0105 wiele dusz od wiecznego pot\u0119pienia. Zas\u0142ugi ich ofiar rozci\u0105gaj\u0105 si\u0119 na dusze a\u017c do ko\u0144ca \u015bwiata.<\/span><\/span><\/span><\/p>\n<p align=\"left\"><span style=\"font-family: Times New Roman, serif;\"><span style=\"font-size: medium;\"><span style=\"font-size: large;\">3. Nikt z cz\u0142onk\u00f3w ich rodzin nie zostanie pot\u0119piony, nawet wtedy, kiedy zewn\u0119trzne pozory wskazywa\u0142yby na to. Bo zanim ich dusza oddzieli si\u0119 od cia\u0142a, uzyskaj\u0105 w g\u0142\u0119bi swej duszy \u0142ask\u0119 doskona\u0142ego \u017calu.<\/span><\/span><\/span><\/p>\n<p align=\"left\"><span style=\"font-family: Times New Roman, serif;\"><span style=\"font-size: medium;\"><span style=\"font-size: large;\">4. W dniu ich ofiary \u017cyciowej zostan\u0105 uwolnieni z czy\u015b\u0107ca cz\u0142onkowie ich rodzin.<\/span><\/span><\/span><\/p>\n<p align=\"left\"><span style=\"font-family: Times New Roman, serif;\"><span style=\"font-size: medium;\"><span style=\"font-size: large;\">5. W godzinie ich \u015bmierci b\u0119d\u0119 ich wspiera\u0107 i towarzyszy\u0107 ich duszy bez czy\u015b\u0107ca, do Chwalebnej Tr\u00f3jcy Przenaj\u015bwi\u0119tszej, gdzie b\u0119d\u0105 mogli zaj\u0105\u0107 swoje miejsce przygotowane im przez Pana i b\u0119d\u0105 wraz ze Mn\u0105 szcz\u0119\u015bliwi do ko\u0144ca.<\/span><\/span><\/span><\/p>\n","protected":false},"excerpt":{"rendered":"<p>Dzie\u0144 po uroczysto\u015bci Naj\u015bwi\u0119tszego Serca Pana Jezusa oddajemy cze\u015b\u0107 Niepokalanemu Sercu Maryi. Jej Serce jest nierozerwalnie z\u0142\u0105czone z Serce Chrystusa, poniewa\u017c Maryja jest obecna od samego pocz\u0105tku w zbawczej misji swojego Syna, od wcielenia a\u017c do Jego \u015bmierci, zmartwychwstania i zes\u0142ania Ducha \u015awi\u0119tego. \u00a0Cze\u015b\u0107 dla Niepokalanego Serca Maryi rozpowszechni\u0142a si\u0119 bardzo po Jej objawieniach w Fatimie w roku 1917, kiedy Maryja wzywa\u0142a do zado\u015b\u0107uczynienia Jej Niepokalanemu Sercu za zniewagi, jakie wyrz\u0105dzaj\u0105 ludzie poprzez swoje grzechy. Wzywa\u0142a do modlitwy i pokuty za grzesznik\u00f3w. \u00a0Maryja jako najlepsza z matek zawsze jest zatroskana o ka\u017cde swoje dziecko zw\u0142aszcza o to, kt\u00f3re zagubi\u0142o si\u0119 w swoim \u017cyciu. S\u0142yszymy o tym w dzisiejszej Ewangelii, jak podczas pielgrzymki do Jerozolimy Maryja i J\u00f3zef zgubili Jezusa. \u201eSynu, czemu\u015b nam to uczyni\u0142? Oto ojciec Tw\u00f3j i ja z b\u00f3lem serca szukali\u015bmy Ciebie\u201d. Podobnie jak Jezusa, Maryja z b\u00f3lem serca szuka ka\u017cdego z nas, kiedy zagubimy si\u0119 w naszym&hellip;<\/p>\n<p> <a class=\"more-link\" href=\"http:\/\/www.franciszek-walcz.pl\/?p=9365\">Czytaj dalej<\/a><\/p>\n","protected":false},"author":1,"featured_media":0,"comment_status":"closed","ping_status":"open","sticky":false,"template":"","format":"standard","meta":{"footnotes":""},"categories":[1],"tags":[],"class_list":{"0":"post-9365","1":"post","2":"type-post","3":"status-publish","4":"format-standard","6":"category-uncategorized"},"brizy_media":[],"_links":{"self":[{"href":"http:\/\/www.franciszek-walcz.pl\/index.php?rest_route=\/wp\/v2\/posts\/9365","targetHints":{"allow":["GET"]}}],"collection":[{"href":"http:\/\/www.franciszek-walcz.pl\/index.php?rest_route=\/wp\/v2\/posts"}],"about":[{"href":"http:\/\/www.franciszek-walcz.pl\/index.php?rest_route=\/wp\/v2\/types\/post"}],"author":[{"embeddable":true,"href":"http:\/\/www.franciszek-walcz.pl\/index.php?rest_route=\/wp\/v2\/users\/1"}],"replies":[{"embeddable":true,"href":"http:\/\/www.franciszek-walcz.pl\/index.php?rest_route=%2Fwp%2Fv2%2Fcomments&post=9365"}],"version-history":[{"count":1,"href":"http:\/\/www.franciszek-walcz.pl\/index.php?rest_route=\/wp\/v2\/posts\/9365\/revisions"}],"predecessor-version":[{"id":9366,"href":"http:\/\/www.franciszek-walcz.pl\/index.php?rest_route=\/wp\/v2\/posts\/9365\/revisions\/9366"}],"wp:attachment":[{"href":"http:\/\/www.franciszek-walcz.pl\/index.php?rest_route=%2Fwp%2Fv2%2Fmedia&parent=9365"}],"wp:term":[{"taxonomy":"category","embeddable":true,"href":"http:\/\/www.franciszek-walcz.pl\/index.php?rest_route=%2Fwp%2Fv2%2Fcategories&post=9365"},{"taxonomy":"post_tag","embeddable":true,"href":"http:\/\/www.franciszek-walcz.pl\/index.php?rest_route=%2Fwp%2Fv2%2Ftags&post=9365"}],"curies":[{"name":"wp","href":"https:\/\/api.w.org\/{rel}","templated":true}]}}