{"id":951,"date":"2017-06-28T16:36:09","date_gmt":"2017-06-28T14:36:09","guid":{"rendered":"http:\/\/www.franciszek-walcz.pl\/?p=951"},"modified":"2017-06-28T16:36:09","modified_gmt":"2017-06-28T14:36:09","slug":"swiety-piotr-i-pawel","status":"publish","type":"post","link":"http:\/\/www.franciszek-walcz.pl\/?p=951","title":{"rendered":"\u015awi\u0119ty Piotr i Pawe\u0142"},"content":{"rendered":"<p><strong><img loading=\"lazy\" decoding=\"async\" class=\"size-medium wp-image-952 alignleft\" src=\"http:\/\/www.franciszek-walcz.pl\/wp-content\/uploads\/2017\/06\/pp-286x300.jpg\" alt=\"\" width=\"286\" height=\"300\" \/>\u015aw. Piotr<\/strong> poni\u00f3s\u0142 \u015bmier\u0107 m\u0119cze\u0144sk\u0105 wed\u0142ug podania na wzg\u00f3rzu watyka\u0144skim. Mia\u0142 by\u0107 ukrzy\u017cowany wed\u0142ug \u015bwiadectwa Orygenesa g\u0142ow\u0105 na d\u00f3\u0142 na w\u0142asn\u0105 pro\u015bb\u0119, gdy\u017c czu\u0142 si\u0119 niegodnym umiera\u0107 na krzy\u017cu jak Chrystus. Cesarz Konstantyn Wielki wystawi\u0142 ku czci \u015bw. Piotra nad jego grobem Bazylik\u0119. Obecna Bazylika \u015aw. Piotra w Rzymie pochodzi z wieku XVI-XVII, budowana zosta\u0142a w latach 1506-1629. Przy Bazylice \u015aw. Piotra jest usytuowane &#8222;Pa\u0144stwo Watyka\u0144skie&#8221;, istniej\u0105ce w obecnym kszta\u0142cie od roku 1929 jako pozosta\u0142o\u015b\u0107 dawnego Pa\u0144stwa Ko\u015bcielnego.\u00a0Bazylika wystawiona na grobie \u015bw. Piotra jest symbolem ca\u0142ego Ko\u015bcio\u0142a Chrystusa.<br \/>\nOpr\u00f3cz tej najs\u0142ynniejszej \u015bwi\u0105tyni, wystawionej ku czci \u015bw. Piotra Aposto\u0142a, w samym Rzymie istniej\u0105 ponadto: ko\u015bci\u00f3\u0142 \u015bw. Piotra na G\u00f3rze Z\u0142otej (Montorio), czyli na Janiku\u0142um, zbudowany na miejscu, gdzie Aposto\u0142 mia\u0142 ponie\u015b\u0107 \u015bmier\u0107 m\u0119cze\u0144sk\u0105; ko\u015bci\u00f3\u0142 \u015bw. Piotra w Okowach, wystawiony na miejscu, gdzie \u015bw. Piotr mia\u0142 by\u0107 wi\u0119ziony; ko\u015bci\u00f3\u0142 \u015bwi\u0119tych Piotra i Paw\u0142a; ko\u015bci\u00f3\u0142ek &#8222;Quo vadis&#8221; przy Via Appia, wystawiony na miejscu, gdzie Chrystus wed\u0142ug podania mia\u0142 zatrzyma\u0107 Piotra, usi\u0142uj\u0105cego opu\u015bci\u0107 Rzym.<br \/>\nW czasie prac archeologicznych przeprowadzonych w podziemiach Bazyliki \u015bw. Piotra w latach 1940-1949 znaleziono pod konfesj\u0105 (pod g\u0142\u00f3wnym o\u0142tarzem Bazyliki) gr\u00f3b \u015bw. Piotra.<\/p>\n<p><strong>\u015aw. Pawe\u0142<\/strong> poni\u00f3s\u0142 \u015bmier\u0107 m\u0119cze\u0144sk\u0105 w Rzymie\u00a0ok. 67 roku. Wcze\u015bniej aresztowany zosta\u0142 w Jerozolimie w 60 r.\u00a0Przebywa\u0142\u00a0w wi\u0119zieniu w Cezarei Palesty\u0144skiej ponad dwa lata, g\u0142osz\u0105c i tam Chrystusa. W Rzymie tak\u017ce jaki\u015b czas sp\u0119dzi\u0142 jako wi\u0119zie\u0144, a\u017c dla braku dowod\u00f3w winy\u00a0zosta\u0142 wypuszczony na wolno\u015b\u0107. Ze swojego wi\u0119zienia w Rzymie Pawe\u0142 wys\u0142a\u0142 szereg list\u00f3w do poszczeg\u00f3lnych gmin i os\u00f3b. Po wypuszczeniu na wolno\u015b\u0107 zapewne uda\u0142 si\u0119 do Hiszpanii (Rz 15, 24-25), a stamt\u0105d powr\u00f3ci\u0142 do Achai. Nie wiemy, gdzie zosta\u0142 ponownie aresztowany.<br \/>\nWed\u0142ug \u00a0staro\u017cytnego podania \u015bw. Pawe\u0142 mia\u0142 ponie\u015b\u0107 \u015bmier\u0107 od miecza. Nie jest znany dzie\u0144 jego \u015bmierci. Za to dobrze zachowano w pami\u0119ci miejsce jego m\u0119cze\u0144stwa <em>Aquae Salviae<\/em> za Bram\u0105 Ostyjsk\u0105 w Rzymie. Cia\u0142o M\u0119czennika z\u0142o\u017cono najpierw w posiad\u0142o\u015bci \u015bw. Lucyny przy drodze Ostyjskiej. W roku 284 za czas\u00f3w prze\u015bladowania, wznieconego przez cesarza Waleriana, przeniesiono relikwie Aposto\u0142a do Katakumb, zwanych dzisiaj Katakumbami \u015bw. Sebastiana przy drodze Apijskiej. By\u0107 mo\u017ce, na kr\u00f3tki czas spocz\u0119\u0142y tu tak\u017ce relikwie \u015bw. Piotra. Po edykcie cesarza Konstantyna Wielkiego (313) cia\u0142o \u015bw. Piotra przeniesiono do Watykanu, a cia\u0142o \u015bw. Paw\u0142a na miejsce jego m\u0119cze\u0144stwa, gdzie cesarz wystawi\u0142 ku jego czci bazylik\u0119 pod wezwaniem \u015bw. Paw\u0142a.<\/p>\n","protected":false},"excerpt":{"rendered":"<p>\u015aw. Piotr poni\u00f3s\u0142 \u015bmier\u0107 m\u0119cze\u0144sk\u0105 wed\u0142ug podania na wzg\u00f3rzu watyka\u0144skim. Mia\u0142 by\u0107 ukrzy\u017cowany wed\u0142ug \u015bwiadectwa Orygenesa g\u0142ow\u0105 na d\u00f3\u0142 na w\u0142asn\u0105 pro\u015bb\u0119, gdy\u017c czu\u0142 si\u0119 niegodnym umiera\u0107 na krzy\u017cu jak Chrystus. Cesarz Konstantyn Wielki wystawi\u0142 ku czci \u015bw. Piotra nad jego grobem Bazylik\u0119. Obecna Bazylika \u015aw. Piotra w Rzymie pochodzi z wieku XVI-XVII, budowana zosta\u0142a w latach 1506-1629. Przy Bazylice \u015aw. Piotra jest usytuowane &#8222;Pa\u0144stwo Watyka\u0144skie&#8221;, istniej\u0105ce w obecnym kszta\u0142cie od roku 1929 jako pozosta\u0142o\u015b\u0107 dawnego Pa\u0144stwa Ko\u015bcielnego.\u00a0Bazylika wystawiona na grobie \u015bw. Piotra jest symbolem ca\u0142ego Ko\u015bcio\u0142a Chrystusa. Opr\u00f3cz tej najs\u0142ynniejszej \u015bwi\u0105tyni, wystawionej ku czci \u015bw. Piotra Aposto\u0142a, w samym Rzymie istniej\u0105 ponadto: ko\u015bci\u00f3\u0142 \u015bw. Piotra na G\u00f3rze Z\u0142otej (Montorio), czyli na Janiku\u0142um, zbudowany na miejscu, gdzie Aposto\u0142 mia\u0142 ponie\u015b\u0107 \u015bmier\u0107 m\u0119cze\u0144sk\u0105; ko\u015bci\u00f3\u0142 \u015bw. Piotra w Okowach, wystawiony na miejscu, gdzie \u015bw. Piotr mia\u0142 by\u0107 wi\u0119ziony; ko\u015bci\u00f3\u0142 \u015bwi\u0119tych Piotra i Paw\u0142a; ko\u015bci\u00f3\u0142ek &#8222;Quo vadis&#8221; przy Via Appia, wystawiony na miejscu,&hellip;<\/p>\n<p> <a class=\"more-link\" href=\"http:\/\/www.franciszek-walcz.pl\/?p=951\">Czytaj dalej<\/a><\/p>\n","protected":false},"author":1,"featured_media":0,"comment_status":"open","ping_status":"open","sticky":false,"template":"","format":"standard","meta":{"footnotes":""},"categories":[5],"tags":[],"class_list":{"0":"post-951","1":"post","2":"type-post","3":"status-publish","4":"format-standard","6":"category-artykuly"},"brizy_media":[],"_links":{"self":[{"href":"http:\/\/www.franciszek-walcz.pl\/index.php?rest_route=\/wp\/v2\/posts\/951","targetHints":{"allow":["GET"]}}],"collection":[{"href":"http:\/\/www.franciszek-walcz.pl\/index.php?rest_route=\/wp\/v2\/posts"}],"about":[{"href":"http:\/\/www.franciszek-walcz.pl\/index.php?rest_route=\/wp\/v2\/types\/post"}],"author":[{"embeddable":true,"href":"http:\/\/www.franciszek-walcz.pl\/index.php?rest_route=\/wp\/v2\/users\/1"}],"replies":[{"embeddable":true,"href":"http:\/\/www.franciszek-walcz.pl\/index.php?rest_route=%2Fwp%2Fv2%2Fcomments&post=951"}],"version-history":[{"count":1,"href":"http:\/\/www.franciszek-walcz.pl\/index.php?rest_route=\/wp\/v2\/posts\/951\/revisions"}],"predecessor-version":[{"id":953,"href":"http:\/\/www.franciszek-walcz.pl\/index.php?rest_route=\/wp\/v2\/posts\/951\/revisions\/953"}],"wp:attachment":[{"href":"http:\/\/www.franciszek-walcz.pl\/index.php?rest_route=%2Fwp%2Fv2%2Fmedia&parent=951"}],"wp:term":[{"taxonomy":"category","embeddable":true,"href":"http:\/\/www.franciszek-walcz.pl\/index.php?rest_route=%2Fwp%2Fv2%2Fcategories&post=951"},{"taxonomy":"post_tag","embeddable":true,"href":"http:\/\/www.franciszek-walcz.pl\/index.php?rest_route=%2Fwp%2Fv2%2Ftags&post=951"}],"curies":[{"name":"wp","href":"https:\/\/api.w.org\/{rel}","templated":true}]}}