{"id":9571,"date":"2020-07-04T15:41:23","date_gmt":"2020-07-04T13:41:23","guid":{"rendered":"http:\/\/www.franciszek-walcz.pl\/?p=9571"},"modified":"2020-07-04T15:42:06","modified_gmt":"2020-07-04T13:42:06","slug":"lagodnosc-i-pokora","status":"publish","type":"post","link":"http:\/\/www.franciszek-walcz.pl\/?p=9571","title":{"rendered":"\u0141agodno\u015b\u0107 i pokora"},"content":{"rendered":"<p align=\"justify\"><span style=\"font-family: Times New Roman, serif;\"><span style=\"font-size: medium;\"><span style=\"font-size: large;\">Jezus m\u00f3wi nam \u201eUczcie si\u0119 ode Mnie, bo jestem \u0142agodny i pokorny sercem\u201d (Mt 25,29). Jaka to pi\u0119kna i wa\u017cna zach\u0119ta! I jak aktualna w naszych czasach, gdy tyle na \u015bwiecie przemocy i terroryzmu, tyle nad\u0119to\u015bci i pychy. Spotykamy si\u0119 z tym codziennie na ulicy, na szpaltach gazet i w filmach.<\/span><\/span><\/span><\/p>\n<p align=\"justify\"><span style=\"font-family: Times New Roman, serif;\"><span style=\"font-size: medium;\"><span style=\"font-size: large;\">I jak tu m\u00f3wi\u0107 o \u0142agodno\u015bci i pokorze? Jak tu m\u00f3wi\u0107 o delikatno\u015bci, o wyrozumia\u0142o\u015bci?<\/span><\/span><\/span><\/p>\n<p align=\"justify\"><span style=\"font-family: Times New Roman, serif;\"><span style=\"font-size: medium;\"><span style=\"font-size: large;\">A jednak trzeba, bo w\u015br\u00f3d nas s\u0105 tak\u017ce objawy przemocy i pychy. Widocznie Jezusowi bardzo zale\u017ca\u0142o na tym, aby\u015bmy byli \u0142agodni i pokorni. Przecie\u017c powiedzia\u0142: \u201eUczcie si\u0119 ode Mnie, bo jestem \u0142agodny i pokorny sercem\u201d.<\/span><\/span><\/span><\/p>\n<p align=\"justify\"><span style=\"font-family: Times New Roman, serif;\"><span style=\"font-size: medium;\"><span style=\"font-size: large;\">Po\u015bwi\u0119cimy zatem to rozwa\u017canie potrzebie \u0142agodno\u015bci i pokory w naszym \u017cyciu.<\/span><\/span><\/span><\/p>\n<p align=\"justify\"><span style=\"font-family: Times New Roman, serif;\"><span style=\"font-size: medium;\"><span style=\"font-size: large;\">1. Potrzeba \u0142agodno\u015bci<\/span><\/span><\/span><\/p>\n<p align=\"justify\"><span style=\"font-family: Times New Roman, serif;\"><span style=\"font-size: medium;\"><span style=\"font-size: large;\">W historii ludzko\u015bci byli my\u015bliciele i politycy, kt\u00f3rzy g\u0142osili pochwa\u0142\u0119 gwa\u0142tu. Nie warto nawet wspomina\u0107 ich nazwisk. Uwa\u017cali oni, \u017ce \u0142agodno\u015b\u0107 to cecha ludzi s\u0142abych. Jeszcze dzisiaj s\u0105 na \u015bwiecie pa\u0144stwa totalitarne, w kt\u00f3rych stosuje si\u0119 si\u0142\u0119 i przemoc. Jeszcze dzisiaj spotykamy si\u0119 z my\u015bleniem, \u017ce w dzia\u0142aniach politycznych, a nawet w \u017cyciu prywatnym tylko ludzie twardzi maj\u0105 szans\u0119 na wybicie si\u0119. Cz\u0142owiek \u0142agodny i uprzejmy uwa\u017cany jest za naiwnego.<\/span><\/span><\/span><\/p>\n<p align=\"justify\"><span style=\"font-family: Times New Roman, serif;\"><span style=\"font-size: medium;\"><span style=\"font-size: large;\">Aby zrozumie\u0107 potrzeb\u0119 \u0142agodno\u015bci w naszym \u017cyciu, nale\u017cy najpierw spojrze\u0107 na najpi\u0119kniejszy wz\u00f3r tej cnoty \u2013 na Jezusa.<\/span><\/span><\/span><\/p>\n<p align=\"justify\"><span style=\"font-family: Times New Roman, serif;\"><span style=\"font-size: medium;\"><span style=\"font-size: large;\">Jezus by\u0142 ju\u017c zapowiedziany przez proroka Izajasza, kt\u00f3ry tak pisa\u0142 o Nim przed wiekami: \u201eNie z\u0142amie trzciny nad\u0142amanej, nie zgasi knotka o nik\u0142ym p\u0142omyku\u201d (Iz 42,3). Ca\u0142e \u017cycie Chrystusa to by\u0142a rezygnacja z demonstrowania si\u0142y. Raz tylko uni\u00f3s\u0142 si\u0119 gniewem: gdy wyp\u0119dzi\u0142 kupcz\u0105cych w \u015bwi\u0105tyni jerozolimskiej, ale to by\u0142 tzw. \u015bwi\u0119ty gniew, zauwa\u017cany tak\u017ce w \u017cyciu \u015bwi\u0119tych i u os\u00f3b pobo\u017cnych.<\/span><\/span><\/span><\/p>\n<p align=\"justify\"><span style=\"font-family: Times New Roman, serif;\"><span style=\"font-size: medium;\"><span style=\"font-size: large;\">Du\u017co przyk\u0142ad\u00f3w \u0142agodno\u015bci spotykamy u ludzi \u015bwi\u0119tych, cho\u0107by u \u015bw. Franciszka Salezego, kt\u00f3ry \u017cy\u0142 na prze\u0142omie XVI i XVII wieku (1567\u20131622). Zanim zosta\u0142 biskupem, du\u017co pracowa\u0142 nad sob\u0105, gdy\u017c mia\u0142 porywczy charakter. Pod wp\u0142ywem g\u0142\u0119bokiej lektury znanego tekstu Tomasza \u00e0 Kempis <\/span><em><span style=\"font-size: large;\">O na\u015bladowaniu Chrystusa<\/span><\/em><span style=\"font-size: large;\"> zdo\u0142a\u0142 ca\u0142kowicie opanowa\u0107 gwa\u0142towno\u015b\u0107 swego charakteru. Po pewnym okresie doszed\u0142 do takiego opanowania, \u017ce sta\u0142 si\u0119 naj\u0142agodniejszym cz\u0142owiekiem owego czasu. Ta \u0142agodno\u015b\u0107 przejawia\u0142a si\u0119 u niego w pogodnym wyrazie twarzy, w spojrzeniu, w s\u0142owach i w ka\u017cdym ge\u015bcie. \u015awi\u0119ty Wincenty \u00e0 Paulo, kt\u00f3ry pozna\u0142 przysz\u0142ego \u015bwi\u0119tego w Pary\u017cu, tak kiedy\u015b powiedzia\u0142: \u201eJe\u017celi w sercu biskupa genewskiego mie\u015bci si\u0119 tyle dobroci, to jak\u017ce Ty, Bo\u017ce, musisz by\u0107 dobry\u201d.<\/span><\/span><\/span><\/p>\n<p align=\"justify\"><span style=\"font-family: Times New Roman, serif;\"><span style=\"font-size: medium;\"><span style=\"font-size: large;\">Przyk\u0142ad\u00f3w ludzi wypracowuj\u0105cych w sobie \u0142agodno\u015b\u0107 jest wiele. Zapewne i my spotykamy takich wok\u00f3\u0142 nas. Mo\u017ce nawet po cichu zazdro\u015bcimy im tej cechy charakteru. To dobra zazdro\u015b\u0107. Zastan\u00f3wmy si\u0119 jednak teraz, jak zdoby\u0107 cnot\u0119 \u0142agodno\u015bci w pracy duchowej nad sob\u0105.<\/span><\/span><\/span><\/p>\n<p><span style=\"font-family: Times New Roman, serif;\"><span style=\"font-size: medium;\"><span style=\"font-size: large;\">Znawcy \u017cycia duchowego proponuj\u0105 w tym zakresie takie dzia\u0142ania:<br \/>\n1) panowanie nad porywami gniewu,<br \/>\n2) cierpliwe znoszenie wad bli\u017aniego,<br \/>\n3) przebaczanie zniewag,<br \/>\n4) \u017cyczliwo\u015b\u0107, i to nawet wobec tzw. nieprzyjaci\u00f3\u0142.<\/span><\/span><\/span><\/p>\n<p align=\"justify\"><span style=\"font-family: Times New Roman, serif;\"><span style=\"font-size: medium;\"><b><span style=\"font-size: large;\">2. Potrzeba pokory<\/span><\/b><\/span><\/span><\/p>\n<p align=\"justify\"><span style=\"font-family: Times New Roman, serif;\"><span style=\"font-size: medium;\"><span style=\"font-size: large;\">Jezus zach\u0119ca nas dzisiaj nie tylko do \u0142agodno\u015bci, ale i do pokory. Te dwie cnoty jako\u015b si\u0119 ze sob\u0105 dobrze \u0142\u0105cz\u0105. Tymczasem widzimy wok\u00f3\u0142 nas tak wiele os\u00f3b, kt\u00f3rym brak pokory. Mo\u017ce i my do nich nale\u017cymy. Uwa\u017camy si\u0119 za ludzi, kt\u00f3rzy znaj\u0105 si\u0119 na wszystkim, za nieomylnych. Brakuje nam pokory.<\/span><\/span><\/span><\/p>\n<p align=\"justify\"><span style=\"font-family: Times New Roman, serif;\"><span style=\"font-size: medium;\"><span style=\"font-size: large;\">A Pismo \u015awi\u0119te bardzo wiele razy zach\u0119ca do pokory. <\/span><\/span><\/span><\/p>\n<p align=\"justify\"><span style=\"font-family: Times New Roman, serif;\"><span style=\"font-size: medium;\"><span style=\"font-size: large;\">Najpi\u0119kniejszym przyk\u0142adem pokory pozostanie dla nas Jezus. Te s\u0142owa z dzisiejszej Ewangelii starajmy si\u0119 zapami\u0119ta\u0107 na d\u0142ugo: \u201eUczcie si\u0119 ode Mnie, bo jestem \u0142agodny i pokorny sercem\u201d.<\/span><\/span><\/span><\/p>\n<p align=\"justify\"><span style=\"font-family: Times New Roman, serif;\"><span style=\"font-size: medium;\"><span style=\"font-size: large;\">Po czym poznajemy cz\u0142owieka pokornego? <\/span><\/span><\/span><\/p>\n<p align=\"justify\"><span style=\"font-family: Times New Roman, serif;\"><span style=\"font-size: medium;\"><span style=\"font-size: large;\">Cz\u0142owiek pokorny nigdy si\u0119 nie wywy\u017csza, nigdy nie stawia siebie nad innymi, nawet czasem dyskretnie uni\u017cy si\u0119, bo wie, \u017ce wszystko, co posiada: zdolno\u015bci, m\u0105dro\u015b\u0107, wiedz\u0119, zawdzi\u0119cza Bogu. Jest \u015bwiadom swojej ma\u0142o\u015bci i ograniczono\u015bci (&#8230;), jest pos\u0142uszny przede wszystkim Bogu i Jego przykazaniom (ks. Stanis\u0142aw Grzybek, <\/span><em><span style=\"font-size: large;\">Nawracajcie si\u0119&#8230;<\/span><\/em><span style=\"font-size: large;\">).<\/span><\/span><\/span><\/p>\n<p align=\"justify\"><span style=\"font-family: Times New Roman, serif;\"><span style=\"font-size: medium;\"><span style=\"font-size: large;\">Nasza pokora pomo\u017ce nam przyj\u0105\u0107 w\u0142a\u015bciw\u0105 postaw\u0119 wobec drugich. \u015awi\u0119ty Pawe\u0142 w Li\u015bcie do Filipian zauwa\u017cy\u0142, jak mamy podchodzi\u0107 do innych: \u201eW pokorze oceniaj\u0105c jedni drugich za wy\u017cej stoj\u0105cych od siebie\u201d (Flp 2,3). W\u0142a\u015bnie, to jest dobra postawa: dostrzega\u0107 w drugich dobro i umie\u0107 si\u0119 z niego cieszy\u0107. \u015awi\u0119ta Urszula Led\u00f3chowska pisa\u0142a swego czasu: \u201eMi\u0142o\u015b\u0107 bli\u017aniego nie mo\u017ce \u017cy\u0107 bez wody\u201d.<\/span><\/span><\/span><\/p>\n<p align=\"justify\"><span style=\"font-family: Times New Roman, serif;\"><span style=\"font-size: medium;\"><span style=\"font-size: large;\">Na koniec tego rozwa\u017cania dwie wypowiedzi. \u015awi\u0119ta Teresa z Kalkuty: \u201eJe\u015bli jeste\u015b pokorny, nic ci\u0119 nie dotknie, ani pochwa\u0142a, ani upokorzenie, poniewa\u017c wiesz, kim jeste\u015b\u201d. I drugie spostrze\u017cenie: \u201ePusty k\u0142os wznosi si\u0119 do g\u00f3ry, pe\u0142ny pochyla do ziemi\u201d. B\u0105d\u017amy zatem w \u017cyciu takimi pe\u0142nymi k\u0142osami.<\/span><\/span><\/span><\/p>\n<p><span style=\"font-family: Times New Roman, serif;\">ks. Wac\u0142aw Chmielarski<\/span><\/p>\n","protected":false},"excerpt":{"rendered":"<p>Jezus m\u00f3wi nam \u201eUczcie si\u0119 ode Mnie, bo jestem \u0142agodny i pokorny sercem\u201d (Mt 25,29). Jaka to pi\u0119kna i wa\u017cna zach\u0119ta! I jak aktualna w naszych czasach, gdy tyle na \u015bwiecie przemocy i terroryzmu, tyle nad\u0119to\u015bci i pychy. Spotykamy si\u0119 z tym codziennie na ulicy, na szpaltach gazet i w filmach. I jak tu m\u00f3wi\u0107 o \u0142agodno\u015bci i pokorze? Jak tu m\u00f3wi\u0107 o delikatno\u015bci, o wyrozumia\u0142o\u015bci? A jednak trzeba, bo w\u015br\u00f3d nas s\u0105 tak\u017ce objawy przemocy i pychy. Widocznie Jezusowi bardzo zale\u017ca\u0142o na tym, aby\u015bmy byli \u0142agodni i pokorni. Przecie\u017c powiedzia\u0142: \u201eUczcie si\u0119 ode Mnie, bo jestem \u0142agodny i pokorny sercem\u201d. Po\u015bwi\u0119cimy zatem to rozwa\u017canie potrzebie \u0142agodno\u015bci i pokory w naszym \u017cyciu. 1. Potrzeba \u0142agodno\u015bci W historii ludzko\u015bci byli my\u015bliciele i politycy, kt\u00f3rzy g\u0142osili pochwa\u0142\u0119 gwa\u0142tu. Nie warto nawet wspomina\u0107 ich nazwisk. Uwa\u017cali oni, \u017ce \u0142agodno\u015b\u0107 to cecha ludzi s\u0142abych. Jeszcze dzisiaj s\u0105 na \u015bwiecie pa\u0144stwa totalitarne, w kt\u00f3rych stosuje&hellip;<\/p>\n<p> <a class=\"more-link\" href=\"http:\/\/www.franciszek-walcz.pl\/?p=9571\">Czytaj dalej<\/a><\/p>\n","protected":false},"author":1,"featured_media":0,"comment_status":"closed","ping_status":"open","sticky":false,"template":"","format":"standard","meta":{"footnotes":""},"categories":[5],"tags":[],"class_list":{"0":"post-9571","1":"post","2":"type-post","3":"status-publish","4":"format-standard","6":"category-artykuly"},"brizy_media":[],"_links":{"self":[{"href":"http:\/\/www.franciszek-walcz.pl\/index.php?rest_route=\/wp\/v2\/posts\/9571","targetHints":{"allow":["GET"]}}],"collection":[{"href":"http:\/\/www.franciszek-walcz.pl\/index.php?rest_route=\/wp\/v2\/posts"}],"about":[{"href":"http:\/\/www.franciszek-walcz.pl\/index.php?rest_route=\/wp\/v2\/types\/post"}],"author":[{"embeddable":true,"href":"http:\/\/www.franciszek-walcz.pl\/index.php?rest_route=\/wp\/v2\/users\/1"}],"replies":[{"embeddable":true,"href":"http:\/\/www.franciszek-walcz.pl\/index.php?rest_route=%2Fwp%2Fv2%2Fcomments&post=9571"}],"version-history":[{"count":1,"href":"http:\/\/www.franciszek-walcz.pl\/index.php?rest_route=\/wp\/v2\/posts\/9571\/revisions"}],"predecessor-version":[{"id":9572,"href":"http:\/\/www.franciszek-walcz.pl\/index.php?rest_route=\/wp\/v2\/posts\/9571\/revisions\/9572"}],"wp:attachment":[{"href":"http:\/\/www.franciszek-walcz.pl\/index.php?rest_route=%2Fwp%2Fv2%2Fmedia&parent=9571"}],"wp:term":[{"taxonomy":"category","embeddable":true,"href":"http:\/\/www.franciszek-walcz.pl\/index.php?rest_route=%2Fwp%2Fv2%2Fcategories&post=9571"},{"taxonomy":"post_tag","embeddable":true,"href":"http:\/\/www.franciszek-walcz.pl\/index.php?rest_route=%2Fwp%2Fv2%2Ftags&post=9571"}],"curies":[{"name":"wp","href":"https:\/\/api.w.org\/{rel}","templated":true}]}}