{"id":9621,"date":"2020-07-11T13:52:54","date_gmt":"2020-07-11T11:52:54","guid":{"rendered":"http:\/\/www.franciszek-walcz.pl\/?p=9621"},"modified":"2020-07-11T13:53:34","modified_gmt":"2020-07-11T11:53:34","slug":"wspominamy-trzecie-objawienie-w-fatimie","status":"publish","type":"post","link":"http:\/\/www.franciszek-walcz.pl\/?p=9621","title":{"rendered":"Wspominamy trzecie Objawienie w Fatimie"},"content":{"rendered":"<p><span style=\"font-family: Times New Roman, serif;\"><span style=\"font-size: large;\"><b>13 lipca to wa\u017cna data dla wszystkich czcicieli Matki Bo\u017cej Fatimskiej. Tego dnia wspominamy bowiem kolejn\u0105 rocznic\u0119 trzeciego Objawienia Matki Bo\u017cej w Cova de Iriera. Fatimska Pani za po\u015brednictwem siostry \u0141ucji przekaza\u0142a nam, \u017ce przysz\u0142e losy \u015bwiata s\u0105 uzale\u017cnione od postawy ludzi.<\/b><\/span><\/span><\/p>\n<p><span style=\"font-family: Times New Roman, serif;\"><span style=\"font-size: large;\">Dok\u0142adn\u0105 tre\u015b\u0107 tej tajemnicy poznali\u015bmy dopiero w czerwcu 2000 roku, kiedy to podczas Wielkiego Jubileuszu Chrze\u015bcija\u0144stwa, ujawni\u0142 j\u0105 papie\u017c Jan Pawe\u0142 II.<\/span><\/span><\/p>\n<p><span style=\"font-family: Times New Roman, serif;\"><span style=\"font-size: large;\"><i>W objawieniach fatimskich Matka Bo\u017ca przypomina nam o tych zapomnianych warto\u015bciach, o tej przysz\u0142o\u015bci cz\u0142owieka w Bogu, w kt\u00f3rej mamy czynny i odpowiedzialny udzia\u0142<\/i><\/span><\/span><span style=\"font-family: Times New Roman, serif;\"><span style=\"font-size: large;\"> \u2013 napisa\u0142 + Abp Tarcisio Bertone.<\/span><\/span><\/p>\n<p><span style=\"font-family: Times New Roman, serif;\"><span style=\"font-size: medium;\"><span style=\"font-size: large;\">Te obietnice nie przemin\u0119\u0142y i nie przemijaj\u0105. To jest apel skierowany do ka\u017cdego z nas i dzisiaj Matka Bo\u017ca m\u00f3wi do mnie i do Ciebie :<\/span><\/span><\/span><\/p>\n<p><span style=\"font-family: Times New Roman, serif;\"><span style=\"font-size: medium;\"><span style=\"font-size: large;\">Przysz\u0142am upomnie\u0107 ludzi aby odmienili swoje \u017cycie\u2026.<\/span><\/span><\/span><\/p>\n<p><span style=\"font-family: Times New Roman, serif;\"><span style=\"font-size: medium;\"><span style=\"font-size: large;\">Pokutujcie i nawracajcie si\u0119.<\/span><\/span><\/span><\/p>\n<p><span style=\"font-family: Times New Roman, serif;\"><span style=\"font-size: medium;\"><span style=\"font-size: large;\">M\u00f3dlcie si\u0119 , m\u00f3dlcie si\u0119 wiele.<\/span><\/span><\/span><\/p>\n<p><span style=\"font-family: Times New Roman, serif;\"><span style=\"font-size: medium;\"><span style=\"font-size: large;\">Odmawiajcie codziennie r\u00f3\u017caniec.<\/span><\/span><\/span><\/p>\n<p><span style=\"font-family: Times New Roman, serif;\"><span style=\"font-size: medium;\"><span style=\"font-size: large;\">Czy\u0144cie ofiary za grzesznik\u00f3w.<\/span><\/span><\/span><\/p>\n<p><span style=\"font-family: Times New Roman, serif;\"><span style=\"font-size: medium;\"><span style=\"font-size: large;\">Pom\u00f3\u017ccie zwyci\u0119\u017cy\u0107 Memu Niepokalanemu Sercu.<\/span><\/span><\/span><\/p>\n<p>\u201e<span style=\"font-family: Times New Roman, serif;\"><span style=\"font-size: medium;\"><b><span style=\"font-size: large;\">Wezwanie Maryi nie jest jednorazowe . Jest otwarte coraz to nowym pokoleniom.<\/span><\/b><\/span><\/span><\/p>\n<p><span style=\"font-family: Times New Roman, serif;\"><span style=\"font-size: medium;\"><b><span style=\"font-size: large;\">Ku coraz to nowym znakom czasu. Trzeba do niego wci\u0105\u017c powraca\u0107.<\/span><\/b><\/span><\/span><\/p>\n<p><span style=\"font-family: Times New Roman, serif;\"><span style=\"font-size: medium;\"><b><span style=\"font-size: large;\">Podejmowa\u0107 je wci\u0105\u017c na nowo\u201d<\/span><\/b><\/span><\/span><\/p>\n<p><span style=\"font-family: Times New Roman, serif;\"><span style=\"font-size: medium;\"><b><span style=\"font-size: large;\">Jan Pawe\u0142 II, Fatima 13 maja 1982 r.<\/span><\/b><\/span><\/span><\/p>\n<p><span style=\"font-family: Times New Roman, serif;\"><span style=\"font-size: medium;\"><span style=\"font-size: large;\">\u017byjemy w dniach , w kt\u00f3rych wype\u0142niaj\u0105 si\u0119 wielkie zapowiedzi Fatimy, m\u00f3wi\u0105ce o tryumfie Niepokalanego Serca.<\/span><\/span><\/span><\/p>\n<p><span style=\"font-family: Times New Roman, serif;\"><span style=\"font-size: medium;\"><span style=\"font-size: large;\">Or\u0119dzie fatimskie wezwa\u0142o i nadal wzywa nas do nawr\u00f3cenia, modlitwy ,pokuty i ofiarowania si\u0119 Niepokalanemu Sercu Maryi.<\/span><\/span><\/span><\/p>\n<p><span style=\"font-family: Times New Roman, serif;\"><span style=\"font-size: medium;\"><span style=\"font-size: large;\">To jest prosta droga prowadz\u0105ca do spotkania w wieczno\u015bci z Bogiem, unikni\u0119cia kary ju\u017c za \u017cycia, tu na ziemi , bo ludzko\u015b\u0107 jak wielokrotnie powt\u00f3rzy\u0142a Maryja \u2013 zbyt mocno obrazi\u0142a Boga.<\/span><\/span><\/span><\/p>\n<p><span style=\"font-family: Times New Roman, serif;\"><span style=\"font-size: medium;\"><span style=\"font-size: large;\">Czy\u017c czas nie nagli.<\/span><\/span><\/span><\/p>\n<p><span style=\"font-family: Times New Roman, serif;\"><span style=\"font-size: medium;\"><span style=\"font-size: large;\">Przecie\u017c ka\u017cdego dnia Maryja mo\u017ce nam powt\u00f3rzy\u0107 swe s\u0142owa z lipca 1917 r. o piekle, do kt\u00f3rego idzie wielu biednych grzesznik\u00f3w.<\/span><\/span><\/span><\/p>\n<p><span style=\"font-family: Times New Roman, serif;\"><span style=\"font-size: medium;\"><span style=\"font-size: large;\">Bo przysz\u0142o\u015b\u0107 jest warunkowa .Tak wiele zale\u017cy od nas, jutro \u015bwiata jest w naszych r\u0119kach.<\/span><\/span><\/span><\/p>\n<p><span style=\"font-family: Times New Roman, serif;\"><span style=\"font-size: medium;\"><span style=\"font-size: large;\">Jak uczy\u0142 Jan Pawe\u0142 II \u201echrze\u015bcija\u0144stwo jest religi\u0105 wsp\u00f3\u0142dzia\u0142ania Boga i cz\u0142owieka. To tak\u017ce wsp\u00f3\u0142praca cz\u0142owieka z cz\u0142owiekiem\u201d.<\/span><\/span><\/span><\/p>\n<p><span style=\"font-family: Times New Roman, serif;\"><span style=\"font-size: medium;\"><b><span style=\"font-size: large;\">Wszyscy jeste\u015bmy zaproszeni do wsp\u00f3\u0142pracy z niebem w wype\u0142nianiu si\u0119 wielkich obietnic przekazanych przez Matk\u0119 Bo\u017c\u0105.<\/span><\/b><\/span><\/span><\/p>\n<p><span style=\"font-family: Times New Roman, serif;\"><span style=\"font-size: medium;\"><b><span style=\"font-size: large;\">B\u0105d\u017amy \u015bwiadkami jej nadchodz\u0105cego tryumfu ,na\u015bladuj\u0105c jej cnoty<\/span><\/b><\/span><\/span><\/p>\n","protected":false},"excerpt":{"rendered":"<p>13 lipca to wa\u017cna data dla wszystkich czcicieli Matki Bo\u017cej Fatimskiej. Tego dnia wspominamy bowiem kolejn\u0105 rocznic\u0119 trzeciego Objawienia Matki Bo\u017cej w Cova de Iriera. Fatimska Pani za po\u015brednictwem siostry \u0141ucji przekaza\u0142a nam, \u017ce przysz\u0142e losy \u015bwiata s\u0105 uzale\u017cnione od postawy ludzi. Dok\u0142adn\u0105 tre\u015b\u0107 tej tajemnicy poznali\u015bmy dopiero w czerwcu 2000 roku, kiedy to podczas Wielkiego Jubileuszu Chrze\u015bcija\u0144stwa, ujawni\u0142 j\u0105 papie\u017c Jan Pawe\u0142 II. W objawieniach fatimskich Matka Bo\u017ca przypomina nam o tych zapomnianych warto\u015bciach, o tej przysz\u0142o\u015bci cz\u0142owieka w Bogu, w kt\u00f3rej mamy czynny i odpowiedzialny udzia\u0142 \u2013 napisa\u0142 + Abp Tarcisio Bertone. Te obietnice nie przemin\u0119\u0142y i nie przemijaj\u0105. To jest apel skierowany do ka\u017cdego z nas i dzisiaj Matka Bo\u017ca m\u00f3wi do mnie i do Ciebie : Przysz\u0142am upomnie\u0107 ludzi aby odmienili swoje \u017cycie\u2026. Pokutujcie i nawracajcie si\u0119. M\u00f3dlcie si\u0119 , m\u00f3dlcie si\u0119 wiele. Odmawiajcie codziennie r\u00f3\u017caniec. Czy\u0144cie ofiary za grzesznik\u00f3w. Pom\u00f3\u017ccie zwyci\u0119\u017cy\u0107 Memu Niepokalanemu Sercu. \u201eWezwanie&hellip;<\/p>\n<p> <a class=\"more-link\" href=\"http:\/\/www.franciszek-walcz.pl\/?p=9621\">Czytaj dalej<\/a><\/p>\n","protected":false},"author":1,"featured_media":0,"comment_status":"closed","ping_status":"open","sticky":false,"template":"","format":"standard","meta":{"footnotes":""},"categories":[1],"tags":[],"class_list":{"0":"post-9621","1":"post","2":"type-post","3":"status-publish","4":"format-standard","6":"category-uncategorized"},"brizy_media":[],"_links":{"self":[{"href":"http:\/\/www.franciszek-walcz.pl\/index.php?rest_route=\/wp\/v2\/posts\/9621","targetHints":{"allow":["GET"]}}],"collection":[{"href":"http:\/\/www.franciszek-walcz.pl\/index.php?rest_route=\/wp\/v2\/posts"}],"about":[{"href":"http:\/\/www.franciszek-walcz.pl\/index.php?rest_route=\/wp\/v2\/types\/post"}],"author":[{"embeddable":true,"href":"http:\/\/www.franciszek-walcz.pl\/index.php?rest_route=\/wp\/v2\/users\/1"}],"replies":[{"embeddable":true,"href":"http:\/\/www.franciszek-walcz.pl\/index.php?rest_route=%2Fwp%2Fv2%2Fcomments&post=9621"}],"version-history":[{"count":1,"href":"http:\/\/www.franciszek-walcz.pl\/index.php?rest_route=\/wp\/v2\/posts\/9621\/revisions"}],"predecessor-version":[{"id":9622,"href":"http:\/\/www.franciszek-walcz.pl\/index.php?rest_route=\/wp\/v2\/posts\/9621\/revisions\/9622"}],"wp:attachment":[{"href":"http:\/\/www.franciszek-walcz.pl\/index.php?rest_route=%2Fwp%2Fv2%2Fmedia&parent=9621"}],"wp:term":[{"taxonomy":"category","embeddable":true,"href":"http:\/\/www.franciszek-walcz.pl\/index.php?rest_route=%2Fwp%2Fv2%2Fcategories&post=9621"},{"taxonomy":"post_tag","embeddable":true,"href":"http:\/\/www.franciszek-walcz.pl\/index.php?rest_route=%2Fwp%2Fv2%2Ftags&post=9621"}],"curies":[{"name":"wp","href":"https:\/\/api.w.org\/{rel}","templated":true}]}}