{"id":9623,"date":"2020-07-11T14:03:40","date_gmt":"2020-07-11T12:03:40","guid":{"rendered":"http:\/\/www.franciszek-walcz.pl\/?p=9623"},"modified":"2020-07-11T14:04:05","modified_gmt":"2020-07-11T12:04:05","slug":"utopieni-w-slowach-bez-znaczenia","status":"publish","type":"post","link":"http:\/\/www.franciszek-walcz.pl\/?p=9623","title":{"rendered":"Utopieni w s\u0142owach bez znaczenia"},"content":{"rendered":"<p align=\"justify\"><span style=\"font-family: Times New Roman, serif;\"><span style=\"font-size: medium;\"><span style=\"font-size: large;\">Zdewaluowa\u0142o si\u0119 s\u0142owo w dzisiejszym \u015bwiecie. Cieknie one zewsz\u0105d w nadmiarze i topi nas swoj\u0105 pustk\u0105 i bezsensem.\u00a0 Bezsensowne i okr\u0105g\u0142e mowy polityk\u00f3w, ja\u0142owe dyskusje, kt\u00f3re do niczego nie prowadz\u0105, wszechobecna i arogancka reklama, ha\u0142a\u015bliwa muzyka &#8230; wszystko to powoduje, \u017ce nasz s\u0142uch t\u0119pieje, ze wy\u0142\u0105czamy si\u0119 i nie s\u0142uchamy co si\u0119 do nas m\u00f3wi. Widoczne to jest w rozmowach mi\u0119dzy lud\u017ami, kto\u015b co\u015b m\u00f3wi, a jego s\u0142uchacz bezwiednie kiwa g\u0142ow\u0105 i beznami\u0119tnie powtarza: \u201eno, no, tak, oczywi\u015bcie\u201d zupe\u0142nie nie zwracaj\u0105c uwagi na to co inny do niego m\u00f3wi. Jeste\u015bmy zm\u0119czeni ha\u0142asem, strumieniami lej\u0105cego si\u0119 zewsz\u0105d s\u0142owa, kt\u00f3re nie niesie ze sob\u0105 \u017cadnych istotnych tre\u015bci. I aby si\u0119 przed tym broni\u0107 zamykamy uszy. Niby s\u0142uchamy, ale nie s\u0142yszymy, czasami s\u0142uchamy i s\u0142yszymy, ale nie rozumiemy, a nawet kiedy rozumiemy to niejednokrotnie nie akceptujemy tego co s\u0142yszymy. Pojawia si\u0119 jaka\u015b wielostopniowa i wielopoziomowa g\u0142uchota. S\u0142uchaj\u0105c i s\u0142ysz\u0105c, rozumiej\u0105c i nawet czasami akceptuj\u0105c, niejednokrotnie nie umiemy lub po prostu nie chcemy p\u00f3j\u015b\u0107 za us\u0142yszanym s\u0142owem, zastosowa\u0107 tego na co wyrazili\u015bmy nawet nasz\u0105 zgod\u0119.<\/span><\/span><\/span><\/p>\n<p align=\"justify\"><span style=\"font-family: Times New Roman, serif;\"><span style=\"font-size: medium;\"><span style=\"font-size: large;\">Dobrze, \u017ce si\u0119 w ten spos\u00f3b bronimy przed zalewem i powodzi\u0105 s\u0142\u00f3w bezsensownych, bez znaczenia, bez g\u0142\u0119bszej, wewn\u0119trznej tre\u015bci. Inaczej przecie\u017c nasz system nerwowy eksplodowa\u0142by w kr\u00f3tkim czasie z przesytu i nadmiaru absurdu, kt\u00f3ry nas pr\u00f3buje zagarn\u0105\u0107. Co wi\u0119cej, rozpowszechniony sceptycyzm i relatywizm powoduje, \u017ce do wszystkiego odnosimy si\u0119 z du\u017c\u0105 rezerw\u0105, \u017ce wszystko co do nas dociera odbieramy i przyjmujemy z nieufno\u015bci\u0105 i podejrzliwo\u015bci\u0105, zostawiaj\u0105c sobie zawsze furtk\u0119 w postaci: \u201emo\u017ce tak, a mo\u017ce nie, kto to wie?\u201d I znowu nale\u017cy powiedzie\u0107: \u201eto dobrze, \u017ce jeste\u015bmy nieufni, bo gdyby\u015bmy tak wszystko przyjmowali bezkrytycznie, to przecie\u017c tyle bzdur i z\u0142a pr\u00f3buje si\u0119 nam wciska\u0107, \u017ce od ich nadmiaru mo\u017cna by zwariowa\u0107\u201d.<\/span><\/span><\/span><\/p>\n<p align=\"justify\"><span style=\"font-family: Times New Roman, serif;\"><span style=\"font-size: medium;\"><span style=\"font-size: large;\">Z drugiej jednak strony ten wszechobecny i m\u0119cz\u0105cy ha\u0142as i szum, wszechogarniaj\u0105cy sceptycyzm i podejrzliwo\u015b\u0107 maj\u0105 i swoje ujemne skutki. Wszystkie te systemy obronne przenosimy bowiem bezkrytycznie na stosunek do S\u0142owa Bo\u017cego. Nie s\u0142uchamy Go, wy\u0142\u0105czamy si\u0119 i Ono do nas nie dociera. A kiedy nawet do nas dociera, bardzo cz\u0119sto nie zdajemy sobie trudu, aby je zg\u0142\u0119bi\u0107 czy zrozumie\u0107. Niejednokrotnie nawet zrozumiawszy, nie chcemy Go zaakceptowa\u0107, bo zbyt wiele od nas wymaga, bo jest czasami dla nas za bardzo radykalne. S\u0142uchaj\u0105c jeste\u015bmy g\u0142usi, rozumiej\u0105c nie chcemy przyj\u0105\u0107, przyjmuj\u0105c nie umiemy S\u0142owa Bo\u017cego wprowadzi\u0107 w czyn, bo tak wiele nam w tym przeszkadza.<\/span><\/span><\/span><\/p>\n<p align=\"justify\"><span style=\"font-family: Times New Roman, serif;\"><span style=\"font-size: medium;\"><span style=\"font-size: large;\">O tym wszystkim m\u00f3wi Jezus w dzisiejszej Ewangelii u\u017cywaj\u0105c paraboli o siewcy, podsumowuj\u0105c j\u0105 na zako\u0144czenie: &#8222;<\/span><span style=\"font-size: large;\"><i><b>S\u0142uchacie a nie rozumiecie, patrzycie a nie widzicie, bo stwardnia\u0142o wasze serce i uszy wasze st\u0119pia\u0142y<\/b><\/i><\/span><span style=\"font-size: large;\">&#8221; Czy zdajemy sobie spraw\u0119 z tego, ze w ten spos\u00f3b odcinamy si\u0119 od Prawdy, od \u017bycia, od samego Boga, Kt\u00f3ry przecie\u017c pos\u0142a\u0142 swoje S\u0142owo Przedwieczne nie po to, aby Ono nas zala\u0142o powodzi\u0105 bezsensu i pustki, ale po to, aby nas zbawi\u0107?<\/span><\/span><\/span><\/p>\n<p align=\"justify\">\u00a0<span style=\"font-family: Times New Roman, serif;\"><span style=\"font-size: medium;\"><span style=\"font-size: large;\">I tak oto -z naszej winy- S\u0142owo Bo\u017ce pozostaje bezskuteczne i bezowocne w naszym \u017cyciu, bo s\u0142uchaj\u0105c Go nie s\u0142yszymy, nie rozumiemy, nie akceptujemy, nie zg\u0142\u0119biamy i nie wprowadzamy w \u017cycie, bo wydziobuj\u0105 je ptaki sceptycyzmu, bo zag\u0142uszaj\u0105 je ciernie lenistwa i trosk codziennych, bo wysycha ono na pustyni naszych zatwardzia\u0142ych serc.<\/span><\/span><\/span><\/p>\n<p align=\"justify\"><span style=\"font-family: Times New Roman, serif;\"><span style=\"font-size: medium;\"><span style=\"font-size: large;\"><b>A gdyby\u015bmy Je przyj\u0119li wyda\u0142oby Ono w nas plon &#8230; wielokrotny plon dobra.<\/b><\/span><\/span><\/span><\/p>\n","protected":false},"excerpt":{"rendered":"<p>Zdewaluowa\u0142o si\u0119 s\u0142owo w dzisiejszym \u015bwiecie. Cieknie one zewsz\u0105d w nadmiarze i topi nas swoj\u0105 pustk\u0105 i bezsensem.\u00a0 Bezsensowne i okr\u0105g\u0142e mowy polityk\u00f3w, ja\u0142owe dyskusje, kt\u00f3re do niczego nie prowadz\u0105, wszechobecna i arogancka reklama, ha\u0142a\u015bliwa muzyka &#8230; wszystko to powoduje, \u017ce nasz s\u0142uch t\u0119pieje, ze wy\u0142\u0105czamy si\u0119 i nie s\u0142uchamy co si\u0119 do nas m\u00f3wi. Widoczne to jest w rozmowach mi\u0119dzy lud\u017ami, kto\u015b co\u015b m\u00f3wi, a jego s\u0142uchacz bezwiednie kiwa g\u0142ow\u0105 i beznami\u0119tnie powtarza: \u201eno, no, tak, oczywi\u015bcie\u201d zupe\u0142nie nie zwracaj\u0105c uwagi na to co inny do niego m\u00f3wi. Jeste\u015bmy zm\u0119czeni ha\u0142asem, strumieniami lej\u0105cego si\u0119 zewsz\u0105d s\u0142owa, kt\u00f3re nie niesie ze sob\u0105 \u017cadnych istotnych tre\u015bci. I aby si\u0119 przed tym broni\u0107 zamykamy uszy. Niby s\u0142uchamy, ale nie s\u0142yszymy, czasami s\u0142uchamy i s\u0142yszymy, ale nie rozumiemy, a nawet kiedy rozumiemy to niejednokrotnie nie akceptujemy tego co s\u0142yszymy. Pojawia si\u0119 jaka\u015b wielostopniowa i wielopoziomowa g\u0142uchota. S\u0142uchaj\u0105c i s\u0142ysz\u0105c, rozumiej\u0105c i nawet czasami&hellip;<\/p>\n<p> <a class=\"more-link\" href=\"http:\/\/www.franciszek-walcz.pl\/?p=9623\">Czytaj dalej<\/a><\/p>\n","protected":false},"author":1,"featured_media":0,"comment_status":"closed","ping_status":"open","sticky":false,"template":"","format":"standard","meta":{"footnotes":""},"categories":[5],"tags":[],"class_list":{"0":"post-9623","1":"post","2":"type-post","3":"status-publish","4":"format-standard","6":"category-artykuly"},"brizy_media":[],"_links":{"self":[{"href":"http:\/\/www.franciszek-walcz.pl\/index.php?rest_route=\/wp\/v2\/posts\/9623","targetHints":{"allow":["GET"]}}],"collection":[{"href":"http:\/\/www.franciszek-walcz.pl\/index.php?rest_route=\/wp\/v2\/posts"}],"about":[{"href":"http:\/\/www.franciszek-walcz.pl\/index.php?rest_route=\/wp\/v2\/types\/post"}],"author":[{"embeddable":true,"href":"http:\/\/www.franciszek-walcz.pl\/index.php?rest_route=\/wp\/v2\/users\/1"}],"replies":[{"embeddable":true,"href":"http:\/\/www.franciszek-walcz.pl\/index.php?rest_route=%2Fwp%2Fv2%2Fcomments&post=9623"}],"version-history":[{"count":1,"href":"http:\/\/www.franciszek-walcz.pl\/index.php?rest_route=\/wp\/v2\/posts\/9623\/revisions"}],"predecessor-version":[{"id":9643,"href":"http:\/\/www.franciszek-walcz.pl\/index.php?rest_route=\/wp\/v2\/posts\/9623\/revisions\/9643"}],"wp:attachment":[{"href":"http:\/\/www.franciszek-walcz.pl\/index.php?rest_route=%2Fwp%2Fv2%2Fmedia&parent=9623"}],"wp:term":[{"taxonomy":"category","embeddable":true,"href":"http:\/\/www.franciszek-walcz.pl\/index.php?rest_route=%2Fwp%2Fv2%2Fcategories&post=9623"},{"taxonomy":"post_tag","embeddable":true,"href":"http:\/\/www.franciszek-walcz.pl\/index.php?rest_route=%2Fwp%2Fv2%2Ftags&post=9623"}],"curies":[{"name":"wp","href":"https:\/\/api.w.org\/{rel}","templated":true}]}}