{"id":9826,"date":"2020-08-01T14:20:05","date_gmt":"2020-08-01T12:20:05","guid":{"rendered":"http:\/\/www.franciszek-walcz.pl\/?p=9826"},"modified":"2020-08-01T14:20:05","modified_gmt":"2020-08-01T12:20:05","slug":"przeslanie-biskupa-polowego-wojska-polskiego-jozefa-guzdka-z-okazji-76-rocznicy-wybuchu-powstania-warszawskiego","status":"publish","type":"post","link":"http:\/\/www.franciszek-walcz.pl\/?p=9826","title":{"rendered":"PRZES\u0141ANIE BISKUPA POLOWEGO WOJSKA POLSKIEGO J\u00d3ZEFA GUZDKA Z OKAZJI 76. ROCZNICY WYBUCHU POWSTANIA WARSZAWSKIEGO"},"content":{"rendered":"<p><span style=\"font-family: Times New Roman, serif;\"><span style=\"font-size: large;\">Za kilka dni b\u0119dziemy obchodzi\u0107 76. rocznic\u0119 wybuchu Powstania Warszawskiego, kt\u00f3ra przypomni nam bohatersk\u0105 postaw\u0119 powsta\u0144c\u00f3w oraz ofiarn\u0105 pomoc i wsparcie mieszka\u0144c\u00f3w Stolicy. <\/span><\/span><\/p>\n<p><span style=\"font-family: Times New Roman, serif;\"><span style=\"font-size: large;\">G\u0142\u00f3wnym motywem podj\u0119cia walki by\u0142o d\u0105\u017cenie do odzyskania niepodleg\u0142o\u015bci i wzi\u0119cie w swoje r\u0119ce odpowiedzialno\u015bci za przysz\u0142o\u015b\u0107 narodu i pa\u0144stwa polskiego. 63 dni walki sta\u0142y si\u0119 powodem zdumienia dla wszystkich pa\u0144stw naszego kontynentu i g\u0142o\u015bnym krzykiem o wolno\u015b\u0107 i niezale\u017cno\u015b\u0107, jaki rozleg\u0142 si\u0119 w okupowanej Europie. <\/span><\/span><\/p>\n<p><span style=\"font-family: Times New Roman, serif;\"><span style=\"font-size: large;\">Wspominaj\u0105c tamten zryw sprzed 76 lat, oddajmy ho\u0142d wszystkim uczestnikom Powstania Warszawskiego, a tak\u017ce mieszka\u0144com stolicy, kt\u00f3rzy wspierali \u017co\u0142nierzy walcz\u0105cych o godno\u015b\u0107, dobro i sprawiedliwo\u015b\u0107. <\/span><\/span><\/p>\n<p><span style=\"font-family: Times New Roman, serif;\"><span style=\"font-size: large;\">Pragn\u0119 zach\u0119ci\u0107 wszystkich do modlitwy w intencji poleg\u0142ych i zmar\u0142ych Powsta\u0144c\u00f3w Warszawskich oraz mieszka\u0144c\u00f3w Warszawy. W katedrze polowej 31 sierpnia br., o godz. 18.00 odprawi\u0119 Msz\u0119 \u015bw., w rygorze obowi\u0105zuj\u0105cych zasad sanitarnych. Na stronie internetowej Ordynariatu Polowego b\u0119dzie przeprowadzona transmisja <\/span><\/span><span style=\"font-family: Times New Roman, serif;\"><span style=\"font-size: large;\"><i>on line<\/i><\/span><\/span><span style=\"font-family: Times New Roman, serif;\"><span style=\"font-size: large;\">. Zapraszam do \u0142\u0105czno\u015bci duchowej oraz indywidualnej i rodzinnej modlitwy. <\/span><\/span><\/p>\n<p><span style=\"font-family: Times New Roman, serif;\"><span style=\"font-size: large;\">Ksi\u0119\u017cy kapelan\u00f3w zobowi\u0105zuj\u0119, aby 1 sierpnia, o godz. 17.00 \u2013 w godzin\u0119 \u201eW\u201d \u2013 odezwa\u0142y si\u0119 dzwony ko\u015bcio\u0142\u00f3w i kaplic garnizonowych w ca\u0142ym kraju. Niech ich g\u0142os b\u0119dzie wezwaniem do modlitwy, refleksji oraz wo\u0142aniem o wzajemny szacunek. W modlitwie powszechnej podczas Mszy \u015bw. polecam dodanie wezwania za \u017cyj\u0105cych, a tak\u017ce za poleg\u0142ych i zmar\u0142ych Powsta\u0144c\u00f3w Warszawskich. <\/span><\/span><\/p>\n<p><span style=\"font-family: Times New Roman, serif;\"><span style=\"font-size: large;\">Wspominaj\u0105c minione wydarzenia, przypominajmy sobie i innym, \u017ce nie tylko s\u0142owami, ale przede wszystkim czynem mamy dawa\u0107 \u015bwiadectwo umi\u0142owania Ojczyzny. <\/span><\/span><\/p>\n<p><span style=\"font-family: Times New Roman, serif;\"><span style=\"font-size: large;\">Wszystkim, kt\u00f3rzy w jakikolwiek spos\u00f3b w\u0142\u0105cz\u0105 si\u0119 w upami\u0119tnienie Powstania Warszawskiego udzielam pasterskiego b\u0142ogos\u0142awie\u0144stwa. <\/span><\/span><\/p>\n<p><span style=\"font-family: Times New Roman, serif;\"><span style=\"font-size: large;\">bp J\u00f3zef Guzdek<br \/>\nBiskup Polowy Wojska Polskiego <\/span><\/span><\/p>\n<p><span style=\"font-family: Times New Roman, serif;\"><span style=\"font-size: large;\">Warszawa, 26 lipca 2020 roku <\/span><\/span><\/p>\n","protected":false},"excerpt":{"rendered":"<p>Za kilka dni b\u0119dziemy obchodzi\u0107 76. rocznic\u0119 wybuchu Powstania Warszawskiego, kt\u00f3ra przypomni nam bohatersk\u0105 postaw\u0119 powsta\u0144c\u00f3w oraz ofiarn\u0105 pomoc i wsparcie mieszka\u0144c\u00f3w Stolicy. G\u0142\u00f3wnym motywem podj\u0119cia walki by\u0142o d\u0105\u017cenie do odzyskania niepodleg\u0142o\u015bci i wzi\u0119cie w swoje r\u0119ce odpowiedzialno\u015bci za przysz\u0142o\u015b\u0107 narodu i pa\u0144stwa polskiego. 63 dni walki sta\u0142y si\u0119 powodem zdumienia dla wszystkich pa\u0144stw naszego kontynentu i g\u0142o\u015bnym krzykiem o wolno\u015b\u0107 i niezale\u017cno\u015b\u0107, jaki rozleg\u0142 si\u0119 w okupowanej Europie. Wspominaj\u0105c tamten zryw sprzed 76 lat, oddajmy ho\u0142d wszystkim uczestnikom Powstania Warszawskiego, a tak\u017ce mieszka\u0144com stolicy, kt\u00f3rzy wspierali \u017co\u0142nierzy walcz\u0105cych o godno\u015b\u0107, dobro i sprawiedliwo\u015b\u0107. Pragn\u0119 zach\u0119ci\u0107 wszystkich do modlitwy w intencji poleg\u0142ych i zmar\u0142ych Powsta\u0144c\u00f3w Warszawskich oraz mieszka\u0144c\u00f3w Warszawy. W katedrze polowej 31 sierpnia br., o godz. 18.00 odprawi\u0119 Msz\u0119 \u015bw., w rygorze obowi\u0105zuj\u0105cych zasad sanitarnych. Na stronie internetowej Ordynariatu Polowego b\u0119dzie przeprowadzona transmisja on line. Zapraszam do \u0142\u0105czno\u015bci duchowej oraz indywidualnej i rodzinnej modlitwy. Ksi\u0119\u017cy kapelan\u00f3w zobowi\u0105zuj\u0119, aby 1&hellip;<\/p>\n<p> <a class=\"more-link\" href=\"http:\/\/www.franciszek-walcz.pl\/?p=9826\">Czytaj dalej<\/a><\/p>\n","protected":false},"author":1,"featured_media":0,"comment_status":"closed","ping_status":"open","sticky":false,"template":"","format":"standard","meta":{"footnotes":""},"categories":[4],"tags":[],"class_list":{"0":"post-9826","1":"post","2":"type-post","3":"status-publish","4":"format-standard","6":"category-ogloszenia"},"brizy_media":[],"_links":{"self":[{"href":"http:\/\/www.franciszek-walcz.pl\/index.php?rest_route=\/wp\/v2\/posts\/9826","targetHints":{"allow":["GET"]}}],"collection":[{"href":"http:\/\/www.franciszek-walcz.pl\/index.php?rest_route=\/wp\/v2\/posts"}],"about":[{"href":"http:\/\/www.franciszek-walcz.pl\/index.php?rest_route=\/wp\/v2\/types\/post"}],"author":[{"embeddable":true,"href":"http:\/\/www.franciszek-walcz.pl\/index.php?rest_route=\/wp\/v2\/users\/1"}],"replies":[{"embeddable":true,"href":"http:\/\/www.franciszek-walcz.pl\/index.php?rest_route=%2Fwp%2Fv2%2Fcomments&post=9826"}],"version-history":[{"count":1,"href":"http:\/\/www.franciszek-walcz.pl\/index.php?rest_route=\/wp\/v2\/posts\/9826\/revisions"}],"predecessor-version":[{"id":9827,"href":"http:\/\/www.franciszek-walcz.pl\/index.php?rest_route=\/wp\/v2\/posts\/9826\/revisions\/9827"}],"wp:attachment":[{"href":"http:\/\/www.franciszek-walcz.pl\/index.php?rest_route=%2Fwp%2Fv2%2Fmedia&parent=9826"}],"wp:term":[{"taxonomy":"category","embeddable":true,"href":"http:\/\/www.franciszek-walcz.pl\/index.php?rest_route=%2Fwp%2Fv2%2Fcategories&post=9826"},{"taxonomy":"post_tag","embeddable":true,"href":"http:\/\/www.franciszek-walcz.pl\/index.php?rest_route=%2Fwp%2Fv2%2Ftags&post=9826"}],"curies":[{"name":"wp","href":"https:\/\/api.w.org\/{rel}","templated":true}]}}