{"id":990,"date":"2017-07-22T11:17:34","date_gmt":"2017-07-22T09:17:34","guid":{"rendered":"http:\/\/www.franciszek-walcz.pl\/?p=990"},"modified":"2017-07-22T11:17:34","modified_gmt":"2017-07-22T09:17:34","slug":"cel-nie-uswieca-srodkow","status":"publish","type":"post","link":"http:\/\/www.franciszek-walcz.pl\/?p=990","title":{"rendered":"Cel nie u\u015bwi\u0119ca \u015brodk\u00f3w&#8230;"},"content":{"rendered":"<p><img loading=\"lazy\" decoding=\"async\" class=\"size-medium wp-image-991 alignleft\" src=\"http:\/\/www.franciszek-walcz.pl\/wp-content\/uploads\/2017\/07\/f74-300x115.jpg\" alt=\"\" width=\"300\" height=\"115\" \/>Zasadniczo wiemy, \u017ce cel nie u\u015bwi\u0119ca \u015brodk\u00f3w. Warto jednak to sobie przypomina\u0107, bo niekiedy, ca\u0142kiem po cichu i niespodziewanie, tak w\u0142a\u015bnie zaczynamy dzia\u0142a\u0107.<\/p>\n<p>Wojny, kt\u00f3re przysz\u0142o nam ogl\u0105da\u0107 w ostatnich latach na ekranach telewizor\u00f3w, pokaza\u0142y bardzo wyra\u017anie, \u017ce usuwanie z\u0142a przynosi ofiary tak\u017ce w\u015br\u00f3d niewinnych ludzi. Co gorsza, te ofiary zostaj\u0105 \u00a0wkalkulowane w koszta wojen. Dzisiejsza Ewangelia prowadzi nas jednak zupe\u0142nie innymi drogami. Trzeba wpierw patrze\u0107 na to, co dobre! O dobro trzeba zadba\u0107!<\/p>\n<p>Pytanie, kt\u00f3re stawiaj\u0105 s\u0142udzy, \u201eCzy mamy i\u015b\u0107 i usun\u0105\u0107 chwast?&#8221;: powraca cz\u0119sto, cho\u0107by w \u00a0naszym zastanawianiu si\u0119: jak usun\u0105\u0107 z\u0142o ze \u015bwiata? Znamienna jest jednak odpowied\u017a, kt\u00f3r\u0105 s\u0142ysz\u0105 s\u0142udzy, gdy chc\u0105 i\u015b\u0107 i natychmiast usun\u0105\u0107 chwast: \u201epozw\u00f3lcie r\u00f3\u015b\u0107 obojgu a\u017c do \u017cniwa&#8221;. Zostaj\u0105 powstrzymani. Wpierw trzeba bowiem umocni\u0107 to, co jest dobre. Trzeba pozwoli\u0107, by dobro si\u0119 zakorzeni\u0142o, a dopiero potem rugowa\u0107 z\u0142o.<\/p>\n<p>Gdy cz\u0142owiek rozumie wielko\u015b\u0107 z\u0142a i zale\u017cy mu na tym, co dobre, mo\u017ce mie\u0107 ochot\u0119 &#8211; podobnie jak s\u0142udzy z ewangelicznej przypowie\u015bci &#8211; by bezwzgl\u0119dnie je usuwa\u0107. Jezus pokazuje nam jednak, \u017ce trzeba wykaza\u0107 wiele roztropno\u015bci w walce ze z\u0142em. Bo w walce ze z\u0142em nie wystarcz\u0105 ani szczere ch\u0119ci, ani nawet &#8211; jak nam si\u0119 cz\u0119sto zdaje &#8211; zdecydowana walka. Przy braku roztropno\u015bci mo\u017cna niechc\u0105cy wi\u0119cej zniszczy\u0107, ni\u017c zbudowa\u0107.<\/p>\n<p>Ta nauka jest \u00a0wa\u017cna, gdy pomy\u015blimy o ludziach, mo\u017ce zw\u0142aszcza m\u0142odych, w wierze jeszcze nieugruntowanych. Wobec niekt\u00f3rych zachowa\u0144 chcia\u0142oby si\u0119 niekiedy zareagowa\u0107 w spos\u00f3b zdecydowany, ucinaj\u0105c wszelkie w\u0105tpliwo\u015bci . Czy jednak nie by\u0142by to jaki\u015b znak braku nadziei; braku wiary, \u017ce cz\u0142owiek mo\u017ce si\u0119 zmieni\u0107 i \u017ce \u201epraca nad innymi&#8221; &#8211; podobnie jak nasza \u201epraca nad sob\u0105&#8221; &#8211; ma sens.<\/p>\n","protected":false},"excerpt":{"rendered":"<p>Zasadniczo wiemy, \u017ce cel nie u\u015bwi\u0119ca \u015brodk\u00f3w. Warto jednak to sobie przypomina\u0107, bo niekiedy, ca\u0142kiem po cichu i niespodziewanie, tak w\u0142a\u015bnie zaczynamy dzia\u0142a\u0107. Wojny, kt\u00f3re przysz\u0142o nam ogl\u0105da\u0107 w ostatnich latach na ekranach telewizor\u00f3w, pokaza\u0142y bardzo wyra\u017anie, \u017ce usuwanie z\u0142a przynosi ofiary tak\u017ce w\u015br\u00f3d niewinnych ludzi. Co gorsza, te ofiary zostaj\u0105 \u00a0wkalkulowane w koszta wojen. Dzisiejsza Ewangelia prowadzi nas jednak zupe\u0142nie innymi drogami. Trzeba wpierw patrze\u0107 na to, co dobre! O dobro trzeba zadba\u0107! Pytanie, kt\u00f3re stawiaj\u0105 s\u0142udzy, \u201eCzy mamy i\u015b\u0107 i usun\u0105\u0107 chwast?&#8221;: powraca cz\u0119sto, cho\u0107by w \u00a0naszym zastanawianiu si\u0119: jak usun\u0105\u0107 z\u0142o ze \u015bwiata? Znamienna jest jednak odpowied\u017a, kt\u00f3r\u0105 s\u0142ysz\u0105 s\u0142udzy, gdy chc\u0105 i\u015b\u0107 i natychmiast usun\u0105\u0107 chwast: \u201epozw\u00f3lcie r\u00f3\u015b\u0107 obojgu a\u017c do \u017cniwa&#8221;. Zostaj\u0105 powstrzymani. Wpierw trzeba bowiem umocni\u0107 to, co jest dobre. Trzeba pozwoli\u0107, by dobro si\u0119 zakorzeni\u0142o, a dopiero potem rugowa\u0107 z\u0142o. Gdy cz\u0142owiek rozumie wielko\u015b\u0107 z\u0142a i zale\u017cy mu na tym, co dobre, mo\u017ce&hellip;<\/p>\n<p> <a class=\"more-link\" href=\"http:\/\/www.franciszek-walcz.pl\/?p=990\">Czytaj dalej<\/a><\/p>\n","protected":false},"author":1,"featured_media":0,"comment_status":"open","ping_status":"open","sticky":false,"template":"","format":"standard","meta":{"footnotes":""},"categories":[5],"tags":[],"class_list":{"0":"post-990","1":"post","2":"type-post","3":"status-publish","4":"format-standard","6":"category-artykuly"},"brizy_media":[],"_links":{"self":[{"href":"http:\/\/www.franciszek-walcz.pl\/index.php?rest_route=\/wp\/v2\/posts\/990","targetHints":{"allow":["GET"]}}],"collection":[{"href":"http:\/\/www.franciszek-walcz.pl\/index.php?rest_route=\/wp\/v2\/posts"}],"about":[{"href":"http:\/\/www.franciszek-walcz.pl\/index.php?rest_route=\/wp\/v2\/types\/post"}],"author":[{"embeddable":true,"href":"http:\/\/www.franciszek-walcz.pl\/index.php?rest_route=\/wp\/v2\/users\/1"}],"replies":[{"embeddable":true,"href":"http:\/\/www.franciszek-walcz.pl\/index.php?rest_route=%2Fwp%2Fv2%2Fcomments&post=990"}],"version-history":[{"count":1,"href":"http:\/\/www.franciszek-walcz.pl\/index.php?rest_route=\/wp\/v2\/posts\/990\/revisions"}],"predecessor-version":[{"id":992,"href":"http:\/\/www.franciszek-walcz.pl\/index.php?rest_route=\/wp\/v2\/posts\/990\/revisions\/992"}],"wp:attachment":[{"href":"http:\/\/www.franciszek-walcz.pl\/index.php?rest_route=%2Fwp%2Fv2%2Fmedia&parent=990"}],"wp:term":[{"taxonomy":"category","embeddable":true,"href":"http:\/\/www.franciszek-walcz.pl\/index.php?rest_route=%2Fwp%2Fv2%2Fcategories&post=990"},{"taxonomy":"post_tag","embeddable":true,"href":"http:\/\/www.franciszek-walcz.pl\/index.php?rest_route=%2Fwp%2Fv2%2Ftags&post=990"}],"curies":[{"name":"wp","href":"https:\/\/api.w.org\/{rel}","templated":true}]}}