{"id":9927,"date":"2020-08-08T17:01:09","date_gmt":"2020-08-08T15:01:09","guid":{"rendered":"http:\/\/www.franciszek-walcz.pl\/?p=9927"},"modified":"2020-08-08T17:01:25","modified_gmt":"2020-08-08T15:01:25","slug":"apel-przewodniczacego-konferencji-episkopatu-polski-o-pomoc-dla-mieszkancow-bejrutu","status":"publish","type":"post","link":"http:\/\/www.franciszek-walcz.pl\/?p=9927","title":{"rendered":"Apel Przewodnicz\u0105cego Konferencji Episkopatu Polski o pomoc dla mieszka\u0144c\u00f3w Bejrutu"},"content":{"rendered":"<p><span style=\"font-family: Times New Roman, serif;\"><span style=\"font-size: large;\">We wtorek dnia 4 sierpnia br. ca\u0142y \u015bwiat obieg\u0142y wstrz\u0105saj\u0105ce relacje z Bejrutu, w kt\u00f3rym dosz\u0142o do pot\u0119\u017cnej eksplozji materia\u0142\u00f3w wybuchowych. Wydarzenie okaza\u0142o si\u0119 tragiczne w skutkach, a skala zniszcze\u0144 \u2013 pora\u017caj\u0105ca. 150 ofiar \u015bmiertelnych (a liczba ci\u0105gle wzrasta), ponad 5 tys. rannych i szkody materialne opiewaj\u0105ce na miliardy dolar\u00f3w.<\/span><\/span><\/p>\n<p>Cierpi\u0105cy mieszka\u0144cy Bejrutu potrzebuj\u0105 naszej modlitwy oraz wsparcia materialnego. Jako Ko\u015bci\u00f3\u0142 w Polsce uruchomili\u015bmy natychmiast dost\u0119pne \u015brodki pomocowe za po\u015brednictwem Caritas Polska. Potrzeby s\u0105 jednak du\u017co wi\u0119ksze. Podobnie jak przychodzili\u015bmy z pomoc\u0105 ofiarom innych tragedii, r\u00f3wnie\u017c teraz chcemy pokaza\u0107 nasze szlachetne polskie serca i w spos\u00f3b konkretny da\u0107 wyraz naszej braterskiej mi\u0142o\u015bci.<\/p>\n<p>Zwracam si\u0119 wi\u0119c z gor\u0105cym apelem, aby niedziela 16 sierpnia br. sta\u0142a si\u0119 Dniem solidarno\u015bci z mieszka\u0144cami Bejrutu. Prosz\u0119, aby we wszystkich ko\u015bcio\u0142ach i kaplicach w Polsce, w modlitwie powszechnej doda\u0107 wezwanie za \u017cywe i zmar\u0142e ofiary tragedii. Prosz\u0119 r\u00f3wnie\u017c, aby tego dnia, przed wszystkimi ko\u015bcio\u0142ami i kaplicami w Polsce, po wszystkich Mszach \u015awi\u0119tych zorganizowa\u0107 zbi\u00f3rk\u0119 \u015brodk\u00f3w finansowych, kt\u00f3re za po\u015brednictwem Caritas Polska, zostan\u0105 przekazane na rzecz poszkodowanych.<\/p>\n<p>Dzi\u0119kuj\u0119 wszystkim za pomoc ju\u017c ofiarowan\u0105, zw\u0142aszcza polskim stra\u017cakom i medykom, kt\u00f3rzy nazajutrz po tragedii udali si\u0119 na miejsce wypadku, aby \u015bwiadczy\u0107 dora\u017an\u0105 pomoc i walczy\u0107 o zdrowie i \u017cycie ofiar tragedii. Dzi\u0119kuj\u0119 ju\u017c dzi\u015b wszystkim, kt\u00f3rzy solidarnie i dobrodusznie wespr\u0105 ofiary wydarze\u0144 w Bejrucie.<br \/>\nWszystkim z serca b\u0142ogos\u0142awi\u0119,<\/p>\n<p>+ Stanis\u0142aw G\u0105decki<br \/>\nArcybiskup Metropolita Pozna\u0144ski<br \/>\nPrzewodnicz\u0105cy Konferencji Episkopatu Polski<br \/>\nWiceprzewodnicz\u0105cy Rady Konferencji Episkopat\u00f3w Europy (CCEE)<\/p>\n","protected":false},"excerpt":{"rendered":"<p>We wtorek dnia 4 sierpnia br. ca\u0142y \u015bwiat obieg\u0142y wstrz\u0105saj\u0105ce relacje z Bejrutu, w kt\u00f3rym dosz\u0142o do pot\u0119\u017cnej eksplozji materia\u0142\u00f3w wybuchowych. Wydarzenie okaza\u0142o si\u0119 tragiczne w skutkach, a skala zniszcze\u0144 \u2013 pora\u017caj\u0105ca. 150 ofiar \u015bmiertelnych (a liczba ci\u0105gle wzrasta), ponad 5 tys. rannych i szkody materialne opiewaj\u0105ce na miliardy dolar\u00f3w. Cierpi\u0105cy mieszka\u0144cy Bejrutu potrzebuj\u0105 naszej modlitwy oraz wsparcia materialnego. Jako Ko\u015bci\u00f3\u0142 w Polsce uruchomili\u015bmy natychmiast dost\u0119pne \u015brodki pomocowe za po\u015brednictwem Caritas Polska. Potrzeby s\u0105 jednak du\u017co wi\u0119ksze. Podobnie jak przychodzili\u015bmy z pomoc\u0105 ofiarom innych tragedii, r\u00f3wnie\u017c teraz chcemy pokaza\u0107 nasze szlachetne polskie serca i w spos\u00f3b konkretny da\u0107 wyraz naszej braterskiej mi\u0142o\u015bci. Zwracam si\u0119 wi\u0119c z gor\u0105cym apelem, aby niedziela 16 sierpnia br. sta\u0142a si\u0119 Dniem solidarno\u015bci z mieszka\u0144cami Bejrutu. Prosz\u0119, aby we wszystkich ko\u015bcio\u0142ach i kaplicach w Polsce, w modlitwie powszechnej doda\u0107 wezwanie za \u017cywe i zmar\u0142e ofiary tragedii. Prosz\u0119 r\u00f3wnie\u017c, aby tego dnia, przed wszystkimi ko\u015bcio\u0142ami i kaplicami&hellip;<\/p>\n<p> <a class=\"more-link\" href=\"http:\/\/www.franciszek-walcz.pl\/?p=9927\">Czytaj dalej<\/a><\/p>\n","protected":false},"author":1,"featured_media":0,"comment_status":"closed","ping_status":"open","sticky":false,"template":"","format":"standard","meta":{"footnotes":""},"categories":[1],"tags":[],"class_list":{"0":"post-9927","1":"post","2":"type-post","3":"status-publish","4":"format-standard","6":"category-uncategorized"},"brizy_media":[],"_links":{"self":[{"href":"http:\/\/www.franciszek-walcz.pl\/index.php?rest_route=\/wp\/v2\/posts\/9927","targetHints":{"allow":["GET"]}}],"collection":[{"href":"http:\/\/www.franciszek-walcz.pl\/index.php?rest_route=\/wp\/v2\/posts"}],"about":[{"href":"http:\/\/www.franciszek-walcz.pl\/index.php?rest_route=\/wp\/v2\/types\/post"}],"author":[{"embeddable":true,"href":"http:\/\/www.franciszek-walcz.pl\/index.php?rest_route=\/wp\/v2\/users\/1"}],"replies":[{"embeddable":true,"href":"http:\/\/www.franciszek-walcz.pl\/index.php?rest_route=%2Fwp%2Fv2%2Fcomments&post=9927"}],"version-history":[{"count":2,"href":"http:\/\/www.franciszek-walcz.pl\/index.php?rest_route=\/wp\/v2\/posts\/9927\/revisions"}],"predecessor-version":[{"id":9929,"href":"http:\/\/www.franciszek-walcz.pl\/index.php?rest_route=\/wp\/v2\/posts\/9927\/revisions\/9929"}],"wp:attachment":[{"href":"http:\/\/www.franciszek-walcz.pl\/index.php?rest_route=%2Fwp%2Fv2%2Fmedia&parent=9927"}],"wp:term":[{"taxonomy":"category","embeddable":true,"href":"http:\/\/www.franciszek-walcz.pl\/index.php?rest_route=%2Fwp%2Fv2%2Fcategories&post=9927"},{"taxonomy":"post_tag","embeddable":true,"href":"http:\/\/www.franciszek-walcz.pl\/index.php?rest_route=%2Fwp%2Fv2%2Ftags&post=9927"}],"curies":[{"name":"wp","href":"https:\/\/api.w.org\/{rel}","templated":true}]}}