{"id":9935,"date":"2020-08-08T17:09:52","date_gmt":"2020-08-08T15:09:52","guid":{"rendered":"http:\/\/www.franciszek-walcz.pl\/?p=9935"},"modified":"2020-08-08T17:10:30","modified_gmt":"2020-08-08T15:10:30","slug":"dlaczego-watpisz-czlowieku-malej-wiary-2","status":"publish","type":"post","link":"http:\/\/www.franciszek-walcz.pl\/?p=9935","title":{"rendered":"Dlaczego w\u0105tpisz cz\u0142owieku ma\u0142ej wiary?"},"content":{"rendered":"<p><span style=\"font-family: Times New Roman, serif;\"><span style=\"font-size: medium;\"><span style=\"font-size: large;\">Spektakularny cud chodzenia po wodzie, wydaje si\u0119 by\u0107 -co najmniej- niezrozumia\u0142y. Jezus krocz\u0105cy po wodzie jest dla -walcz\u0105cych z silnym wiatrem i wzburzonymi falami- uczni\u00f3w zjaw\u0105, przera\u017ca ich, nie wiedz\u0105 jak na to zareagowa\u0107. Oni, znaj\u0105cy si\u0119 przecie\u017c na swoim rzemio\u015ble nie mog\u0105 sobie poradzi\u0107 z \u0142odzi\u0105, a oto Jezus kroczy sobie po wzburzonych falach jeziora, jak po najlepszej drodze. Jakby nic si\u0119 woko\u0142o niego nie dzia\u0142o, jakby nie by\u0142o burzy i silnego wiatru, jakby te \u017cywio\u0142y nie mia\u0142y nad nim \u017cadnej w\u0142adzy.<\/span><\/span><\/span><\/p>\n<p><span style=\"font-family: Times New Roman, serif;\"><span style=\"font-size: medium;\"><span style=\"font-size: large;\">Bo i nie maj\u0105!<\/span><\/span><\/span><\/p>\n<p><span style=\"font-family: Times New Roman, serif;\"><span style=\"font-size: medium;\"><span style=\"font-size: large;\">Czy i w naszym \u017cyciu nie jest cz\u0119sto w\u0142a\u015bnie tak, \u017ce nie umiemy sobie poradzi\u0107 z dobrze nam znanymi sprawami, \u017ce \u017cycie nas po prostu przerasta, \u017ce jest ponad nasze si\u0142y? Borykamy si\u0119 i szarpiemy i nic nam nie wychodzi. To co powinno by\u0107 dla nas znane i swojskie staje si\u0119 nagle obce i wrogie. I wtedy przychodzi Jezus, a my traktujemy go jak zjaw\u0119, jak ducha, jak\u00a0 nierealn\u0105 posta\u0107. I kiedy -jak do uczni\u00f3w w \u0142odzi- Jezus m\u00f3wi: &#8222;<\/span><span style=\"font-size: large;\"><i><b>Nie l\u0119kaj si\u0119, to ja jestem<\/b><\/i><\/span><span style=\"font-size: large;\">.&#8221; niedowierzamy i jak Piotr pr\u00f3bujemy zweryfikowa\u0107 te s\u0142owa, jak Piotr pr\u00f3bujemy maszerowa\u0107 po wodzie i jak Piotr toniemy, bo brak nam wiary, bo wiara nasza jest malutka.<\/span><\/span><\/span><\/p>\n<p><span style=\"font-family: Times New Roman, serif;\"><span style=\"font-size: medium;\"><span style=\"font-size: large;\">Zdarzenie opisane w dzisiejszej Ewangelii przestaje by\u0107 niezrozumia\u0142e i jedynie spektakularne, je\u015bli spojrzymy na\u0144 z tej perspektywy. Jezus, chce nam -tak jak i swoim uczniom &#8211; pokaza\u0107, \u017ce On naprawd\u0119 jest Panem \u015bwiata, Panem materii, Panem wszystkich \u017cywio\u0142\u00f3w i Panem naszego \u017cycia. Chce nas zapewni\u0107, \u017ce tam gdzie my nie umiemy sobie poradzi\u0107 i gdzie nasze wysi\u0142ki s\u0105 daremne lub nieskuteczne On potrafi dokona\u0107 rzeczy niezwyk\u0142ych. Chce nas upewni\u0107, \u017ce nie jest jedynie zjaw\u0105 ani duchem, \u017ce wchodz\u0105c w nasze \u017cycie nie chce nas straszy\u0107 i przera\u017ca\u0107, ale pom\u00f3c i uciszy\u0107 wszystkie burze i wszystkie niepokoje. Gdybym potrafi\u0142 Mu zaufa\u0107 i zawierzy\u0107, gdybym nie chcia\u0142 wystawia\u0107 Go na pr\u00f3b\u0119, gdybym mia\u0142 wi\u0119ksz\u0105 wiar\u0119 &#8230;<\/span><span style=\"font-size: large;\"><b>To i ja m\u00f3g\u0142bym chodzi\u0107 po wzburzonych falach jeziora &#8230;<\/b><\/span><\/span><\/span><\/p>\n","protected":false},"excerpt":{"rendered":"<p>Spektakularny cud chodzenia po wodzie, wydaje si\u0119 by\u0107 -co najmniej- niezrozumia\u0142y. Jezus krocz\u0105cy po wodzie jest dla -walcz\u0105cych z silnym wiatrem i wzburzonymi falami- uczni\u00f3w zjaw\u0105, przera\u017ca ich, nie wiedz\u0105 jak na to zareagowa\u0107. Oni, znaj\u0105cy si\u0119 przecie\u017c na swoim rzemio\u015ble nie mog\u0105 sobie poradzi\u0107 z \u0142odzi\u0105, a oto Jezus kroczy sobie po wzburzonych falach jeziora, jak po najlepszej drodze. Jakby nic si\u0119 woko\u0142o niego nie dzia\u0142o, jakby nie by\u0142o burzy i silnego wiatru, jakby te \u017cywio\u0142y nie mia\u0142y nad nim \u017cadnej w\u0142adzy. Bo i nie maj\u0105! Czy i w naszym \u017cyciu nie jest cz\u0119sto w\u0142a\u015bnie tak, \u017ce nie umiemy sobie poradzi\u0107 z dobrze nam znanymi sprawami, \u017ce \u017cycie nas po prostu przerasta, \u017ce jest ponad nasze si\u0142y? Borykamy si\u0119 i szarpiemy i nic nam nie wychodzi. To co powinno by\u0107 dla nas znane i swojskie staje si\u0119 nagle obce i wrogie. I wtedy przychodzi Jezus, a my traktujemy go&hellip;<\/p>\n<p> <a class=\"more-link\" href=\"http:\/\/www.franciszek-walcz.pl\/?p=9935\">Czytaj dalej<\/a><\/p>\n","protected":false},"author":1,"featured_media":0,"comment_status":"closed","ping_status":"open","sticky":false,"template":"","format":"standard","meta":{"footnotes":""},"categories":[1],"tags":[],"class_list":{"0":"post-9935","1":"post","2":"type-post","3":"status-publish","4":"format-standard","6":"category-uncategorized"},"brizy_media":[],"_links":{"self":[{"href":"http:\/\/www.franciszek-walcz.pl\/index.php?rest_route=\/wp\/v2\/posts\/9935","targetHints":{"allow":["GET"]}}],"collection":[{"href":"http:\/\/www.franciszek-walcz.pl\/index.php?rest_route=\/wp\/v2\/posts"}],"about":[{"href":"http:\/\/www.franciszek-walcz.pl\/index.php?rest_route=\/wp\/v2\/types\/post"}],"author":[{"embeddable":true,"href":"http:\/\/www.franciszek-walcz.pl\/index.php?rest_route=\/wp\/v2\/users\/1"}],"replies":[{"embeddable":true,"href":"http:\/\/www.franciszek-walcz.pl\/index.php?rest_route=%2Fwp%2Fv2%2Fcomments&post=9935"}],"version-history":[{"count":1,"href":"http:\/\/www.franciszek-walcz.pl\/index.php?rest_route=\/wp\/v2\/posts\/9935\/revisions"}],"predecessor-version":[{"id":9936,"href":"http:\/\/www.franciszek-walcz.pl\/index.php?rest_route=\/wp\/v2\/posts\/9935\/revisions\/9936"}],"wp:attachment":[{"href":"http:\/\/www.franciszek-walcz.pl\/index.php?rest_route=%2Fwp%2Fv2%2Fmedia&parent=9935"}],"wp:term":[{"taxonomy":"category","embeddable":true,"href":"http:\/\/www.franciszek-walcz.pl\/index.php?rest_route=%2Fwp%2Fv2%2Fcategories&post=9935"},{"taxonomy":"post_tag","embeddable":true,"href":"http:\/\/www.franciszek-walcz.pl\/index.php?rest_route=%2Fwp%2Fv2%2Ftags&post=9935"}],"curies":[{"name":"wp","href":"https:\/\/api.w.org\/{rel}","templated":true}]}}