{"id":9999,"date":"2020-08-14T14:40:59","date_gmt":"2020-08-14T12:40:59","guid":{"rendered":"http:\/\/www.franciszek-walcz.pl\/?p=9999"},"modified":"2020-08-14T14:42:08","modified_gmt":"2020-08-14T12:42:08","slug":"wniebowziecie-najswietszej-maryi-panny","status":"publish","type":"post","link":"http:\/\/www.franciszek-walcz.pl\/?p=9999","title":{"rendered":"Wniebowzi\u0119cie Naj\u015bwi\u0119tszej Maryi Panny"},"content":{"rendered":"<p><span style=\"font-family: Times New Roman, serif;\"><span style=\"font-size: medium;\"><span style=\"font-size: large;\"><b>W<\/b><\/span><span style=\"font-size: large;\">ejrza\u0142 Pan na uni\u017cenie S\u0142u\u017cebnicy swojej,<\/span><\/span><\/span><\/p>\n<p><span style=\"font-family: Times New Roman, serif;\"><span style=\"font-size: medium;\"><span style=\"font-size: large;\">i wielkie rzeczy uczyni\u0142 mi Wszechmocny.<\/span><\/span><\/span><\/p>\n<p><span style=\"font-family: Times New Roman, serif;\"><span style=\"font-size: medium;\"><span style=\"font-size: large;\">\u015awi\u0119te jest Jego imi\u0119<\/span><\/span><\/span><\/p>\n<p><span style=\"font-family: Times New Roman, serif;\"><span style=\"font-size: medium;\"><span style=\"font-size: large;\"><b>W<\/b><\/span><span style=\"font-size: large;\">niebowzi\u0119cie Naj\u015bwi\u0119tszej Maryi Panny jest \u015bwi\u0119tem o wielorakim znaczeniu. Przypomina nam ono najpierw o ko\u0144cu ziemskiego \u017cycia Niepokalanej Dziewicy. Ale te\u017c i o fakcie, \u017ce w\u0142a\u015bnie ze wzgl\u0119du na Jej Niepokalane Pocz\u0119cie koniec Jej \u017cycia nie jest naznaczony konieczno\u015bci\u0105 umierania. Nie by\u0142o w Niej najmniejszej zmazy grzechowej, B\u00f3g w swoim Mi\u0142osierdziu zachowa\u0142 J\u0105 od grzechu pierworodnego, ale i od konsekwencji tego grzechu, jakim jest \u015bmier\u0107. Nie zachowa\u0142 Jej od cierpienia, bo wraz z Synem swoim cierpia\u0142a na pewno, stoj\u0105c pod Jego krzy\u017cem. Zachowa\u0142 J\u0105 jednak od \u015bmierci, tej najbardziej bolesnej konsekwencji grzechu pierworodnego. Co wi\u0119cej skoro Maryja by\u0142a bez grzechu pocz\u0119ta, to nie musia\u0142a po \u015bmierci przechodzi\u0107 przez stan ostatecznego oczyszczenia czy pokuty w czy\u015b\u0107cu. Nic wi\u0119c nie sta\u0142o na przeszkodzie, aby Jej Syn, Jezus Chrystus wzi\u0105\u0142 J\u0105 z cia\u0142em i dusz\u0105 od razu do chwa\u0142y nieba. Zmartwychwsta\u0142y i wst\u0119puj\u0105cy do chwa\u0142y \u00a0Ojca Chrystus jest pierwszym, Kt\u00f3ry otwiera dla rodzaju ludzkiego niebo, zamkni\u0119te przez grzech pierworodny. Jest pierwszym, Kt\u00f3ry zasiada z cia\u0142em i dusz\u0105 po prawicy Ojca, b\u0119d\u0105c doskona\u0142ym Cz\u0142owiekiem i zarazem Synem Bo\u017cym. Jako druga zostaje tam wprowadzona z cia\u0142em i dusz\u0105 Jego Matka, Niepokalana Dziewica, ta, Kt\u00f3ra uprzedzaj\u0105c\u0105 \u0141ask\u0105 Bo\u017c\u0105 zosta\u0142a oczyszczona od wszelkiej zmazy i grzechu ju\u017c w chwili pocz\u0119cia i Kt\u00f3ra po zako\u0144czeniu ziemskiego \u017cycia by\u0142a w pe\u0142ni gotowa do uczestniczenia w chwale swojego Syna. Ten, Kt\u00f3ry \u201es<\/span><span style=\"font-size: large;\"><i>tr\u0105ca w\u0142adc\u00f3w z tronu, a wywy\u017csza pokornych &#8230;wejrza\u0142 na uni\u017cenie swojej s\u0142u\u017cebnicy<\/i><\/span><span style=\"font-size: large;\">\u201d i wywy\u017cszy\u0142 J\u0105 w Kr\u00f3lestwie swoim. Jej cia\u0142o nie dozna\u0142o ska\u017cenia \u015bmierci, bo nie by\u0142o ska\u017cone grzechem. Dozna\u0142o od razu i bez zw\u0142oki chwa\u0142y nieba, bo te\u017c by\u0142o \u015bwi\u0105tyni\u0105 Ducha \u015awi\u0119tego i z Jej Cia\u0142a Druga Osoba Tr\u00f3jcy \u015awi\u0119tej wzi\u0119\u0142a swoje ludzkie cia\u0142o.<\/span><\/span><\/span><\/p>\n<p><span style=\"font-family: Times New Roman, serif;\"><span style=\"font-size: medium;\"><span style=\"font-size: large;\">\u015awi\u0119to Wniebowzi\u0119cia przypomina nam jednak r\u00f3wnie\u017c o tym, \u017ce i nasze \u017cycie nie ko\u0144czy si\u0119 w chwili \u015bmierci, ale nasza przysz\u0142o\u015b\u0107 to chwa\u0142a nieba, pe\u0142ne (z cia\u0142em i dusz\u0105) uczestnictwo w Kr\u00f3lestwie Niebieskim. Jak bowiem pisze \u015bw. Pawe\u0142 w 1 li\u015bcie do Koryntian \u201e<\/span><span style=\"font-size: large;\"><i>jak w Adamie wszyscy umieraj\u0105, tak te\u017c w Chrystusie wszyscy b\u0119d\u0105 o\u017cywieni, &#8230; a jako ostatni wr\u00f3g, zostanie pokonana \u015bmier\u0107<\/i><\/span><span style=\"font-size: large;\">\u201d, aby wszyscy kt\u00f3rzy nale\u017c\u0105 do Chrystusa mogli uczestniczy\u0107 w chwale Kr\u00f3lestwa wraz ze swoim Zbawicielem i Jego Matk\u0105. Wprawdzie musimy przej\u015b\u0107 przez oczyszczanie \u015bmierci i czy\u015b\u0107ca, ale nie s\u0105 one finalnym stadium naszego \u017cycia. Jego ostatecznym wype\u0142nieniem jest w\u0142a\u015bnie \u017cycie wieczne.<\/span><\/span><\/span><\/p>\n<p><span style=\"font-family: Times New Roman, serif;\"><span style=\"font-size: medium;\"><span style=\"font-size: large;\">Jest jeszcze jeden element dzisiejszego \u015bwi\u0119ta warty refleksji. Maryja, pocz\u0119ta wprawdzie bez zmazy grzechu pierworodnego, zachowana \u0142ask\u0105 Bo\u017c\u0105 od jego konsekwencji, nie by\u0142a jednak biern\u0105 w czasie swojego ziemskiego \u017cycia. Ona doskonale wsp\u00f3\u0142pracowa\u0142a z \u0142ask\u0105 Bo\u017c\u0105, doskonale odpowiada\u0142a na Bo\u017ce wezwania i z doskona\u0142ym, pe\u0142nym pokory pos\u0142usze\u0144stwem szuka\u0142a wype\u0142nienia woli Bo\u017cej. Nie jest wi\u0119c Wniebowzi\u0119cie jedynie efektem Niepokalanego Pocz\u0119cia. Jest oczywi\u015bcie wynikiem ca\u0142kowicie darmowej \u0142aski Bo\u017cej, jak wszystko co cz\u0142owiek otrzymuje od Boga, ale te\u017c jest na pewno efektem wsp\u00f3\u0142pracy Maryi z t\u0105 Bo\u017c\u0105 \u0142ask\u0105. B\u00f3g udziela wszystkiego w spos\u00f3b ca\u0142kowicie darmowy i wolny, ale my przez wsp\u00f3\u0142prac\u0119 z Jego \u0142ask\u0105 przygotowujemy si\u0119 na przyj\u0119cie Jego dar\u00f3w, albo odrzucaj\u0105c Jego \u0141ask\u0119 odrzucamy Jego darmowe dary i czynimy samych siebie niezdolnych do ich przyj\u0119cia.<\/span><\/span><\/span><\/p>\n","protected":false},"excerpt":{"rendered":"<p>Wejrza\u0142 Pan na uni\u017cenie S\u0142u\u017cebnicy swojej, i wielkie rzeczy uczyni\u0142 mi Wszechmocny. \u015awi\u0119te jest Jego imi\u0119 Wniebowzi\u0119cie Naj\u015bwi\u0119tszej Maryi Panny jest \u015bwi\u0119tem o wielorakim znaczeniu. Przypomina nam ono najpierw o ko\u0144cu ziemskiego \u017cycia Niepokalanej Dziewicy. Ale te\u017c i o fakcie, \u017ce w\u0142a\u015bnie ze wzgl\u0119du na Jej Niepokalane Pocz\u0119cie koniec Jej \u017cycia nie jest naznaczony konieczno\u015bci\u0105 umierania. Nie by\u0142o w Niej najmniejszej zmazy grzechowej, B\u00f3g w swoim Mi\u0142osierdziu zachowa\u0142 J\u0105 od grzechu pierworodnego, ale i od konsekwencji tego grzechu, jakim jest \u015bmier\u0107. Nie zachowa\u0142 Jej od cierpienia, bo wraz z Synem swoim cierpia\u0142a na pewno, stoj\u0105c pod Jego krzy\u017cem. Zachowa\u0142 J\u0105 jednak od \u015bmierci, tej najbardziej bolesnej konsekwencji grzechu pierworodnego. Co wi\u0119cej skoro Maryja by\u0142a bez grzechu pocz\u0119ta, to nie musia\u0142a po \u015bmierci przechodzi\u0107 przez stan ostatecznego oczyszczenia czy pokuty w czy\u015b\u0107cu. Nic wi\u0119c nie sta\u0142o na przeszkodzie, aby Jej Syn, Jezus Chrystus wzi\u0105\u0142 J\u0105 z cia\u0142em i dusz\u0105 od razu&hellip;<\/p>\n<p> <a class=\"more-link\" href=\"http:\/\/www.franciszek-walcz.pl\/?p=9999\">Czytaj dalej<\/a><\/p>\n","protected":false},"author":1,"featured_media":0,"comment_status":"closed","ping_status":"open","sticky":false,"template":"","format":"standard","meta":{"footnotes":""},"categories":[1],"tags":[],"class_list":{"0":"post-9999","1":"post","2":"type-post","3":"status-publish","4":"format-standard","6":"category-uncategorized"},"brizy_media":[],"_links":{"self":[{"href":"http:\/\/www.franciszek-walcz.pl\/index.php?rest_route=\/wp\/v2\/posts\/9999","targetHints":{"allow":["GET"]}}],"collection":[{"href":"http:\/\/www.franciszek-walcz.pl\/index.php?rest_route=\/wp\/v2\/posts"}],"about":[{"href":"http:\/\/www.franciszek-walcz.pl\/index.php?rest_route=\/wp\/v2\/types\/post"}],"author":[{"embeddable":true,"href":"http:\/\/www.franciszek-walcz.pl\/index.php?rest_route=\/wp\/v2\/users\/1"}],"replies":[{"embeddable":true,"href":"http:\/\/www.franciszek-walcz.pl\/index.php?rest_route=%2Fwp%2Fv2%2Fcomments&post=9999"}],"version-history":[{"count":1,"href":"http:\/\/www.franciszek-walcz.pl\/index.php?rest_route=\/wp\/v2\/posts\/9999\/revisions"}],"predecessor-version":[{"id":10000,"href":"http:\/\/www.franciszek-walcz.pl\/index.php?rest_route=\/wp\/v2\/posts\/9999\/revisions\/10000"}],"wp:attachment":[{"href":"http:\/\/www.franciszek-walcz.pl\/index.php?rest_route=%2Fwp%2Fv2%2Fmedia&parent=9999"}],"wp:term":[{"taxonomy":"category","embeddable":true,"href":"http:\/\/www.franciszek-walcz.pl\/index.php?rest_route=%2Fwp%2Fv2%2Fcategories&post=9999"},{"taxonomy":"post_tag","embeddable":true,"href":"http:\/\/www.franciszek-walcz.pl\/index.php?rest_route=%2Fwp%2Fv2%2Ftags&post=9999"}],"curies":[{"name":"wp","href":"https:\/\/api.w.org\/{rel}","templated":true}]}}